{"id":471869,"date":"2023-01-21T23:21:45","date_gmt":"2023-01-21T23:21:45","guid":{"rendered":"https:\/\/dimensionturistica.com\/es\/?p=471869"},"modified":"2024-02-20T22:09:39","modified_gmt":"2024-02-20T22:09:39","slug":"joana-bonet-se-integra-en-la-vanguardia-para-impulsar-contenidos-de-moda-y-lujo","status":"publish","type":"post","link":"https:\/\/dimensionturistica.com\/es\/joana-bonet-se-integra-en-la-vanguardia-para-impulsar-contenidos-de-moda-y-lujo\/","title":{"rendered":"Joana Bonet se integra en \u2018La Vanguardia\u2019 para impulsar contenidos de moda y lujo"},"content":{"rendered":"<p> <br \/>\n<\/p>\n<div>\n<p data-gtm-element-container=\"modulo-texto-link\" class=\"paragraph\">El concepto de lujo se ha transformado a lo largo de la historia. Elegancia, confort y distinci\u00f3n son adjetivos que lo definen en su significado m\u00e1s cl\u00e1sico, pero, en los \u00faltimos tiempos, la de lujo es una thought que va mucho m\u00e1s all\u00e1. En un mundo donde el tiempo es oro, las distracciones constantes y el ruido son la banda sonora de nuestras vidas, vivir despacio, saboreando cada segundo dot\u00e1ndole de un significado especial, es un lujo. Descubrir sabores aut\u00e9nticos en aquello que comemos, viajar a lugares donde sorprendernos sin chocarnos constantemente con gente haci\u00e9ndose fotos para Instagram, es un lujo. Comprometernos con un estilo de vida sano, sostenible y conectado con las artes de todo tipo, es el verdadero lujo. La thought trasciende lo materials y si bien Shakira sabe muy bien el valor de un Ferrari o un Rolex, el verdadero lujo detr\u00e1s de estas marcas no reside en el precio que se paga por ellas, sino en la dedicaci\u00f3n y vocaci\u00f3n de sus creadores.<\/p>\n<p><span class=\"content-ad-module  hidden-ad\"><\/p>\n<p><span class=\"content-ad visible-xs roba-container  hidden-ad\"><span class=\"ad-unit roba\"><\/p>\n<p>                <\/span><\/span><span class=\"content-ad visible-md irr-container  hidden-ad\"><span class=\"ad-unit irr\"><\/p>\n<p>                <\/span><\/span><span class=\"content-html\"><span class=\"intext-md hidden-xs hidden-md\" w-constraint=\"\"\/><\/span><\/span><\/p>\n<p data-gtm-element-container=\"modulo-texto-link\" class=\"paragraph\"><i> Journal Way of life <\/i>, heredera del suplemento dominical, tiene vocaci\u00f3n de ser una herramienta de prescripci\u00f3n y buen gusto. Estimulante y cosmopolita, con un dise\u00f1o elegante y moderno en el que destaca la fotograf\u00eda de gran calidad, nos muestra c\u00f3mo vivimos, c\u00f3mo nos vestimos, c\u00f3mo comemos, viajamos, nos relacionamos, y qu\u00e9 debemos consumir en un mundo que nos est\u00e1 pidiendo a gritos que lo cuidemos. Que nos cuidemos.<\/p>\n<p><span class=\"content-subtitle \"><\/p>\n<h3 class=\"subtitle\">Periodista y escritora, Bonet ha dirigido varias revistas pioneras en moda, dise\u00f1o, lujo y estilo de vida<\/h3>\n<p><\/span><\/p>\n<p data-gtm-element-container=\"modulo-texto-link\" class=\"paragraph\">De la mano de su director, David Dusster,<i> Journal Way of life <\/i>es un \u00e9xito rotundo de audiencia. Cada mes, su edici\u00f3n digital es le\u00edda m\u00e1s de ocho millones de veces por m\u00e1s de cuatro millones de lectores. Algunos art\u00edculos, como la entrevista a Carmen Batet sobre el origen del dolor, generan cientos de miles de lecturas. Las casas que los mejores arquitectos del mundo dise\u00f1an para vivir ellos mismos, el lodge de Messi en Andorra o el secreto de la marca de ba\u00f1o que ama los cuerpos m\u00e1s diversos, son algunas de las historias que en el \u00faltimo mes han reunido a decenas de miles de lectores en b\u00fasqueda de un estilo de vida diferente, \u00fanico, reservado a aquellos que disfrutan el lujo de vivir.<\/p>\n<p><span class=\"content-ad-module  hidden-ad\"><\/p>\n<p><span class=\"content-ad visible-xs irr-container  hidden-ad\"><span class=\"ad-unit irr\"><\/p>\n<p>                <\/span><\/span><span class=\"content-html\"><span class=\"intext-xs hidden-xs hidden-md\" w-constraint=\"\"\/><\/span><\/span><\/p>\n<p data-gtm-element-container=\"modulo-texto-link\" class=\"paragraph\">Para impulsar a\u00fan m\u00e1s las ediciones de papel y digital, y para aportar sus conocimientos de forma transversal a toda<i> La Vanguardia <\/i>, Joana Bonet se ha incorporado desde el 1 de enero como directora de contenidos de Trend, Luxurious and Way of life. Joana es bien conocida por los lectores de<i> La Vanguardia <\/i>porque escribe en las p\u00e1ginas de Opini\u00f3n del diario desde el 2006 y dirigi\u00f3 la revista Trend &amp; Arts.<\/p>\n<p><span class=\"content-related content-border bottom-image \" data-gtm-element-container=\"modulo-noticias-relacionadas\"><\/p>\n<p>    <span class=\"module-details\"><br \/>\n        <span class=\"module-supra-title\"><\/p>\n<p>        <span>Lee tambi\u00e9n<\/span><\/span><\/p>\n<p>    <span class=\"module-author \">\u00a0\u00a0<\/span><\/span><\/p>\n<figure class=\"image-container\"><picture><source media=\"(min-width: 480px)\" data-srcset=\"https:\/\/www.lavanguardia.com\/files\/image_250_123\/files\/fp\/uploads\/2022\/12\/12\/639719af7e7ce.r_d.526-291.jpeg\"><img decoding=\"async\" data-full-src=\"https:\/\/www.lavanguardia.com\/uploads\/2022\/12\/12\/639719af7e7ce.jpeg\" alt=\"Martina Klein present\u00f3 la \u00faltima edici\u00f3n de los Premios Magazine Lifestyle\" src=\"https:\/\/www.lavanguardia.com\/files\/image_334_164\/files\/fp\/uploads\/2022\/12\/12\/639719af7e7ce.r_d.526-291.jpeg\" class=\"lazy\"\/><\/source><\/picture><\/figure>\n<p><\/span><\/p>\n<p data-gtm-element-container=\"modulo-texto-link\" class=\"paragraph\">Periodista y escritora, ha dirigido varias revistas pioneras en nuestro pa\u00eds en los \u00e1mbitos de la moda, el dise\u00f1o, el lujo y el estilo de vida, como<i> Girl <\/i>\u2013que cre\u00f3 con 25 a\u00f1os\u2013 modernizando el sector e incluyendo ecolog\u00eda y pol\u00edtica por primera vez en el g\u00e9nero. Posteriormente dirigi\u00f3 la revista<i> Marie Claire <\/i>\u2013durante 16 a\u00f1os\u2013, impuls\u00f3<i> Icon <\/i>como directora de Prisa Revistas y redefini\u00f3 la cabecera<i> Interiores <\/i>( Prisma). La vinculaci\u00f3n de la moda con la cultura y las artes es una de sus especialidades. Ha colaborado con los principales medios de comunicaci\u00f3n nacional,<i> Vogue Paris <\/i>y<i> Self-importance Truthful <\/i>; actualmente, en TV3 y<i> Julia en la Onda <\/i>. Entre sus libros destacan<i> Mi vida es m\u00eda <\/i>(en coautor\u00eda con Anna Caball\u00e9),<i> Hombres, materials wise, <\/i> <i> Las metrosesenta <\/i>,<i> Generaci\u00f3n par\u00e9ntesis <\/i>,<i> Fabulosas y rebeldes <\/i>. Su \u00faltimo libro:<i> Chac\u00f3n, la mujer que pudo gobernar <\/i>, sobre la exministra de Defensa socialista.<\/p>\n<p><span class=\"content-ad-module  hidden-ad\"><\/p>\n<p><span class=\"content-ad visible-xs roba-container  hidden-ad\"><span class=\"ad-unit roba\"><\/p>\n<p>                <\/span><\/span><\/span><\/p>\n<p data-gtm-element-container=\"modulo-texto-link\" class=\"paragraph\">Con su experiencia, ayudar\u00e1 a David Dusster en la direcci\u00f3n del<i> Journal Way of life <\/i>. Dusster ha sido reportero y viajero durante muchos a\u00f1os. Ha trabajado para medios como<i> Mundo Deportivo, <\/i> <i> Diari de Barcelona <\/i>y<i> P\u00fablico <\/i>y ha ejercido como consultor en la transformaci\u00f3n multimedia en diarios latinoamericanos como<i> El Deber. <\/i><\/p>\n<p><span class=\"content-subtitle \"><\/p>\n<h3 class=\"subtitle\">En las p\u00e1ginas impresas a todo coloration y una versi\u00f3n digital diaria se entrevista a personajes que marcan tendencia<\/h3>\n<p><\/span><\/p>\n<p data-gtm-element-container=\"modulo-texto-link\" class=\"paragraph\"><i> Journal Way of life <\/i>es un bar\u00f3metro que marca el estilo del mundo y ofrece una selecci\u00f3n muy cuidada de la actualidad. La moda, belleza y las nuevas expresiones de un lujo que invoca la sostenibilidad y promueve la artesan\u00eda son el n\u00facleo duro de una apuesta editorial que tambi\u00e9n se centra en la creaci\u00f3n art\u00edstica, el dise\u00f1o, la arquitectura, la gastronom\u00eda, el motor, la tecnolog\u00eda, los viajes con sus hoteles singulares y otras experiencias que disfrutan aquellos con mentes inquietas. Sus p\u00e1ginas impresas a todo coloration, y su versi\u00f3n digital diaria, est\u00e1n repletas de entrevistas a fondo con personajes que marcan tendencias. Protagonistas que mueven y cambian el mundo, y que m\u00e1s all\u00e1 de la fama y el \u00e9xito aspiran a vivir una vida plena, con sentido, que deje huella. P\u00e1ginas repletas de paisajes que nos hacen so\u00f1ar. P\u00e1ginas que no solo se leen, sino que se sienten e inspiran.<\/p>\n<p><span class=\"content-ad-module  hidden-ad\"><\/p>\n<p><span class=\"content-ad visible-xs roba-container  hidden-ad\"><span class=\"ad-unit roba\"><\/p>\n<p>                <\/span><\/span><\/span><\/p>\n<p data-gtm-element-container=\"modulo-texto-link\" class=\"paragraph\"><i> Journal Way of life <\/i>es femenino, masculino, fluido, sin etiquetas, diverso e inclusivo. Para lectores y lectoras curiosos y exigentes. Una apuesta editorial que trasciende las viejas etiquetas de las revistas de moda encorsetadas en \u201cpara mujeres\u201d o \u201cpara hombres\u201d.<\/p>\n<\/div>\n<p><script type=\"script\/gg\">\n  gg.didomi.doWhenConsent(!window.didomiBypass, 'c:facebooka-frU9M5JY', function () {\n  !function(f,b,e,v,n,t,s)\n  {if(f.fbq)return;n=f.fbq=function()\n  {n.callMethod? n.callMethod.apply(n,arguments):n.queue.push(arguments)};\n  if(!f._fbq)f._fbq=n;n.push=n;n.loaded=!0;n.version='2.0';\n  n.queue=[];t=b.createElement(e);t.async=!0;\n  t.src=v;s=b.getElementsByTagName(e)[0];\n  s.parentNode.insertBefore(t,s)}(window, document,'script',\n  'https:\/\/connect.facebook.net\/en_US\/fbevents.js');\n  fbq('init', '316167066837274');\n  fbq('track', 'PageView');\n  });\n<\/script><br \/>\n<br \/><\/p>\n<p><em> &#8221; Fuentes news.google.com &#8221; <\/em><\/p>\n","protected":false},"excerpt":{"rendered":"<p>El concepto de lujo se ha transformado a lo largo de la historia. Elegancia, confort y distinci\u00f3n son adjetivos que lo definen en su significado m\u00e1s cl\u00e1sico, pero, en los \u00faltimos tiempos, la de lujo es una thought que va mucho m\u00e1s all\u00e1. En un mundo donde el tiempo es oro, las distracciones constantes y [&hellip;]<\/p>\n","protected":false},"author":4,"featured_media":471870,"comment_status":"open","ping_status":"closed","sticky":false,"template":"","format":"standard","meta":{"om_disable_all_campaigns":false,"jnews-multi-image_gallery":[],"jnews_single_post":[],"jnews_primary_category":[],"jnews_social_meta":[],"footnotes":""},"categories":[144872],"tags":[],"class_list":["post-471869","post","type-post","status-publish","format-standard","has-post-thumbnail","hentry","category-fashion"],"_links":{"self":[{"href":"https:\/\/dimensionturistica.com\/es\/wp-json\/wp\/v2\/posts\/471869","targetHints":{"allow":["GET"]}}],"collection":[{"href":"https:\/\/dimensionturistica.com\/es\/wp-json\/wp\/v2\/posts"}],"about":[{"href":"https:\/\/dimensionturistica.com\/es\/wp-json\/wp\/v2\/types\/post"}],"author":[{"embeddable":true,"href":"https:\/\/dimensionturistica.com\/es\/wp-json\/wp\/v2\/users\/4"}],"replies":[{"embeddable":true,"href":"https:\/\/dimensionturistica.com\/es\/wp-json\/wp\/v2\/comments?post=471869"}],"version-history":[{"count":0,"href":"https:\/\/dimensionturistica.com\/es\/wp-json\/wp\/v2\/posts\/471869\/revisions"}],"wp:featuredmedia":[{"embeddable":true,"href":"https:\/\/dimensionturistica.com\/es\/wp-json\/wp\/v2\/media\/471870"}],"wp:attachment":[{"href":"https:\/\/dimensionturistica.com\/es\/wp-json\/wp\/v2\/media?parent=471869"}],"wp:term":[{"taxonomy":"category","embeddable":true,"href":"https:\/\/dimensionturistica.com\/es\/wp-json\/wp\/v2\/categories?post=471869"},{"taxonomy":"post_tag","embeddable":true,"href":"https:\/\/dimensionturistica.com\/es\/wp-json\/wp\/v2\/tags?post=471869"}],"curies":[{"name":"wp","href":"https:\/\/api.w.org\/{rel}","templated":true}]}}