{"id":471210,"date":"2023-01-20T19:43:47","date_gmt":"2023-01-20T19:43:47","guid":{"rendered":"https:\/\/dimensionturistica.com\/es\/?p=471210"},"modified":"2023-01-20T19:43:48","modified_gmt":"2023-01-20T19:43:48","slug":"estos-son-los-barrios-espanoles-que-estan-entre-los-mejores-de-europa-segun-the-telegraph","status":"publish","type":"post","link":"https:\/\/dimensionturistica.com\/es\/estos-son-los-barrios-espanoles-que-estan-entre-los-mejores-de-europa-segun-the-telegraph\/","title":{"rendered":"Estos son los barrios espa\u00f1oles que est\u00e1n entre los mejores de Europa, seg\u00fan &#8216;The Telegraph&#8217;"},"content":{"rendered":"<p> <br \/>\n<\/p>\n<div>\n<p class=\"paragraph \" id=\"m97-96-98\">Si queremos conocer de verdad una ciudad no es suficiente con quedarse en las zonas m\u00e1s tur\u00edsticas. Alejarse del bullicio y adentrarse en sus <strong>barrios<\/strong>, donde est\u00e1n los aut\u00e9nticos locales, nos descubre la verdadera esencia de las urbes. En este sentido, &#8216;The Telegraph&#8217; ha elaborado un listado con los<strong> 10 mejores barrios de Europa<\/strong> y, como no pod\u00eda ser de otra manera, dos vecindarios espa\u00f1oles se han colado en la clasificaci\u00f3n.<\/p>\n<h2 id=\"m102-101-103\">Conde Duque (Madrid)<\/h2>\n<p class=\"paragraph \" id=\"m107-106-108\">Un barrio en el mism\u00edsimo centro, pero a la vez algo desconocido, as\u00ed es Conde Duque. Este vecindario est\u00e1 &#8220;dominado por el enorme centro cultural <strong>Conde Duque<\/strong>, ubicado en un cuartel del siglo XVIII que ocupa una manzana entera detr\u00e1s de la Plaza de Espa\u00f1a&#8221;, destaca el medio ingl\u00e9s. Adem\u00e1s, aqu\u00ed tambi\u00e9n encontraremos, peque\u00f1as tiendas, bares y galer\u00edas.<\/p>\n<div id=\"m112-111-113\">\n<figure class=\"article-picture\">\n        <img decoding=\"async\" loading=\"lazy\" width=\"656\" height=\"558\" alt=\"Centro Cultural Conde Duque.\" src=\"https:\/\/imagenes.20minutos.es\/files\/image_656_558\/uploads\/imagenes\/2022\/11\/17\/fotografia-conde-duque.jpeg\" data-full-src=\"https:\/\/www.20minutos.es\/uploads\/imagenes\/2022\/11\/17\/fotografia-conde-duque.jpeg\"\/><figcaption id=\"m123-122-124\">Centro Cultural Conde Duque.<\/figcaption><span class=\"author \" id=\"m128-127-129\">hdesislava \/ iStock<\/span><\/figure>\n<\/div>\n<p class=\"paragraph \" id=\"m139-138-140\">Desde The Telegraph recomiendan parar a recargar pilas en <strong>ULFLTRD Espresso<\/strong>, donde disfrutar de cerveza de calidad, o bien en <strong>Caf\u00e9 Moderno<\/strong>, ubicado en la Plaza de las Comendadoras. Otras opciones son <strong>Frutas Prohibidas<\/strong>, que ofrece ricos zumos y platos veganos, o la Taberna La Dichosa, &#8220;una de las favoritas de los locales&#8221;, se\u00f1ala.<\/p>\n<article class=\"media media-integrated \" id=\"m144-143-145\">\n<div>\n<figure class=\"figure-100\">\n            <a rel=\"nofollow noopener\" target=\"_blank\" href=\"https:\/\/www.20minutos.es\/viajes\/destinos\/cupula-mas-grande-espana-iglesia-poco-conocida-madrid-5091684\/\"><br \/>\n                <span class=\"accessTypeIcon withImage\"><em class=\"member boxIcon\"\/><\/span><br \/>\n                <img decoding=\"async\" loading=\"lazy\" width=\"318\" height=\"178\" alt=\"C\u00fapula de la Real Bas\u00edlica de San Francisco el Grande.\" src=\"https:\/\/imagenes.20minutos.es\/files\/image_318_v3\/uploads\/imagenes\/2023\/01\/12\/fotografia-real-basilica-de-san-francisco-el-grande.jpeg\" data-full-src=\"https:\/\/www.20minutos.es\/uploads\/imagenes\/2023\/01\/12\/fotografia-real-basilica-de-san-francisco-el-grande.jpeg\"\/><br \/>\n            <\/a><br \/>\n        <\/figure>\n<\/p><\/div>\n<\/article>\n<p class=\"paragraph \" id=\"m179-178-180\">Por otro lado, si buscamos un alojamiento, las opciones recomendadas son el <strong>lodge Riu Plaza Espa\u00f1a<\/strong>, desde donde contemplar una incre\u00edble vista de la ciudad, incluido el barrio de Conde Duque. Pero si buscamos algo m\u00e1s \u00edntimo, una buena apuesta son los apartamentos <strong>Eric V\u00f6kel Madrid Suites<\/strong>.<\/p>\n<div id=\"m184-183-185\">\n<figure class=\"article-picture\">\n        <img decoding=\"async\" loading=\"lazy\" width=\"656\" height=\"558\" alt=\"Barrio de Conde Duque.\" src=\"https:\/\/imagenes.20minutos.es\/files\/image_656_558\/uploads\/imagenes\/2023\/01\/20\/fotografia-conde-duque.jpeg\" data-full-src=\"https:\/\/www.20minutos.es\/uploads\/imagenes\/2023\/01\/20\/fotografia-conde-duque.jpeg\"\/><figcaption id=\"m195-194-196\">Barrio de Conde Duque.<\/figcaption><span class=\"author \" id=\"m200-199-201\">SAMI AUVINEN \/ iStock<\/span><\/figure>\n<\/div>\n<h2 id=\"m211-210-212\">Sants (Barcelona)<\/h2>\n<p class=\"paragraph \" id=\"m216-215-217\">&#8220;Barcelona tiene ya pocos rincones ocultos. Sin embargo, a la vista de todos est\u00e1 <strong>Sants<\/strong>, transitado por miles de personas cada d\u00eda gracias a su nudo de transporte subterr\u00e1neo, pero visitado por pocos&#8230; por ahora&#8221;, explica el medio ingl\u00e9s. Adem\u00e1s, este vecindario del centro de la Ciudad Condal va a experimentar un verdadero cambio urban\u00edstico, que empezar\u00e1 por la construcci\u00f3n de un <strong>edificio futurista<\/strong> que acoger\u00e1 la estaci\u00f3n de tren y metro, as\u00ed como extensas zonas verdes.<\/p>\n<div id=\"m221-220-222\">\n<figure class=\"article-picture\">\n        <img decoding=\"async\" loading=\"lazy\" width=\"656\" height=\"558\" alt=\"Parque Industrial en el barrio de Sants.\" src=\"https:\/\/imagenes.20minutos.es\/files\/image_656_558\/uploads\/imagenes\/2023\/01\/20\/fotografia-barrio-de-sants.jpeg\" data-full-src=\"https:\/\/www.20minutos.es\/uploads\/imagenes\/2023\/01\/20\/fotografia-barrio-de-sants.jpeg\"\/><figcaption id=\"m232-231-233\">Parque Industrial en el barrio de Sants.<\/figcaption><span class=\"author \" id=\"m237-236-238\">Toni Sanchez Poy \/ iStock<\/span><\/figure>\n<\/div>\n<p class=\"paragraph \" id=\"m248-247-249\">Para una parada gastron\u00f3mica, recomienda la vermuter\u00eda <strong>La Mundana<\/strong>, famosa por sus tapas; <strong>NE\u00d8 Espresso Home<\/strong>, con un concepto vegano de cero residuos, y <strong>Homo Sibaris<\/strong>, perfecta para los amantes de la cerveza artesanal.<\/p>\n<article class=\"media media-integrated \" id=\"m253-252-254\">\n<div>\n<figure class=\"figure-100\">\n            <a rel=\"nofollow noopener\" target=\"_blank\" href=\"https:\/\/www.20minutos.es\/viajes\/destinos\/montana-sal-mina-cataluna-crece-dia-cardona-5093762\/\"><br \/>\n                <span class=\"accessTypeIcon withImage\"><em class=\"member boxIcon\"\/><\/span><br \/>\n                <img decoding=\"async\" loading=\"lazy\" width=\"318\" height=\"178\" alt=\"Monta\u00f1a de Sal.\" src=\"https:\/\/imagenes.20minutos.es\/files\/image_318_v3\/uploads\/imagenes\/2023\/01\/19\/fotografia-montana-de-sal-2.jpeg\" data-full-src=\"https:\/\/www.20minutos.es\/uploads\/imagenes\/2023\/01\/19\/fotografia-montana-de-sal-2.jpeg\"\/><br \/>\n            <\/a><br \/>\n        <\/figure>\n<\/p><\/div>\n<\/article>\n<p class=\"paragraph \" id=\"m287-286-288\">Finalmente, para pasar unas noches en el barrio de Sants, nada mejor que el lodge <strong>Nobu<\/strong>. Este alojamiento presenta un bonito dise\u00f1o inspirado en la cultura japonesa y, es sus habitaciones m\u00e1s altas, podremos disfrutar de una espectacular panor\u00e1mica de la ciudad.<\/p>\n<p class=\"paragraph \" id=\"m292-291-293\"><a rel=\"nofollow noopener\" target=\"_blank\" href=\"https:\/\/www.20minutos.es\/estaticos\/newsletter-viajes\/\">Ap\u00fantate a la newsletter y recibe en tu correo las mejores propuestas para viajar por el mundo.<\/a><\/p>\n<\/div>\n\n<p><em> &#8221; Fuentes news.google.com &#8221; <\/em><\/p>\n","protected":false},"excerpt":{"rendered":"<p>Si queremos conocer de verdad una ciudad no es suficiente con quedarse en las zonas m\u00e1s tur\u00edsticas. Alejarse del bullicio y adentrarse en sus barrios, donde est\u00e1n los aut\u00e9nticos locales, nos descubre la verdadera esencia de las urbes. En este sentido, &#8216;The Telegraph&#8217; ha elaborado un listado con los 10 mejores barrios de Europa y, [&hellip;]<\/p>\n","protected":false},"author":4,"featured_media":471211,"comment_status":"open","ping_status":"closed","sticky":false,"template":"","format":"standard","meta":{"om_disable_all_campaigns":false,"jnews-multi-image_gallery":[],"jnews_single_post":[],"jnews_primary_category":[],"jnews_social_meta":[],"footnotes":""},"categories":[39],"tags":[2917,1228,770,1653,700,545],"class_list":["post-471210","post","type-post","status-publish","format-standard","has-post-thumbnail","hentry","category-viajes","tag-barcelona","tag-destinos","tag-espana","tag-europa","tag-madrid","tag-viajes"],"_links":{"self":[{"href":"https:\/\/dimensionturistica.com\/es\/wp-json\/wp\/v2\/posts\/471210","targetHints":{"allow":["GET"]}}],"collection":[{"href":"https:\/\/dimensionturistica.com\/es\/wp-json\/wp\/v2\/posts"}],"about":[{"href":"https:\/\/dimensionturistica.com\/es\/wp-json\/wp\/v2\/types\/post"}],"author":[{"embeddable":true,"href":"https:\/\/dimensionturistica.com\/es\/wp-json\/wp\/v2\/users\/4"}],"replies":[{"embeddable":true,"href":"https:\/\/dimensionturistica.com\/es\/wp-json\/wp\/v2\/comments?post=471210"}],"version-history":[{"count":0,"href":"https:\/\/dimensionturistica.com\/es\/wp-json\/wp\/v2\/posts\/471210\/revisions"}],"wp:featuredmedia":[{"embeddable":true,"href":"https:\/\/dimensionturistica.com\/es\/wp-json\/wp\/v2\/media\/471211"}],"wp:attachment":[{"href":"https:\/\/dimensionturistica.com\/es\/wp-json\/wp\/v2\/media?parent=471210"}],"wp:term":[{"taxonomy":"category","embeddable":true,"href":"https:\/\/dimensionturistica.com\/es\/wp-json\/wp\/v2\/categories?post=471210"},{"taxonomy":"post_tag","embeddable":true,"href":"https:\/\/dimensionturistica.com\/es\/wp-json\/wp\/v2\/tags?post=471210"}],"curies":[{"name":"wp","href":"https:\/\/api.w.org\/{rel}","templated":true}]}}