{"id":471207,"date":"2023-01-20T19:41:36","date_gmt":"2023-01-20T19:41:36","guid":{"rendered":"https:\/\/dimensionturistica.com\/es\/?p=471207"},"modified":"2023-01-20T19:41:36","modified_gmt":"2023-01-20T19:41:36","slug":"reserva-de-sian-kaan-cumple-37-anos-afectada-por-la-privatizacion-de-playas","status":"publish","type":"post","link":"https:\/\/dimensionturistica.com\/es\/reserva-de-sian-kaan-cumple-37-anos-afectada-por-la-privatizacion-de-playas\/","title":{"rendered":"Reserva de Sian-Kaan cumple 37 a\u00f1os afectada por la privatizaci\u00f3n de playas"},"content":{"rendered":"<p> <br \/>\n<\/p>\n<div id=\"cuerpo-nota\">\n<p>Al cumplirse 37 a\u00f1os del decreto por el que se declar\u00f3 como \u00e1rea que requiere la protecci\u00f3n, mejoramiento, conservaci\u00f3n y restauraci\u00f3n de sus condiciones ambientales, la superficie denominada <strong>Reserva de la Bi\u00f3sfera Sian Ka\u2019an<\/strong>, este \u201cpedazo de cielo\u201d hoy sufre un c\u00e1ncer que de no ser atendido por las autoridades ser\u00e1 irreversible: la privatizaci\u00f3n de sus playas.<\/p>\n<p>En un recorrido por este sitio que comparten los municipios de <strong>Tulum <\/strong>y <strong>Felipe Carrillo<\/strong> <strong>Puerto <\/strong>se pudo constatar c\u00f3mo diversos particulares se han apropiado de la playa, cercado y construido diversos inmuebles y espacios tur\u00edsticos, dejando muestras claras del da\u00f1o que ocasionan, mediante la generaci\u00f3n de residuos s\u00f3lidos, pesca y caza ilegal.<\/p>\n<aside class=\"htmlinline\"\/>\n<aside class=\"relacionadas con-foto\"><strong class=\"relacionadas-titulo-gral\">Noticias Relacionadas<\/strong><\/aside>\n<p class=\"image-align-center\"><img decoding=\"async\" alt=\"\" height=\"400\" src=\"https:\/\/news.google.com\/u\/fotografias\/m\/2023\/1\/20\/f768x400-252541_296444_5050.jpg\" width=\"768\"\/><\/p>\n<p>Desde el famoso <strong>Arco Maya<\/strong> sobre la carretera costera (zona tur\u00edstica de <strong>Tulum<\/strong>) hasta el Puente de Boca Paila, hay decenas de propiedades donde la actividad tur\u00edstica es clara.<\/p>\n<aside class=\"htmlinline\"\/>\n<aside class=\"relacionadas con-foto\"><strong class=\"relacionadas-titulo-gral\">Noticias Relacionadas<\/strong><\/aside>\n<p>La <strong>Comisi\u00f3n Nacional de \u00c1reas Naturales Protegidas<\/strong> (Conanp) observa \u00fanicamente sin poder actuar, por la falta de recursos econ\u00f3micos y humanos.<\/p>\n<p>Llama la atenci\u00f3n que durante el 2022, la <strong>Secretar\u00eda de Medio Ambiente y Recursos naturales<\/strong> (Semarnat) no autoriz\u00f3 ning\u00fan proyecto, de los muchos que se presentaron para construir supuestas viviendas, villas y hasta zonas de tenting.<\/p>\n<p>Sin embargo, el turismo lleg\u00f3 a este gran pulm\u00f3n y orgullo de <strong>Quintana Roo<\/strong>, que sufre el arribo masivo de sargazo y, por supuesto, el recale de basura que llega proveniente de diversos pa\u00edses del planeta.<\/p>\n<p>Hay que recordar que fue hace 37 a\u00f1os cuando, como resultado de los planes del Gobierno del entonces Presidente Miguel De la Madrid Hurtado, en su estrategia en materia de ecolog\u00eda, planteaba como tema prioritario el establecimiento de medidas preventivas que regularan el aprovechamiento integral y racional de los recursos naturales, as\u00ed como acciones orientadas a la conservaci\u00f3n y enriquecimiento de los recursos naturales renovables que son parte del patrimonio de la naci\u00f3n, y el dise\u00f1o de un sistema nacional de \u00e1reas naturales protegidas, parques y reservas representativas de los principales ecosistemas del pa\u00eds, con el prop\u00f3sito de conocer, estudiar y preservar los recursos naturales renovables; es as\u00ed como se da el nacimiento de la <strong>Reserva de la Biosfera de Sian Ka\u2019an<\/strong>.\n<\/p>\n<p class=\"image-align-center\"><img decoding=\"async\" alt=\"\" height=\"400\" src=\"https:\/\/news.google.com\/u\/fotografias\/m\/2023\/1\/20\/f768x400-252542_296445_5050.jpg\" width=\"768\"\/>\n<\/p>\n<p><strong>Los or\u00edgenes<\/strong>\n<\/p>\n<p>El decreto del a\u00f1o 1986 planteaba la necesidad de proteger el patrimonio de la flora y fauna del Estado de <strong>Quintana Roo<\/strong>, as\u00ed como promover la conservaci\u00f3n de sus ecosistemas representativos, cuya fragilidad lo hac\u00eda inclined de alteraci\u00f3n por las actividades humanas. Fue entonces que el <strong>Centro de Investigaciones de Quintana Roo<\/strong> y la <strong>Secretar\u00eda de Desarrollo Urbano y Ecolog\u00eda<\/strong> concluyeron que el \u00e1rea geogr\u00e1fica que cubre la regi\u00f3n de <strong>Sian Ka\u2019an<\/strong> representaba una gran variedad de ambientes, como selvas medianas y bajas subperennifolia y bajas caducifolias; manglar, t\u00edntales marismas y petenes; y los ecosistemas acu\u00e1ticos formados por lagunas, bah\u00edas, dunas, cayos y arrecifes, que a su vez albergaban una enorme riqueza de fauna.\n<\/p>\n<p class=\"image-align-center\"><img decoding=\"async\" alt=\"\" height=\"400\" src=\"https:\/\/news.google.com\/u\/fotografias\/m\/2023\/1\/20\/f768x400-252540_296443_5050.jpg\" width=\"768\"\/>\n<\/p>\n<p>Se declar\u00f3 como \u00e1rea que requiere la protecci\u00f3n, mejoramiento, conservaci\u00f3n y restauraci\u00f3n de sus condiciones ambientales la superficie de 528 mil 147 hect\u00e1reas; adem\u00e1s establecieron dentro de estas reservas tres zonas n\u00facleos, denominadas Muyil, Cayo Culebras y Uaymil, con superficies de 33 mil 418 hect\u00e1reas, 6 mil 105 hect\u00e1reas y 240 mil 180 hect\u00e1reas; y una zona de amortiguamiento con superficie de 248 mil 443 hect\u00e1reas.\n<\/p>\n<p><strong>S\u00f3lo dos guardias de la Conanp<\/strong>\n<\/p>\n<p>A 37 a\u00f1os, hoy las condiciones son muy diferentes, pues para empezar, la zona costera de <strong>Tulum<\/strong>, que en esa \u00e9poca period como una extensi\u00f3n de este para\u00edso, es ahora una zona de bares, restaurantes, hoteles y diversos establecimientos que llegan hasta la puerta, el arco maya que simboliza el acceso a<strong> Sian Ka\u2019an<\/strong>.\n<\/p>\n<p>Aqu\u00ed, apenas dos guardias de la <strong>Conanp <\/strong>se encargan de verificar el ingreso de las personas.\n<\/p>\n<p>Posteriormente, contin\u00faan las mallas, cercas y alambradas que protegen la parte que va hacia la playa de los visitantes.\n<\/p>\n<p>Diversos carteles dejan en claro que son propiedad privada; algunos incluso ofrecen en venta los predios, y otros con sellos de clausura de la <strong>Procuradur\u00eda Federal de Protecci\u00f3n al Ambiente<\/strong> (Profepa) o de aseguramiento por parte de la <strong>Fiscal\u00eda Common del Estado<\/strong> (FGE); lo que significa que ese \u201ccachito de cielo\u201d es propiedad de alguien.\n<\/p>\n<p class=\"image-align-center\"><img decoding=\"async\" alt=\"\" height=\"400\" src=\"https:\/\/news.google.com\/u\/fotografias\/m\/2023\/1\/20\/f768x400-252538_296441_5050.jpg\" width=\"768\"\/>\n<\/p>\n<p>Villa Future, Casa Ni\u00f1os, Boca Paila Fishing Lodge, Casa Almaviva, son algunos de los nombres de esas propiedades que impiden el acceso a la playa, pero que tienen toda una infraestructura para atender visitantes que, en algunos puntos se observaba entrar o salir; incluso hab\u00eda veh\u00edculos de agencias de viaje estacionados.\n<\/p>\n<p>Afuera de estas propiedades, la basura acumulada en bolsas de pl\u00e1stico, como esperando que un cami\u00f3n recolector llegue por ellas, son la evidencia de la huella que el mismo hombre deja a lo largo y ancho del planeta, la contaminaci\u00f3n.\n<\/p>\n<p>En el famoso puente de Boca Paila, donde la laguna se junta con el mar, la marca se hac\u00eda m\u00e1s evidente. Pescadores que llegan a instalarse bajo este puente ya hicieron un basurero, principalmente con latas de cerveza, bolsas de hielo colgando entre las ramas de los \u00e1rboles y hasta chanclas que alguno habr\u00e1 olvidado.\n<\/p>\n<p>Este puente, que tambi\u00e9n muestra un desgaste por el paso continuo de veh\u00edculos, lejos de ser un atractivo visible, se vuelve un riesgo y, no obstante, ah\u00ed se ponen tambi\u00e9n las personas a tirar anzuelo, pese a que est\u00e1 prohibida tal actividad. Aunque, sin ning\u00fan aviso de prohibici\u00f3n que se los recuerde.\n<\/p>\n<p>El camino a <strong>Punta Allen<\/strong>, en la Delegaci\u00f3n Rojo G\u00f3mez se complica m\u00e1s por las condiciones en que se encuentra, y aun as\u00ed se observan villas y ranchos, aunque ya no como en el primer tramo, que las construcciones est\u00e1n contiguas.\n<\/p>\n<p class=\"image-align-center\"><img decoding=\"async\" alt=\"\" height=\"400\" src=\"https:\/\/news.google.com\/u\/fotografias\/m\/2023\/1\/20\/f768x400-252538_296441_5050.jpg\" width=\"768\"\/>\n<\/p>\n<p>En esta parte ya hay accesos a la playa, una playa que muestra el destino closing de mucho pl\u00e1stico que el mar arroj\u00f3 despu\u00e9s de un largo viaje; as\u00ed como el sargazo, que ninguna autoridad pudo retirar.\n<\/p>\n<p>Por la parte continental, las lagunas son las que, afortunadamente, a\u00fan no muestran este lado agresivo del hombre, pero ya est\u00e1n amenazadas. Latas de cerveza o refrescos, bolsas de alguna fritura, colillas de cigarro pueden observarse en los atracaderos de algunas embarcaciones que navegan estos cuerpos de agua. Eso s\u00ed, el agua de las lagunas a\u00fan es cristalina, libre de estos desperdicios pl\u00e1sticos.\n<\/p>\n<p>En el 2022, la Semarnat rechaz\u00f3 un complete de 15 solicitudes de particulares y empresas que presentaron proyectos como Villas Punta San Juan, Mirage Sian Ka\u2019an, Casa McCune-Quinn, por citar algunas; y quedan pendientes de resolutivo cinco proyectos como Casa Max, que promueve una fiduciaria, o Playa Fleming, que pretende explotar una zona de casi 12 mil metros cuadrados.\n<\/p>\n<p>De las construcciones que se esconden entre la selva, hay algunas que ya rebasan los dos, tres niveles, retando a cualquier autoridad.\n<\/p>\n<p>As\u00ed, <strong>Sian Ka\u2019an<\/strong> se mantiene como uno de los lugares m\u00e1s paradisiacos de <strong>Quintana Roo<\/strong> y <strong>M\u00e9xico<\/strong>, pero el turismo parece una enfermedad que quisiera acabarlo.\n<\/p>\n<p>S\u00edguenos en <a rel=\"nofollow noopener\" target=\"_blank\" href=\"https:\/\/news.google.com\/publications\/CAAqBwgKMMLDmwswhs6zAw?oc=3&amp;ceid=MX%3Aes-419&amp;hl=es-419&amp;gl=MX&amp;fbclid=IwAR1hHmWLrQ-Fncl_2YYaX9PDtAJ2uYW3J4tY5Y2ZCWeMqe_i-qn2iitn_FQ\">Google News<\/a> y recibe la mejor informaci\u00f3n\n<\/p>\n<p>NR<\/p>\n<\/div>\n<p><script>\n      window.fbAsyncInit = function() {\n        FB.init({\n          appId      : '{292213061927134}',\n          status     : true,\n\t\t  version:  'v2.7',\n          xfbml      : true\n        });\nFB.Event.subscribe('comment.create', function (response) {grabacom_compa(368001)});\t\nFB.Event.subscribe('comment.remove',  function (response) {grabacom_compa(368001)});\t\nFB.Event.subscribe('edge.create',  function (response) {grabacom_compa(368001)});\nFB.Event.subscribe('edge.remove',  function (response) {grabacom_compa(368001)});\n      };\n(function(d, s, id) {\n  var js, fjs = d.getElementsByTagName(s)[0];\n  if (d.getElementById(id)) return;\n  js = d.createElement(s); js.id = id;\n  js.src = \"\/\/connect.facebook.net\/es_LA\/sdk.js#xfbml=1&version=v2.7&appId=292213061927134\";\n  fjs.parentNode.insertBefore(js, fjs);\n}(document, 'script', 'facebook-jssdk'));\n    <\/script><br \/>\n<br \/><\/p>\n<p><em> &#8221; Fuentes news.google.com &#8221; <\/em><\/p>\n","protected":false},"excerpt":{"rendered":"<p>Al cumplirse 37 a\u00f1os del decreto por el que se declar\u00f3 como \u00e1rea que requiere la protecci\u00f3n, mejoramiento, conservaci\u00f3n y restauraci\u00f3n de sus condiciones ambientales, la superficie denominada Reserva de la Bi\u00f3sfera Sian Ka\u2019an, este \u201cpedazo de cielo\u201d hoy sufre un c\u00e1ncer que de no ser atendido por las autoridades ser\u00e1 irreversible: la privatizaci\u00f3n de [&hellip;]<\/p>\n","protected":false},"author":4,"featured_media":471208,"comment_status":"open","ping_status":"closed","sticky":false,"template":"","format":"standard","meta":{"om_disable_all_campaigns":false,"jnews-multi-image_gallery":[],"jnews_single_post":[],"jnews_primary_category":[],"jnews_social_meta":[],"footnotes":""},"categories":[40],"tags":[2168,61881,61882,544],"class_list":["post-471207","post","type-post","status-publish","format-standard","has-post-thumbnail","hentry","category-industria","tag-contaminacion","tag-privatizacion-de-playas","tag-reserva-de-sian-ka","tag-turismo"],"_links":{"self":[{"href":"https:\/\/dimensionturistica.com\/es\/wp-json\/wp\/v2\/posts\/471207","targetHints":{"allow":["GET"]}}],"collection":[{"href":"https:\/\/dimensionturistica.com\/es\/wp-json\/wp\/v2\/posts"}],"about":[{"href":"https:\/\/dimensionturistica.com\/es\/wp-json\/wp\/v2\/types\/post"}],"author":[{"embeddable":true,"href":"https:\/\/dimensionturistica.com\/es\/wp-json\/wp\/v2\/users\/4"}],"replies":[{"embeddable":true,"href":"https:\/\/dimensionturistica.com\/es\/wp-json\/wp\/v2\/comments?post=471207"}],"version-history":[{"count":0,"href":"https:\/\/dimensionturistica.com\/es\/wp-json\/wp\/v2\/posts\/471207\/revisions"}],"wp:featuredmedia":[{"embeddable":true,"href":"https:\/\/dimensionturistica.com\/es\/wp-json\/wp\/v2\/media\/471208"}],"wp:attachment":[{"href":"https:\/\/dimensionturistica.com\/es\/wp-json\/wp\/v2\/media?parent=471207"}],"wp:term":[{"taxonomy":"category","embeddable":true,"href":"https:\/\/dimensionturistica.com\/es\/wp-json\/wp\/v2\/categories?post=471207"},{"taxonomy":"post_tag","embeddable":true,"href":"https:\/\/dimensionturistica.com\/es\/wp-json\/wp\/v2\/tags?post=471207"}],"curies":[{"name":"wp","href":"https:\/\/api.w.org\/{rel}","templated":true}]}}