{"id":470937,"date":"2023-01-20T16:57:24","date_gmt":"2023-01-20T16:57:24","guid":{"rendered":"https:\/\/dimensionturistica.com\/es\/?p=470937"},"modified":"2023-01-20T16:57:24","modified_gmt":"2023-01-20T16:57:24","slug":"rtve-y-turespana-produciran-la-serie-de-viajes-esto-es-espana","status":"publish","type":"post","link":"https:\/\/dimensionturistica.com\/es\/rtve-y-turespana-produciran-la-serie-de-viajes-esto-es-espana\/","title":{"rendered":"RTVE y Turespa\u00f1a producir\u00e1n la serie de viajes &#8216;Esto es Espa\u00f1a"},"content":{"rendered":"<p> <br \/>\n<\/p>\n<div>\n<p>                            <span class=\"readtime\" data-numwords=\"471\"><br \/>\n                                <span class=\"icon-rtve crono\" role=\"contentinfo\" aria-label=\"Tiempo de lectura:\"\/><br \/>\n                                <strong\/><br \/>\n                            <\/span><\/p>\n<p>En el marco de FITUR 2023, la ministra de Industria, Comercio y Turismo, <strong>Reyes Maroto<\/strong>; el director de Educaci\u00f3n, Diversidad Cultural e Internacional de RTVE, <strong>Ignacio Elguero<\/strong>, y el director common del Instituto de Turismo de Espa\u00f1a (Turespa\u00f1a), <strong>Miguel Sanz<\/strong>, han presentado el proyecto <strong>\u2018Esto es Espa\u00f1a\u2019<\/strong>, una serie documental de 13 cap\u00edtulos de 30 minutos de duraci\u00f3n cada uno, para conocer y fomentar el nuevo turismo que ofrece Espa\u00f1a, a trav\u00e9s de TVE Internacional.<\/p>\n<p>En la presentaci\u00f3n del proyecto, <strong>Reyes Maroto<\/strong> ha destacado que \u201cno hay mejor plataforma que TVE Internacional para llegar a todos los hogares y que se animen a viajar a Espa\u00f1a. Para m\u00ed, es un orgullo seguir trabajando para que las personas se enamoren de nuestro pa\u00eds\u201d.<\/p>\n<p>Por parte de RTVE, <strong>Ignacio Elguero<\/strong> ha manifestado que esta serie \u201cmostrar\u00e1 una Espa\u00f1a m\u00edtica y \u00fanica, que no t\u00f3pica, a trav\u00e9s de la literatura, las artes, la arquitectura, el paisaje y el paisanaje. Una Espa\u00f1a que ofrece una rica diversidad como pocos pa\u00edses tienen\u201d.<\/p>\n<p>\u201cCon esta serie queremos decirle al mundo, a trav\u00e9s de la televisi\u00f3n de todos, RTVE y su canal internacional, que somos un pa\u00eds l\u00edder por muchos m\u00e1s atractivos culturales, naturales o gastron\u00f3micos y que somos un pa\u00eds con esencia abierta y acogedora. Queremos que se nos reconozca como un pa\u00eds comprometido con el medio ambiente y m\u00e1s sostenible\u201d, ha explicado <strong>Miguel Sanz<\/strong>.\u00a0<\/p>\n<p><strong>Enrique Alex<\/strong>,\u00a0director\u00a0de \u2018Esto es Espa\u00f1a\u2019, ha explicado que la serie \u201caspira a conectar con todas las personas\u201d. \u201cFuera nos conocen por las playas, la paella&#8230; pero aspiramos a cambiar la perspectiva. Siempre me fascino cuando recorro nuevos rincones de Espa\u00f1a. Y eso estar\u00e1\u00a0incluido en el programa\u201d, ha a\u00f1adido.<\/p>\n<figure class=\"incluBox size_100 L\">\n<p>\t<span itemscope=\"\" itemprop=\"image\" itemtype=\"https:\/\/schema.org\/ImageObject\"><br \/>\n\t\t<meta itemprop=\"name\" content=\"En el acto de este viernes\"\/><br \/>\n<meta itemprop=\"description\" content=\" En el acto de este viernes\"\/><br \/>\n<meta itemprop=\"author\" content=\"rtve\"\/><br \/>\n<meta itemprop=\"url\" content=\"https:\/\/img2.rtve.es\/i\/ctv-vxg-esto-espaa-4_1674232898667.png\"\/><br \/>\n\t<\/span><figcaption>\n<p>En el acto de este viernes\u00a0<span class=\"signs\"><em>rtve<\/em><\/span><\/p>\n<\/figcaption><\/figure>\n<div class=\"section\">\n<h3><span class=\"ladillo\"><strong\/>\u2018Esto es Espa\u00f1a\u2019<\/span><\/h3>\n<p>La serie recorrer\u00e1 la geograf\u00eda espa\u00f1ola desde una mirada joven y precise de la mano de <strong>Enrique Alex<\/strong>, uno de los mayores creadores de contenidos de viajes en espa\u00f1ol, fij\u00e1ndose en la sostenibilidad, la diversidad y la oferta pure, cultural y social de la Espa\u00f1a del siglo XXI.\u00a0<\/p>\n<p>\u2018Esto es Espa\u00f1a\u2019 es un proyecto que se difundir\u00e1 en TVE Internacional y otros canales de RTVE, editado en 4K y UHD y con subtitulaci\u00f3n en ingl\u00e9s, y se encuadra en el protocolo de colaboraci\u00f3n firmado entre las dos entidades en 2022. Turespa\u00f1a difundir\u00e1 compactados a trav\u00e9s de sus redes sociales y de la Pink de Consejer\u00edas de Turismo de Turespa\u00f1a. Tambi\u00e9n tendr\u00e1 difusi\u00f3n en los canales sociales de Enrique Alex con m\u00e1s 800.000 seguidores en todo el mundo.<\/p>\n<p>Este proyecto forma parte de la estrategia de Turespa\u00f1a de <strong>promoci\u00f3n de Espa\u00f1a como destino tur\u00edstico<\/strong> en el exterior a trav\u00e9s de medios audiovisuales e incentivar la producci\u00f3n y difusi\u00f3n de contenidos audiovisuales de calidad que muestran la riqueza y diversidad de nuestros destinos y nuestro compromiso con valores como la diversidad o la sostenibilidad en todas sus vertientes.\u00a0<\/p>\n<p>\u00a0<\/p>\n<\/div><\/div>\n\n<p><em> &#8221; Fuentes news.google.com &#8221; <\/em><\/p>\n","protected":false},"excerpt":{"rendered":"<p>En el marco de FITUR 2023, la ministra de Industria, Comercio y Turismo, Reyes Maroto; el director de Educaci\u00f3n, Diversidad Cultural e Internacional de RTVE, Ignacio Elguero, y el director common del Instituto de Turismo de Espa\u00f1a (Turespa\u00f1a), Miguel Sanz, han presentado el proyecto \u2018Esto es Espa\u00f1a\u2019, una serie documental de 13 cap\u00edtulos de 30 [&hellip;]<\/p>\n","protected":false},"author":4,"featured_media":470938,"comment_status":"open","ping_status":"closed","sticky":false,"template":"","format":"standard","meta":{"om_disable_all_campaigns":false,"jnews-multi-image_gallery":[],"jnews_single_post":[],"jnews_primary_category":[],"jnews_social_meta":[],"footnotes":""},"categories":[39],"tags":[61867,61866,1693,545],"class_list":["post-470937","post","type-post","status-publish","format-standard","has-post-thumbnail","hentry","category-viajes","tag-esto-es-espana","tag-rtve-prensa","tag-turespana","tag-viajes"],"_links":{"self":[{"href":"https:\/\/dimensionturistica.com\/es\/wp-json\/wp\/v2\/posts\/470937","targetHints":{"allow":["GET"]}}],"collection":[{"href":"https:\/\/dimensionturistica.com\/es\/wp-json\/wp\/v2\/posts"}],"about":[{"href":"https:\/\/dimensionturistica.com\/es\/wp-json\/wp\/v2\/types\/post"}],"author":[{"embeddable":true,"href":"https:\/\/dimensionturistica.com\/es\/wp-json\/wp\/v2\/users\/4"}],"replies":[{"embeddable":true,"href":"https:\/\/dimensionturistica.com\/es\/wp-json\/wp\/v2\/comments?post=470937"}],"version-history":[{"count":0,"href":"https:\/\/dimensionturistica.com\/es\/wp-json\/wp\/v2\/posts\/470937\/revisions"}],"wp:featuredmedia":[{"embeddable":true,"href":"https:\/\/dimensionturistica.com\/es\/wp-json\/wp\/v2\/media\/470938"}],"wp:attachment":[{"href":"https:\/\/dimensionturistica.com\/es\/wp-json\/wp\/v2\/media?parent=470937"}],"wp:term":[{"taxonomy":"category","embeddable":true,"href":"https:\/\/dimensionturistica.com\/es\/wp-json\/wp\/v2\/categories?post=470937"},{"taxonomy":"post_tag","embeddable":true,"href":"https:\/\/dimensionturistica.com\/es\/wp-json\/wp\/v2\/tags?post=470937"}],"curies":[{"name":"wp","href":"https:\/\/api.w.org\/{rel}","templated":true}]}}