{"id":470665,"date":"2023-01-20T11:52:10","date_gmt":"2023-01-20T11:52:10","guid":{"rendered":"https:\/\/dimensionturistica.com\/es\/?p=470665"},"modified":"2023-01-20T11:52:10","modified_gmt":"2023-01-20T11:52:10","slug":"ecuador-sera-el-pais-invitado-de-fitur-en-2024","status":"publish","type":"post","link":"https:\/\/dimensionturistica.com\/es\/ecuador-sera-el-pais-invitado-de-fitur-en-2024\/","title":{"rendered":"Ecuador ser\u00e1 el pa\u00eds invitado de FITUR en 2024"},"content":{"rendered":"<p> <br \/>\n<\/p>\n<div>\n<p>                            <span class=\"readtime\" data-numwords=\"378\"><br \/>\n                                <span class=\"icon-rtve crono\" role=\"contentinfo\" aria-label=\"Tiempo de lectura:\"\/><br \/>\n                                <strong\/><br \/>\n                            <\/span><\/p>\n<p><strong><a rel=\"nofollow noopener\" target=\"_blank\" href=\"https:\/\/www.rtve.es\/temas\/ecuador\/1305\/\">Ecuador<\/a>\u00a0<\/strong>ser\u00e1 el pa\u00eds invitado en la\u00a0<strong><a rel=\"nofollow noopener\" target=\"_blank\" href=\"https:\/\/www.rtve.es\/temas\/fitur\/114370\/\">Feria Internacional del Turismo de Madrid (Fitur)<\/a>\u00a0en 2024<\/strong>, seg\u00fan adelant\u00f3 el ministro ecuatoriano de Turismo,\u00a0<strong>Niels Olsen<\/strong>.<\/p>\n<p>El Ministerio de Turismo ecuatoriano la organizaci\u00f3n de Fitur sellaron este acuerdo de manera oficial este viernes en el stand del pa\u00eds sudamericano en el recinto de Ifema donde se desarrolla la feria, que comenz\u00f3 el pasado mi\u00e9rcoles y cerrar\u00e1 el domingo sus puertas con una masiva afluencia de visitantes, con la participaci\u00f3n de entidades de\u00a0<strong>122 pa\u00edses\u00a0<\/strong>y con\u00a0<strong>Guatemala<\/strong>\u00a0como pa\u00eds socio de este a\u00f1o.<\/p>\n<p>Con este acuerdo de promoci\u00f3n y proyecci\u00f3n internacional Ecuador espera &#8220;no solo recuperar los niveles de turismo espa\u00f1ol de 2019 (antes de la pandemia), sino superarlos&#8221;, se\u00f1al\u00f3\u00a0Olsen.<\/p>\n<blockquote>\n<p><span class=\"q1\">\u201c<\/span>La promoci\u00f3n es el requerimiento n\u00famero uno de la industria tur\u00edstica de Ecuador<span class=\"q2\">\u201c<\/span><\/p>\n<\/blockquote>\n<p>&#8220;La promoci\u00f3n es el requerimiento n\u00famero uno de la industria tur\u00edstica de Ecuador&#8221;, explic\u00f3 el ministro de Turismo ecuatoriano, quien celebr\u00f3 que su pa\u00eds regresara este a\u00f1o a Fitur,\u00a0<strong>una de las ferias de turismo m\u00e1s importantes del mundo<\/strong>,\u00a0<strong>&#8220;despu\u00e9s de tres a\u00f1os&#8221;<\/strong>\u00a0de no estar presente.<\/p>\n<p>Olsen asegur\u00f3 que su pa\u00eds y el sector del turismo sienten<strong>\u00a0&#8220;mucha ilusi\u00f3n&#8221;<\/strong>\u00a0por ser el protagonista de la feria en 2024 para\u00a0<strong>&#8220;poder fortalecer v\u00ednculos comerciales con el mercado espa\u00f1ol&#8221;<\/strong>.<\/p>\n<div class=\"section\">\n<h3><span class=\"ladillo\">El objetivo es superar el mill\u00f3n y medio de visitantes<\/span><\/h3>\n<p><strong>Para 2023<\/strong>, Ecuador se ha marcado el objetivo superar\u00a0<strong>los cerca de 1,4 millones de turistas<\/strong>\u00a0que lleg\u00f3 a alcanzar en<strong>\u00a02019<\/strong>, antes de de que explotara la pandemia, y\u00a0llegar al\u00a0<strong>mill\u00f3n y medio de visitas internacionales<\/strong>, despu\u00e9s de cerrar\u00a0<strong>2022 con 1,1 millones de viajeros.<\/strong><\/p>\n<figure class=\"incluBox size_100 C\">\n<p>\t<span itemscope=\"\" itemprop=\"image\" itemtype=\"https:\/\/schema.org\/ImageObject\"><br \/>\n\t\t<meta itemprop=\"name\" content=\"Quito, Ecuador\"\/><br \/>\n<meta itemprop=\"description\" content=\" Imagen de Quito, capital de Ecuador\"\/><br \/>\n<meta itemprop=\"author\" content=\"GETTYIMGES \/ JOHN COLETTI\"\/><br \/>\n<meta itemprop=\"url\" content=\"https:\/\/img2.rtve.es\/i\/ctv-zaz-quito_1674210198463.png\"\/><br \/>\n\t<\/span><figcaption>\n<p>Imagen de Quito, capital de Ecuador\u00a0<span class=\"signs\"><em>GETTYIMGES \/ JOHN COLETTI<\/em><\/span><\/p>\n<\/figcaption><\/figure>\n<p>Para ello, su stand de Fitur ha\u00a0mostrato la oferta\u00a0<strong>tur\u00edstica, gastron\u00f3mica y cultural<\/strong>\u00a0que su pa\u00eds puede ofrecer al mundo. Durante los 5 d\u00edas que dura la feria,\u00a0se estima que por el stand pasar\u00e1n unas\u00a0<strong>8.500 personas<\/strong>, que podr\u00e1n disfrutar de catas de comida y bebida t\u00edpicas del pa\u00eds sudamericano.<\/p>\n<p>Las\u00a0<strong>islas Gal\u00e1pagos<\/strong>\u00a0es uno de los principales atractivos tur\u00edsticos de Ecuador, pero tambi\u00e9n se ha querido promocionar las posibilidades tur\u00edsticas que ofrece\u00a0<strong>Quito, la capital del Ecuador<\/strong>.<\/p>\n<\/div><\/div>\n\n<p><em> &#8221; Fuentes news.google.com &#8221; <\/em><\/p>\n","protected":false},"excerpt":{"rendered":"<p>Ecuador\u00a0ser\u00e1 el pa\u00eds invitado en la\u00a0Feria Internacional del Turismo de Madrid (Fitur)\u00a0en 2024, seg\u00fan adelant\u00f3 el ministro ecuatoriano de Turismo,\u00a0Niels Olsen. El Ministerio de Turismo ecuatoriano la organizaci\u00f3n de Fitur sellaron este acuerdo de manera oficial este viernes en el stand del pa\u00eds sudamericano en el recinto de Ifema donde se desarrolla la feria, que [&hellip;]<\/p>\n","protected":false},"author":4,"featured_media":470666,"comment_status":"open","ping_status":"closed","sticky":false,"template":"","format":"standard","meta":{"om_disable_all_campaigns":false,"jnews-multi-image_gallery":[],"jnews_single_post":[],"jnews_primary_category":[],"jnews_social_meta":[],"footnotes":""},"categories":[40],"tags":[2143,4593,544],"class_list":["post-470665","post","type-post","status-publish","format-standard","has-post-thumbnail","hentry","category-industria","tag-ecuador","tag-fitur","tag-turismo"],"_links":{"self":[{"href":"https:\/\/dimensionturistica.com\/es\/wp-json\/wp\/v2\/posts\/470665","targetHints":{"allow":["GET"]}}],"collection":[{"href":"https:\/\/dimensionturistica.com\/es\/wp-json\/wp\/v2\/posts"}],"about":[{"href":"https:\/\/dimensionturistica.com\/es\/wp-json\/wp\/v2\/types\/post"}],"author":[{"embeddable":true,"href":"https:\/\/dimensionturistica.com\/es\/wp-json\/wp\/v2\/users\/4"}],"replies":[{"embeddable":true,"href":"https:\/\/dimensionturistica.com\/es\/wp-json\/wp\/v2\/comments?post=470665"}],"version-history":[{"count":0,"href":"https:\/\/dimensionturistica.com\/es\/wp-json\/wp\/v2\/posts\/470665\/revisions"}],"wp:featuredmedia":[{"embeddable":true,"href":"https:\/\/dimensionturistica.com\/es\/wp-json\/wp\/v2\/media\/470666"}],"wp:attachment":[{"href":"https:\/\/dimensionturistica.com\/es\/wp-json\/wp\/v2\/media?parent=470665"}],"wp:term":[{"taxonomy":"category","embeddable":true,"href":"https:\/\/dimensionturistica.com\/es\/wp-json\/wp\/v2\/categories?post=470665"},{"taxonomy":"post_tag","embeddable":true,"href":"https:\/\/dimensionturistica.com\/es\/wp-json\/wp\/v2\/tags?post=470665"}],"curies":[{"name":"wp","href":"https:\/\/api.w.org\/{rel}","templated":true}]}}