{"id":470478,"date":"2023-01-20T05:33:47","date_gmt":"2023-01-20T05:33:47","guid":{"rendered":"https:\/\/dimensionturistica.com\/es\/?p=470478"},"modified":"2023-01-20T05:33:47","modified_gmt":"2023-01-20T05:33:47","slug":"fitur-las-curiosidades-de-la-feria-de-turismo-mas-importante-del-mundo-viajar-vida","status":"publish","type":"post","link":"https:\/\/dimensionturistica.com\/es\/fitur-las-curiosidades-de-la-feria-de-turismo-mas-importante-del-mundo-viajar-vida\/","title":{"rendered":"Fitur: Las curiosidades de la feria de turismo m\u00e1s importante del mundo &#8211; Viajar &#8211; Vida"},"content":{"rendered":"<p> <br \/>\n<\/p>\n<div itemprop=\"articleBody\">\n<!-- inread - article_add_mudules.html.twig --><\/p>\n<p class=\"contenido \" id=\"p735262-m1114-1113-1115\">Se necesita de al menos tres horas para recorrer y conocer algunos de los stands en <b>Fitur, la feria de turismo m\u00e1s importante del mundo que se realiza en Madrid, Espa\u00f1a<\/b>. Hay de todo. Agencias de viaje, hoteles, destinos tur\u00edsticos, entidades gubernamentales y, por supuesto, tecnolog\u00eda. <\/p>\n<p>Le puede interesar:\u00a0<a rel=\"nofollow noopener\" target=\"_blank\" href=\"https:\/\/www.eltiempo.com\/vida\/viajar\/colombia-logro-la-cifra-de-4-6-millones-de-turistas-el-ano-pasado-734791\">&#8216;Colombia logr\u00f3 la cifra de 4,6 millones de turistas el a\u00f1o pasado\u2019<\/a><\/p>\n<p class=\"contenido \" id=\"p735262-m1158-2-1159\">Uno de los pabellones (son 10) se destin\u00f3 para <b>FiturTechy<\/b>, el espacio de Fitur especializado en tecnolog\u00eda, innovaci\u00f3n y sostenibilidad. Este a\u00f1o, la feria dise\u00f1\u00f3 un <i>showroom <\/i>del \u2018hotel del futuro\u2019. <i>Pet check-in<\/i> y experiencias para mascotas, ocio digital a la carta, realidad aumentada, tecnolog\u00edas <i>coliving <\/i>y <i>coworking<\/i>, <i>gaming<\/i>, deco-experience y construcci\u00f3n sostenible, infraestructuras <i>&#8216;state-of-the-art<\/i>&#8216;, <b>inteligencia synthetic<\/b>, robots, protoversos o gastronom\u00eda del futuro, son algunas de las tendencias innovadoras y tecnol\u00f3gicas de la experiencia.<\/p>\n<p class=\"contenido \" id=\"p735262-m1164-3-1165\">Esta nueva edici\u00f3n est\u00e1 inspirada en la visionaria literatura de <b>Julio Verne<\/b>, centrada en ingenios anticipados a su tiempo como el submarino, el cual dar\u00e1 forma a la \u2018habitaci\u00f3n del futuro\u2019: el Nautilus.<\/p>\n<p class=\"contenido \" id=\"p735262-m1215-5-1216\">En el &#8216;<i>showroom<\/i>&#8216;, los asistentes conocieron \u2018techYhotel\u2019, en donde las <b>mascotas <\/b>son bienvenidas y gracias a la tecnolog\u00eda SmartTags de Vodafone se pueden registrar y ofrecerles un \u2018todo incluido\u2019, con un men\u00fa a la carta.<\/p>\n<p>Adem\u00e1s, se crearon espacios multifuncionales y adaptativos que permitieron ver a los asistentes a esta parte de la feria como se puede realizar procesos de <i>checkin <\/i>y c<i>heck-out <\/i>de diferentes formas, tanto digitales como f\u00edsicas.<\/p>\n<div class=\"fotografia \" id=\"p735262-m1221-6-1222\">\n<div class=\"imagen-cuerpo-bk\">\n<figure itemscope=\"\" itemtype=\"https:\/\/schema.org\/ImageObject\" itemprop=\"image\" id=\"m1226-1225-1227\" class=\"foto-galeria-articulo \"><img decoding=\"async\" alt=\"\" src=\"https:\/\/news.google.com\/images\/1x1.png\" style=\" display: inline;\" width=\"652px\" height=\"366px\" data-original=\"\/files\/article_content_new\/uploads\/2023\/01\/19\/63c9de2f58779.jpeg\"\/><meta itemprop=\"width\" content=\"652\"\/><meta itemprop=\"height\" content=\"366\"\/><meta itemprop=\"url\" content=\"https:\/\/www.eltiempo.com\/files\/article_content_new\/uploads\/2023\/01\/19\/63c9de2f58779.jpeg\"\/><\/figure>\n<\/div>\n<div class=\"figcaption-cuerpo-bk credito-image-bk\"><figcaption class=\"foto-info\">\n<div class=\"titulo-foto-bk\">\n<p id=\"m1233-1-1234\" class=\"titulo \">Showroom del \u2018hotel del futuro\u2019<\/p>\n<\/div>\n<\/figcaption><\/div>\n<\/div>\n<h3 class=\"articulo-subtitulo \" id=\"p735262-m1247-7-1248\">Una ventana al pasado<\/h3>\n<p class=\"contenido \" id=\"p735262-m1253-8-1254\"><b>Arkikus <\/b>es una compa\u00f1\u00eda espa\u00f1ola que tiene como objetivo reconstruir el patrimonio de forma digital. \u201cQueremos responder a la pregunta c\u00f3mo eran aquellos lugares en el pasado, entonces generamos <b>aplicaciones para tel\u00e9fonos inteligentes y tabletas<\/b>, que incluye una gu\u00eda del lugar con texto y audio, apuntas tu dispositivo hacia un espacio determinado y autom\u00e1ticamente te despliega una imagen de c\u00f3mo era en el pasado\u201d, explica Iker, CEO de la empresa.<\/p>\n<p>Y agreg\u00f3: \u201cTenemos un equipo de investigadores e historiadores que se encargan de realizar las investigaciones correspondientes. Nuestro caso de \u00e9xito fue en un pueblo de La Rioja en donde logramos multiplicar las visitas a un castillo, que estaba en las ruinas\u201d.<\/p>\n<p>Actualmente los servicios de esta compa\u00f1\u00eda est\u00e1n basados \u00fanicamente en Espa\u00f1a, pero tienen planeado dar \u201cel salto\u201d a M\u00e9xico.<\/p>\n<div class=\"fotografia \" id=\"p735262-m1259-9-1260\">\n<div class=\"imagen-cuerpo-bk\">\n<figure itemscope=\"\" itemtype=\"https:\/\/schema.org\/ImageObject\" itemprop=\"image\" id=\"m1264-1263-1265\" class=\"foto-galeria-articulo \"><img decoding=\"async\" alt=\"\" src=\"https:\/\/news.google.com\/images\/1x1.png\" style=\" display: inline;\" width=\"652px\" height=\"366px\" data-original=\"\/files\/article_content_new\/uploads\/2023\/01\/19\/63c9dfabba92e.jpeg\"\/><meta itemprop=\"width\" content=\"652\"\/><meta itemprop=\"height\" content=\"366\"\/><meta itemprop=\"url\" content=\"https:\/\/www.eltiempo.com\/files\/article_content_new\/uploads\/2023\/01\/19\/63c9dfabba92e.jpeg\"\/><\/figure>\n<\/div>\n<\/div>\n<h3 class=\"articulo-subtitulo \" id=\"p735262-m1285-10-1286\">Una m\u00e1quina para todo<\/h3>\n<p class=\"contenido \" id=\"p735262-m1291-11-1292\">Entre la multitud reseltaban unas pantallas, largas, parecidas a una m\u00e1quina expendedora de comida. Pero sus funciones eran diferentes. Se trata de<b> tiqueteras dise\u00f1adas para guiar a los turistas<\/b>. <\/p>\n<p>\u201cEstas m\u00e1quinas, hechas de acero, son de autoventa, es decir, entregan informaci\u00f3n, imprimen <b>mapas<\/b>, toman <b>fotos<\/b>, permiten enviar correos, buscar horarios de cine, de atracciones tur\u00edsticas, entre otras funciones. La idea es que se instalen en los centros de la ciudad, en las partes antiguas, en los teatros, en fin, que sean de f\u00e1cil acceso para los turistas\u201d, cuenta Ra\u00fal, empleado de <b>Be.vacationer<\/b>, la compa\u00f1\u00eda espa\u00f1ola detr\u00e1s de este invento.<\/p>\n<p class=\"contenido \" id=\"p735262-m1297-12-1298\">Tambi\u00e9n:\u00a0<a rel=\"nofollow noopener\" target=\"_blank\" href=\"https:\/\/www.eltiempo.com\/vida\/viajar\/la-ocupacion-hotelera-en-colombia-cerro-en-61-en-2022-735112\">La ocupaci\u00f3n hotelera en Colombia cerr\u00f3 en 61 % en 2022<\/a><\/p>\n<div class=\"fotografia \" id=\"p735262-m1303-13-1304\">\n<div class=\"imagen-cuerpo-bk\">\n<figure itemscope=\"\" itemtype=\"https:\/\/schema.org\/ImageObject\" itemprop=\"image\" id=\"m1308-1307-1309\" class=\"foto-galeria-articulo \"><img decoding=\"async\" alt=\"\" src=\"https:\/\/news.google.com\/images\/1x1.png\" style=\" display: inline;\" width=\"652px\" height=\"366px\" data-original=\"\/files\/article_content_new\/uploads\/2023\/01\/19\/63c9e020063f6.jpeg\"\/><meta itemprop=\"width\" content=\"652\"\/><meta itemprop=\"height\" content=\"366\"\/><meta itemprop=\"url\" content=\"https:\/\/www.eltiempo.com\/files\/article_content_new\/uploads\/2023\/01\/19\/63c9e020063f6.jpeg\"\/><\/figure>\n<\/div>\n<div class=\"figcaption-cuerpo-bk credito-image-bk\"><figcaption class=\"foto-info\">\n<div class=\"titulo-foto-bk\">\n<p id=\"m1315-1-1316\" class=\"titulo \">As\u00ed lucen las pantallas t\u00e1ctiles de Be.vacationer.<\/p>\n<\/div>\n<\/figcaption><\/div>\n<\/div>\n<h3 class=\"articulo-subtitulo \" id=\"p735262-m1329-14-1330\">Destinos curiosos<\/h3>\n<p class=\"contenido \" id=\"p735262-m1335-15-1336\">Para este a\u00f1o, Fitur espera recibir a m\u00e1s de 30.000 participantes, por lo que es una ventana perfecta para darse a conocer al mundo. Y, por eso, la cifra de pa\u00edses participantes no es menor: 131 estados se concentran en Madrid para ense\u00f1arle al mundo las <b>ofertas tur\u00edsticas<\/b> que tienen disponibles. <\/p>\n<p>El <i>stand <\/i>de \u00c1frica y Asia suele ser concurrido. El desconocimiento de estas culturas genera curiosidad entre los participantes. Buscan fotos, informaci\u00f3n y dem\u00e1s datos con los representantes de estos territorios.<\/p>\n<p>Justo en este pabell\u00f3n, en un peque\u00f1o stand, est\u00e1 la agencia<b> Rumbo Malabo,<\/b> encargada de promocionar el <b>turismo en Guinea Ecuatorial<\/b>. \u201cEs un pa\u00eds del centro de \u00c1frica y somos los \u00fanicos que hablamos espa\u00f1ol en ese continente. Nuestra bi\u00f3sfera es maravillosa, tenemos reservas naturales y, de hecho, las playas sor virgenes porque no hab\u00eda turismo hasta cinco a\u00f1os. Es un pa\u00eds desconocido a nivel tur\u00edstico\u201d, relata Nuria Ovi\u00e1n, promotora de Rumbo Malabo.<\/p>\n<p class=\"contenido \" id=\"p735262-m1341-16-1342\">Adem\u00e1s:\u00a0<a rel=\"nofollow noopener\" target=\"_blank\" href=\"https:\/\/www.eltiempo.com\/vida\/viajar\/bahamas-que-ver-que-hacer-y-donde-ir-en-el-destino-ideal-del-caribe-734878\">Bahamas: qu\u00e9 ver, qu\u00e9 hacer y d\u00f3nde ir en el destino ideal del Caribe<\/a><\/p>\n<p class=\"contenido \" id=\"p735262-m1347-17-1348\">Entre los planes que se pueden realizar en ese pa\u00eds, ella destaca \u201cvisitar las <b>reservas naturales, bucear, hacer senderismo, conocer nuestra fauna y flora<\/b>. Quienes decidan visitar nuestro territorio, es importante que sepan que deben tener visa, que se puede sacar f\u00e1cilmente en un d\u00eda\u201d.<\/p>\n<div class=\"fotografia \" id=\"p735262-m1353-18-1354\">\n<div class=\"imagen-cuerpo-bk\">\n<figure itemscope=\"\" itemtype=\"https:\/\/schema.org\/ImageObject\" itemprop=\"image\" id=\"m1358-1357-1359\" class=\"foto-galeria-articulo \"><img decoding=\"async\" alt=\"\" src=\"https:\/\/news.google.com\/images\/1x1.png\" style=\" display: inline;\" width=\"652px\" height=\"366px\" data-original=\"\/files\/article_content_new\/uploads\/2023\/01\/19\/63c9e0c425b06.jpeg\"\/><meta itemprop=\"width\" content=\"652\"\/><meta itemprop=\"height\" content=\"366\"\/><meta itemprop=\"url\" content=\"https:\/\/www.eltiempo.com\/files\/article_content_new\/uploads\/2023\/01\/19\/63c9e0c425b06.jpeg\"\/><\/figure>\n<\/div>\n<div class=\"figcaption-cuerpo-bk credito-image-bk\"><figcaption class=\"foto-info\">\n<div class=\"titulo-foto-bk\">\n<p id=\"m1365-1-1366\" class=\"titulo \">Nuria Ovi\u00e1n, promotora de Rumbo Malabo.<\/p>\n<\/div>\n<\/figcaption><\/div>\n<\/div>\n<p class=\"contenido \" id=\"p735262-m1379-19-1380\">Justo al lado del stand de Guinea Ecuatorial estaba Kiki Flora, representante de Ben\u00edn, un pa\u00eds de oeste de \u00c1frica. \u201cEn nuestro pa\u00eds puedes conocer leones, tienes la posibilidad de hacer safaris, nadar, practicar kaya, entre otras actividades. Invito a los colombianos a que vengan y nos visiten\u201d, dijo Flora entre ingl\u00e9s y franc\u00e9s. Este \u00faltimo es el idioma oficial de Ben\u00edn. <\/p>\n<p>CAMILO PE\u00d1A CASTA\u00d1EDA<br \/>ENVIADO ESPECIAL EN MADRID<\/p>\n<\/div>\n\n<p><em> &#8221; Fuentes news.google.com &#8221; <\/em><\/p>\n","protected":false},"excerpt":{"rendered":"<p>Se necesita de al menos tres horas para recorrer y conocer algunos de los stands en Fitur, la feria de turismo m\u00e1s importante del mundo que se realiza en Madrid, Espa\u00f1a. Hay de todo. Agencias de viaje, hoteles, destinos tur\u00edsticos, entidades gubernamentales y, por supuesto, tecnolog\u00eda. Le puede interesar:\u00a0&#8216;Colombia logr\u00f3 la cifra de 4,6 millones [&hellip;]<\/p>\n","protected":false},"author":4,"featured_media":470479,"comment_status":"open","ping_status":"closed","sticky":false,"template":"","format":"standard","meta":{"om_disable_all_campaigns":false,"jnews-multi-image_gallery":[],"jnews_single_post":[],"jnews_primary_category":[],"jnews_social_meta":[],"footnotes":""},"categories":[40],"tags":[2542,4593,544],"class_list":["post-470478","post","type-post","status-publish","format-standard","has-post-thumbnail","hentry","category-industria","tag-curiosidades","tag-fitur","tag-turismo"],"_links":{"self":[{"href":"https:\/\/dimensionturistica.com\/es\/wp-json\/wp\/v2\/posts\/470478","targetHints":{"allow":["GET"]}}],"collection":[{"href":"https:\/\/dimensionturistica.com\/es\/wp-json\/wp\/v2\/posts"}],"about":[{"href":"https:\/\/dimensionturistica.com\/es\/wp-json\/wp\/v2\/types\/post"}],"author":[{"embeddable":true,"href":"https:\/\/dimensionturistica.com\/es\/wp-json\/wp\/v2\/users\/4"}],"replies":[{"embeddable":true,"href":"https:\/\/dimensionturistica.com\/es\/wp-json\/wp\/v2\/comments?post=470478"}],"version-history":[{"count":0,"href":"https:\/\/dimensionturistica.com\/es\/wp-json\/wp\/v2\/posts\/470478\/revisions"}],"wp:featuredmedia":[{"embeddable":true,"href":"https:\/\/dimensionturistica.com\/es\/wp-json\/wp\/v2\/media\/470479"}],"wp:attachment":[{"href":"https:\/\/dimensionturistica.com\/es\/wp-json\/wp\/v2\/media?parent=470478"}],"wp:term":[{"taxonomy":"category","embeddable":true,"href":"https:\/\/dimensionturistica.com\/es\/wp-json\/wp\/v2\/categories?post=470478"},{"taxonomy":"post_tag","embeddable":true,"href":"https:\/\/dimensionturistica.com\/es\/wp-json\/wp\/v2\/tags?post=470478"}],"curies":[{"name":"wp","href":"https:\/\/api.w.org\/{rel}","templated":true}]}}