{"id":470398,"date":"2023-01-20T02:16:38","date_gmt":"2023-01-20T02:16:38","guid":{"rendered":"https:\/\/dimensionturistica.com\/es\/?p=470398"},"modified":"2023-01-20T02:16:39","modified_gmt":"2023-01-20T02:16:39","slug":"reportan-danos-en-la-via-ferrea-urubamba-ollantaytambo-machu-picchu-noticias","status":"publish","type":"post","link":"https:\/\/dimensionturistica.com\/es\/reportan-danos-en-la-via-ferrea-urubamba-ollantaytambo-machu-picchu-noticias\/","title":{"rendered":"Reportan da\u00f1os en la v\u00eda f\u00e9rrea Urubamba-Ollantaytambo-Machu Picchu | Noticias"},"content":{"rendered":"<p> <br \/>\n<\/p>\n<p style=\"display: inline;\">\n                        La v\u00eda f\u00e9rrea Urubamba-Ollantaytambo-Machu Picchu registra da\u00f1os en varios tramos, confirm\u00f3 esta tarde la concesionaria Ferrocarril Transandino S.A. tras labores de supervisi\u00f3n durante la paralizaci\u00f3n que se acata en esta regi\u00f3n surandina.<\/p>\n<div>\n<p>Mediante un comunicado informa que hubo constantes bloqueos de la v\u00eda f\u00e9rrea por manifestantes y a causa de ello ser\u00edan los da\u00f1os en diferentes puntos, lo cual oblig\u00f3 a suspender las operaciones hasta nuevo aviso.<\/p>\n<p>Seg\u00fan especifica, la suspensi\u00f3n es en el tramo Cusco-Ollantaytambo-Machu Picchu-Hidroel\u00e9ctrica y el ramal Urubamba-Pachar. Tambi\u00e9n en los tramos Arequipa-Pillones, Cusco-Juliaca-Puno e Imata-Juliaca.<\/p>\n<p>&#8220;Lamentamos los inconvenientes que estas medidas puedan ocasionar; sin embargo, adoptamos esta decisi\u00f3n como medida preventiva que prioriza la seguridad de las personas&#8221;, se\u00f1ala Ferrocarril Transandino S.A.<\/p>\n<p>Por \u00faltimo llama a todos los operadores ferroviarios a tomar las previsiones del caso en salvaguarda de la integridad de los usuarios y trabajadores.<\/p>\n<p><h2><strong>Qu\u00e9 cube PeruRail<\/strong><\/h2>\n<\/p>\n<div>\n<p>Por su parte, la empresa ferroviaria PeruRail inform\u00f3 que sus servicios permanecer\u00e1n suspendidos hasta nuevo aviso en la ruta suroriente Cusco-Machu Picchu tras da\u00f1os registrados en los rieles.<\/p>\n<p>En un comunicado dirigido a sus pasajeros, agencias de viaje, operadores de turismo y a la colectividad, se\u00f1alan que recibieron el informe del concesionario Ferrocarril Transandino S.A. sobre la afectaci\u00f3n a la estructura vial.<\/p>\n<p>PeruRail detalla que la suspensi\u00f3n es en la ruta Cusco-Urubamba-Pacha-Ollantaytambo-Machu Picchu-Hidroel\u00e9ctrica, debido al bloqueo de la l\u00ednea f\u00e9rrea y los da\u00f1os ocasionados a la v\u00eda en diferentes tramos.<\/p>\n<p>&#8220;Lamentamos el malestar que esta medida genera a nuestros pasajeros; sin embargo, obedece a situaci\u00f3n ajena a la voluntad de la empresa frente a las protestas registradas en Cusco&#8221;, se\u00f1ala el documento.<\/p>\n<p>Tambi\u00e9n informa que se mantiene la suspensi\u00f3n de la operaci\u00f3n de trenes en las rutas Cusco-Juliaca-Puno y Juliaca-Imata-Pillones-Arequipa, seg\u00fan advirti\u00f3 Ferrocarril Transandino S.A. en una nueva notificaci\u00f3n.<\/p>\n<p><h2><strong>Cambios y devoluciones<\/strong><\/h2>\n<\/p>\n<p>Ante este panorama, PeruRail asegura que seguir\u00e1 brindando a sus pasajeros toda la asistencia y flexibilidad necesaria para cambios y devoluciones de <em>tickets<\/em>. As\u00ed, los pasajeros que deseen cambiar la fecha de viaje, podr\u00e1n solicitarlo sin costo adicional en puntos de venta de Lima y Cusco y la p\u00e1gina internet de la empresa.<\/p>\n<\/div>\n<\/div>\n\n<p><em> &#8221; Fuentes news.google.com &#8221; <\/em><\/p>\n","protected":false},"excerpt":{"rendered":"<p>La v\u00eda f\u00e9rrea Urubamba-Ollantaytambo-Machu Picchu registra da\u00f1os en varios tramos, confirm\u00f3 esta tarde la concesionaria Ferrocarril Transandino S.A. tras labores de supervisi\u00f3n durante la paralizaci\u00f3n que se acata en esta regi\u00f3n surandina. Mediante un comunicado informa que hubo constantes bloqueos de la v\u00eda f\u00e9rrea por manifestantes y a causa de ello ser\u00edan los da\u00f1os en [&hellip;]<\/p>\n","protected":false},"author":4,"featured_media":470399,"comment_status":"open","ping_status":"closed","sticky":false,"template":"","format":"standard","meta":{"om_disable_all_campaigns":false,"jnews-multi-image_gallery":[],"jnews_single_post":[],"jnews_primary_category":[],"jnews_social_meta":[],"footnotes":""},"categories":[40],"tags":[61793,6825,61794],"class_list":["post-470398","post","type-post","status-publish","format-standard","has-post-thumbnail","hentry","category-industria","tag-danos-en-la-via-ferrea","tag-machu-picchu","tag-urubamba-ollantaytambo-machu-picchu"],"_links":{"self":[{"href":"https:\/\/dimensionturistica.com\/es\/wp-json\/wp\/v2\/posts\/470398","targetHints":{"allow":["GET"]}}],"collection":[{"href":"https:\/\/dimensionturistica.com\/es\/wp-json\/wp\/v2\/posts"}],"about":[{"href":"https:\/\/dimensionturistica.com\/es\/wp-json\/wp\/v2\/types\/post"}],"author":[{"embeddable":true,"href":"https:\/\/dimensionturistica.com\/es\/wp-json\/wp\/v2\/users\/4"}],"replies":[{"embeddable":true,"href":"https:\/\/dimensionturistica.com\/es\/wp-json\/wp\/v2\/comments?post=470398"}],"version-history":[{"count":0,"href":"https:\/\/dimensionturistica.com\/es\/wp-json\/wp\/v2\/posts\/470398\/revisions"}],"wp:featuredmedia":[{"embeddable":true,"href":"https:\/\/dimensionturistica.com\/es\/wp-json\/wp\/v2\/media\/470399"}],"wp:attachment":[{"href":"https:\/\/dimensionturistica.com\/es\/wp-json\/wp\/v2\/media?parent=470398"}],"wp:term":[{"taxonomy":"category","embeddable":true,"href":"https:\/\/dimensionturistica.com\/es\/wp-json\/wp\/v2\/categories?post=470398"},{"taxonomy":"post_tag","embeddable":true,"href":"https:\/\/dimensionturistica.com\/es\/wp-json\/wp\/v2\/tags?post=470398"}],"curies":[{"name":"wp","href":"https:\/\/api.w.org\/{rel}","templated":true}]}}