{"id":470140,"date":"2023-01-19T20:01:29","date_gmt":"2023-01-19T20:01:29","guid":{"rendered":"https:\/\/dimensionturistica.com\/es\/?p=470140"},"modified":"2023-01-19T20:01:30","modified_gmt":"2023-01-19T20:01:30","slug":"a-coruna-muestra-en-fitur-su-potencial-turistico-para-este-2023","status":"publish","type":"post","link":"https:\/\/dimensionturistica.com\/es\/a-coruna-muestra-en-fitur-su-potencial-turistico-para-este-2023\/","title":{"rendered":"A Coru\u00f1a muestra en Fitur su potencial tur\u00edstico para este 2023"},"content":{"rendered":"<p> <br \/>\n<\/p>\n<div>\n<p>La alcaldesa, In\u00e9s Rey, present\u00f3 en Fitur la estrategia tur\u00edstica de A Coru\u00f1a para este 2023, \u201cun a\u00f1o decisivo para nuestra ciudad\u201d. La regidora present\u00f3 la nueva imagen del Consorcio de Turismo y Congresos y repas\u00f3 los grandes hitos que acontecer\u00e1n en los pr\u00f3ximos meses. \u201cSomos un destino donde conviven en pocos metros la naturaleza m\u00e1s rotunda de nuestro mar y la cultura m\u00e1s avanzada de nuestros museos, eventos culturales y nuestros grandes acontecimientos\u201d, se\u00f1al\u00f3 In\u00e9s Rey.<\/p>\n<p>Los ejes de la pol\u00edtica tur\u00edstica de A Coru\u00f1a para el 2023 ser\u00e1n la sostenibilidad, la internacionalizaci\u00f3n, el turismo de congresos y eventos y la potente oferta cultural. En materia de sostenibilidad, este 2023 se iniciar\u00e1 el Plan de Sostenibilidad Tur\u00edstica con una inversi\u00f3n de 3 millones de euros con el objetivo de reforzar la movilidad el\u00e9ctrica, la digitalizaci\u00f3n de los servicios tur\u00edsticos y el posicionamiento de A Coru\u00f1a como gran ciudad atl\u00e1ntica. La alcaldesa anunci\u00f3 que gracias a este plan, apoyado por el Ministerio de Turismo y la Xunta de Galicia, A Coru\u00f1a dispondr\u00e1 de un bus tur\u00edstico el\u00e9ctrico que permitir\u00e1 recorrer todo el litoral de la ciudad de manera c\u00f3moda y eficiente. Adem\u00e1s, se llevar\u00e1 a cabo una nueva ampliaci\u00f3n de las estaciones de BiciCoru\u00f1a, promoviendo el transporte alternativo y respetuoso con el medio. Este Plan de Sostenibilidad Tur\u00edstica permitir\u00e1 crear una oficina tur\u00edstica digital y digitalizar los servicios de la \u2018Coru\u00f1a Card\u2019, la tarjeta tur\u00edstica que permite a las personas visitantes disfrutar de diferentes ventajas en su estad\u00eda en la ciudad. \u201cGracias a este plan tambi\u00e9n estaremos posicionados como ciudad del Atl\u00e1ntico, un referente del pa\u00eds para la pr\u00e1ctica de actividades deportivas, n\u00e1uticas y de surf\u201d, anunci\u00f3 la alcaldesa. Se crear\u00e1 la marca #Coru\u00f1aSurfCity y una sala tem\u00e1tica del mundo del surf en el Aquarium Finisterrae donde se recoger\u00e1 la historia de esta disciplina en la ciudad.<\/p>\n<p>Por otra parte, In\u00e9s Rey anunci\u00f3 la mejora del recorrido del Camino Ingl\u00e9s de la ciudad, dentro de la apuesta de su Gobierno municipal por la puesta en valor del patrimonio. Se mejorar\u00e1 la accesibilidad y la experiencia de las personas peregrinas llevando a cabo una restauraci\u00f3n paisaj\u00edstica profunda. Esta intervenci\u00f3n tendr\u00e1 una vertiente social, pues las actuaciones de mejoras se llevar\u00e1n a cabo en colaboraci\u00f3n con asociaciones de personas en riesgo de exclusi\u00f3n.<\/p>\n<p><strong>Internacionalizaci\u00f3n y turismo de congresos<\/strong><\/p>\n<p>En el eje de la internacionalizaci\u00f3n, In\u00e9s Rey celebr\u00f3 que por primera vez en su historia la ciudad tendr\u00e1 este 2023 cinco conexiones a\u00e9reas internacionales. Se trata de Londres y Par\u00eds, ya operativas, Mil\u00e1n y Ginebra, que comenzar\u00e1n sus rutas en marzo; y \u00c1msterdam, que se incorporar\u00e1 a lo largo del a\u00f1o. Adem\u00e1s, la alcaldesa firm\u00f3 un acuerdo con Iberia para incrementar el n\u00famero de frecuencias en la ruta A Coru\u00f1a-Madrid en la temporada de verano, que comienza el pr\u00f3ximo mes de abril. Habr\u00e1 hasta 31 vuelos semanales, m\u00e1s de los que hab\u00eda en la \u00e9poca previa a la pandemia, en el 2019.<\/p>\n<p>Adem\u00e1s, la alcaldesa anunci\u00f3 un nuevo acuerdo con Turismo de Portugal para que la ciudad sea incluida por primera vez como Destino de Turismo S\u00e9nior Portugu\u00e9s. Este hecho convertir\u00e1 a la ciudad en un polo tur\u00edstico destacado dentro de la oferta de viajes existentes en el pa\u00eds vecino.<\/p>\n<p>Por otra parte, In\u00e9s Rey tambi\u00e9n quiso hacer hincapi\u00e9 en la importancia que tiene en la actualidad el turismo de grandes eventos y congresos. La regidora se\u00f1al\u00f3 que es una tendencia que hay que potenciar y record\u00f3 que ya hay 19 grandes eventos y congresos nacionales e internacionales confirmados en la ciudad para este 2023. \u201cQuiero destacar Ecosystems 2030, que eligi\u00f3 A Coru\u00f1a como sede permanente con el objetivo de consolidarse como el evento de la innovaci\u00f3n m\u00e1s influyente del mundo\u201d, apunt\u00f3 In\u00e9s Rey. Este congreso, que tendr\u00e1 lugar los d\u00edas 4 y 5 de mayo, reunir\u00e1 a 150 l\u00edderes y altos ejecutivos responsables de innovaci\u00f3n de empresas como Apple, Google, Microsoft o Amazon.<\/p>\n<p>Otro de los eventos que destac\u00f3 la regidora en Fitur fue la vuelta a la ciudad de la Tall Ships Races Magallanes-Elcano, la regata m\u00e1s importante del mundo de grandes veleros, que llegar\u00e1 a A Coru\u00f1a el 24 de agosto. Por otra parte, In\u00e9s Rey anunci\u00f3 el evento Fly Assembly A Coru\u00f1a, encuentro nacional que reunir\u00e1 a agentes de viajes de todo el pa\u00eds y servir\u00e1 para poner en valor la ciudad como destino.<\/p>\n<p><strong>Programaci\u00f3n cultural y de ocio<\/strong><\/p>\n<p>In\u00e9s Rey hizo tambi\u00e9n repaso de la extensa oferta cultural y de ocio con la que cuenta la ciudad. Destac\u00f3 en primer lugar la programaci\u00f3n presentada ayer de la \u2018Celebraci\u00f3n Picasso 1973- 2023\u2019, con m\u00e1s de 30 actividades programadas a lo largo del a\u00f1o para conmemorar el 50 aniversario del fallecimiento de Pablo Picasso. Rey destac\u00f3 que A Coru\u00f1a cuenta con una programaci\u00f3n cultural del m\u00e1s alto nivel, poniendo como ejemplo el Teatro Rosal\u00eda de Castro, elegido mejor recinto cultural de Galicia.<\/p>\n<p>Tambi\u00e9n destac\u00f3 las celebraciones populares y multitudinarias como las fiestas de Mar\u00eda Pita o las hogueras de San Xo\u00e1n, declaradas de inter\u00e9s tur\u00edstico internacional. Record\u00f3 que la oferta musical creci\u00f3 estos a\u00f1os con la programaci\u00f3n del Morri\u00f1a Fest, que volver\u00e1 a celebrarse este a\u00f1o 2023 en la ciudad, y con la apertura del estadio de Riazor a los grandes conciertos.<\/p>\n<p>Tambi\u00e9n destac\u00f3 la importancia del Competition Noroeste, que en el 2022 fue noticia por el concierto de las Tanxugueiras, que reunieron a m\u00e1s de 80.000 personas en la playa de Riazor. La regidora quiso destacar la oferta cultural m\u00e1s all\u00e1 del verano. \u201cSomos la ciudad con el turismo m\u00e1s desestacionalizado de Galicia y seguramente del noroeste peninsular\u201d, se\u00f1al\u00f3.<\/p>\n<p>En este 2023 hay programados ya 30 eventos musicales, con numerosa presencia de artistas internacionales como Pixies, Gilberto Santa Rosa, Salvador Sobral, Tini o Morat y grandes autores nacionales como Joaqu\u00edn Sabina, Pablo L\u00f3pez, Pablo Albor\u00e1n o Love of Lesbian. En el mes de octubre tendr\u00e1 lugar en la ciudad uno de los eventos de m\u00fasicas del mundo m\u00e1s importantes, el Womex 2023. \u201cUn evento en el que participar\u00e1n m\u00e1s de 3.000 profesionales de 113 pa\u00edses, con m\u00e1s de 60 conciertos en nuestra ciudad y una feria con m\u00e1s de 600 expositores\u201d, se\u00f1al\u00f3 In\u00e9s Rey.<\/p>\n<p>Al margen de la oferta cultural, la alcaldesa quiso destacar otro de los aspectos fundamentales para el turismo coru\u00f1\u00e9s: su gastronom\u00eda y hosteler\u00eda. \u201cContamos con una atractiva oferta hotelera, un amplio y variado cat\u00e1logo de locales, un ocio nocturno fascinante y, sobre todo, una gastronom\u00eda superior. Somos la capital de la gastronom\u00eda atl\u00e1ntica en cualquiera de sus formas, de la m\u00e1s popular a la m\u00e1s selecta\u201d, apunt\u00f3.<\/p>\n<p>In\u00e9s Rey valor\u00f3 que ese conjunto de puntos fuertes posicionan a la ciudad como un referente nacional e internacional. \u201cNuestro ecosistema de ciudad, en el social, cultural y empresarial, result\u00f3 decisivo para ser escogidos para albergar la Agencia Estatal de la Supervisi\u00f3n de la Inteligencia Artificial\u201d, dijo. \u201cSomos una ciudad con personalidad, orgullosa y abierta, con un car\u00e1cter vanguardista, con mucho que ofrecer en diversos aspectos como gran capital atl\u00e1ntica\u201d, concluy\u00f3 la regidora.<\/p>\n<div class=\"wysiwyg-photo\"><img decoding=\"async\" src=\"https:\/\/static.hosteltur.com\/app\/public\/uploads\/img\/releases\/2023\/01\/18\/L_164820_img-7081.jpg\" alt=\"Imagen nota de prensa Hosteltur\" width=\"2000\" height=\"1334\"\/><\/div><\/div>\n\n<p><em> &#8221; Fuentes news.google.com &#8221; <\/em><\/p>\n","protected":false},"excerpt":{"rendered":"<p>La alcaldesa, In\u00e9s Rey, present\u00f3 en Fitur la estrategia tur\u00edstica de A Coru\u00f1a para este 2023, \u201cun a\u00f1o decisivo para nuestra ciudad\u201d. La regidora present\u00f3 la nueva imagen del Consorcio de Turismo y Congresos y repas\u00f3 los grandes hitos que acontecer\u00e1n en los pr\u00f3ximos meses. \u201cSomos un destino donde conviven en pocos metros la naturaleza [&hellip;]<\/p>\n","protected":false},"author":4,"featured_media":470141,"comment_status":"open","ping_status":"closed","sticky":false,"template":"","format":"standard","meta":{"om_disable_all_campaigns":false,"jnews-multi-image_gallery":[],"jnews_single_post":[],"jnews_primary_category":[],"jnews_social_meta":[],"footnotes":""},"categories":[40],"tags":[1140],"class_list":["post-470140","post","type-post","status-publish","format-standard","has-post-thumbnail","hentry","category-industria","tag-hoteles-y-alojamientos"],"_links":{"self":[{"href":"https:\/\/dimensionturistica.com\/es\/wp-json\/wp\/v2\/posts\/470140","targetHints":{"allow":["GET"]}}],"collection":[{"href":"https:\/\/dimensionturistica.com\/es\/wp-json\/wp\/v2\/posts"}],"about":[{"href":"https:\/\/dimensionturistica.com\/es\/wp-json\/wp\/v2\/types\/post"}],"author":[{"embeddable":true,"href":"https:\/\/dimensionturistica.com\/es\/wp-json\/wp\/v2\/users\/4"}],"replies":[{"embeddable":true,"href":"https:\/\/dimensionturistica.com\/es\/wp-json\/wp\/v2\/comments?post=470140"}],"version-history":[{"count":0,"href":"https:\/\/dimensionturistica.com\/es\/wp-json\/wp\/v2\/posts\/470140\/revisions"}],"wp:featuredmedia":[{"embeddable":true,"href":"https:\/\/dimensionturistica.com\/es\/wp-json\/wp\/v2\/media\/470141"}],"wp:attachment":[{"href":"https:\/\/dimensionturistica.com\/es\/wp-json\/wp\/v2\/media?parent=470140"}],"wp:term":[{"taxonomy":"category","embeddable":true,"href":"https:\/\/dimensionturistica.com\/es\/wp-json\/wp\/v2\/categories?post=470140"},{"taxonomy":"post_tag","embeddable":true,"href":"https:\/\/dimensionturistica.com\/es\/wp-json\/wp\/v2\/tags?post=470140"}],"curies":[{"name":"wp","href":"https:\/\/api.w.org\/{rel}","templated":true}]}}