{"id":470041,"date":"2023-01-19T18:07:22","date_gmt":"2023-01-19T18:07:22","guid":{"rendered":"https:\/\/dimensionturistica.com\/es\/?p=470041"},"modified":"2023-01-19T18:07:22","modified_gmt":"2023-01-19T18:07:22","slug":"ushuaia-ya-recibio-92-700-cruceristas-y-espera-el-arribo-de-otros-157-900","status":"publish","type":"post","link":"https:\/\/dimensionturistica.com\/es\/ushuaia-ya-recibio-92-700-cruceristas-y-espera-el-arribo-de-otros-157-900\/","title":{"rendered":"Ushuaia ya recibi\u00f3 92.700 cruceristas y espera el arribo de otros 157.900"},"content":{"rendered":"<p> <br \/>\n<\/p>\n<div>\n<figure class=\"mb-3\"><img decoding=\"async\" src=\"https:\/\/dimensionturistica.com\/es\/wp-content\/uploads\/2023\/01\/1673285317_884_Ushuaia-vivio-un-fin-de-semana-repleto-de-cruceros-turisticos.jpg\" width=\"100%\" height=\"100%\" alt=\"Foto Cristian Urritia\"\/><figcaption> Foto: Cristian Urritia. <\/figcaption><\/figure>\n<p> La ciudad de Ushuaia recibi\u00f3 92.700 turistas a bordo de cruceros en lo que va del verano y aguarda la llegada de otros 157.900 antes de la finalizaci\u00f3n de la temporada, inform\u00f3 este jueves la Direcci\u00f3n Provincial de Puertos (DPP) de Tierra del Fuego.<\/p>\n<p>Voceros oficiales del organismo detallaron que entre barcos bioce\u00e1nicos, ant\u00e1rticos y tur\u00edsticos en basic se superar\u00e1 un \u201cr\u00e9cord\u201d de arribos respecto de a\u00f1os anteriores, con m\u00e1s de 530 recaladas.<\/p>\n<p>\u201cLa cifra es altamente significativa por el movimiento econ\u00f3mico que genera en la provincia. A esta altura ya se est\u00e1n tomando reservas para la temporada 2023\/2024, unas 540, y para la temporada 2024\/2025, unas 250 confirmadas. Esto <strong>denota que el crecimiento de la actividad portuaria es muy positivo y va en ascenso<\/strong>\u201d, afirm\u00f3 la DPP a trav\u00e9s de un parte oficial de prensa difundido por el gobierno fueguino.<\/p>\n<p><figure class=\"mb-3\"><img decoding=\"async\" src=\"https:\/\/dimensionturistica.com\/es\/wp-content\/uploads\/2023\/01\/1673285316_125_Ushuaia-vivio-un-fin-de-semana-repleto-de-cruceros-turisticos.jpg\" width=\"100%\" height=\"100%\" alt=\"Foto Cristian Urritia\"\/><figcaption> Foto: Cristian Urritia. <\/figcaption><\/figure>\n<p>Adem\u00e1s, el ente portuario destac\u00f3 las actividades de coordinaci\u00f3n que se llevan a cabo para combinar el movimiento tur\u00edstico con los barcos de carga, cient\u00edficos, militares, remolcadores y tanques que tambi\u00e9n operan en la zona.<\/p>\n<p>Por su parte el presidente del Instituto Fueguino de Turismo (Infuetur) <strong>Dante Querciali<\/strong>, asegur\u00f3 que la provincia \u201cest\u00e1 preparada\u201d para recibir este tipo de tr\u00e1fico mar\u00edtimo, y le respondi\u00f3 de este modo al secretario de turismo de la Confederaci\u00f3n Argentina de la Mediana Empresa (CAME), Gregorio Werchow, quien hab\u00eda puesto en duda la \u201ccapacidad de carga\u201d de la ciudad.<\/p>\n<p><strong>\u201cNo tenemos ese impacto de desborde que nos atribuyen. Ushuaia est\u00e1 preparada para recibir la cantidad de cruceros que arriban y estamos trabajando para seguir incrementando la capacidad. Una muestra de ello es la ampliaci\u00f3n del muelle del puerto, una obra que se est\u00e1 finalizando con la participaci\u00f3n de las empresas y el acompa\u00f1amiento del Gobierno nacional\u201d<\/strong>, se\u00f1al\u00f3 Querciali.<\/p>\n<p><figure class=\"mb-3\"><img decoding=\"async\" src=\"https:\/\/dimensionturistica.com\/es\/wp-content\/uploads\/2023\/01\/Ushuaia-ya-recibio-92700-cruceristas-y-espera-el-arribo-de.jpg\" width=\"100%\" height=\"100%\" alt=\"Foto Cristian Urritia\"\/><figcaption> Foto: Cristian Urritia. <\/figcaption><\/figure>\n<p>El funcionario agreg\u00f3 que \u201cparalelamente se trabaja en el desarrollo de la terminal de catamaranes, y de la nueva terminal de pasajeros. Adem\u00e1s, y por ser una provincia aerodependiente, tambi\u00e9n manejamos la capacidad de carga en funci\u00f3n de los vuelos que llegan a nuestra provincia\u201d, asegur\u00f3.<\/p>\n<p>En tanto, la vicepresidenta de la CAME y titular de la C\u00e1mara de Comercio de Ushuaia, Claudia Fern\u00e1ndez, coincidi\u00f3 con Querciali y mencion\u00f3 que los establecimientos comerciales de la ciudad garantizan &#8220;el mejor servicio a quienes nos visitan\u201d, mientras que lo mismo ocurre con restaurantes y confiter\u00edas \u201cm\u00e1s all\u00e1 de alguna espera como sucede en cualquier lugar en temporada alta\u201d, indic\u00f3.<\/p>\n<\/div>\n<p><script async defer crossorigin=\"nameless\" src=\"https:\/\/join.fb.web\/es_LA\/sdk.js#xfbml=1&#038;model=v12.0\" nonce=\"SBlHQzIF\"><\/script><br \/>\n<br \/><\/p>\n<p><em> &#8221; Fuentes news.google.com &#8221; <\/em><\/p>\n","protected":false},"excerpt":{"rendered":"<p>Foto: Cristian Urritia. La ciudad de Ushuaia recibi\u00f3 92.700 turistas a bordo de cruceros en lo que va del verano y aguarda la llegada de otros 157.900 antes de la finalizaci\u00f3n de la temporada, inform\u00f3 este jueves la Direcci\u00f3n Provincial de Puertos (DPP) de Tierra del Fuego. Voceros oficiales del organismo detallaron que entre barcos [&hellip;]<\/p>\n","protected":false},"author":4,"featured_media":470042,"comment_status":"open","ping_status":"closed","sticky":false,"template":"","format":"standard","meta":{"om_disable_all_campaigns":false,"jnews-multi-image_gallery":[],"jnews_single_post":[],"jnews_primary_category":[],"jnews_social_meta":[],"footnotes":""},"categories":[41],"tags":[543,10864,9569,544,19278],"class_list":["post-470041","post","type-post","status-publish","format-standard","has-post-thumbnail","hentry","category-cruceros","tag-cruceros","tag-temporada-de-verano","tag-tierra-del-fuego","tag-turismo","tag-ushuaia"],"_links":{"self":[{"href":"https:\/\/dimensionturistica.com\/es\/wp-json\/wp\/v2\/posts\/470041","targetHints":{"allow":["GET"]}}],"collection":[{"href":"https:\/\/dimensionturistica.com\/es\/wp-json\/wp\/v2\/posts"}],"about":[{"href":"https:\/\/dimensionturistica.com\/es\/wp-json\/wp\/v2\/types\/post"}],"author":[{"embeddable":true,"href":"https:\/\/dimensionturistica.com\/es\/wp-json\/wp\/v2\/users\/4"}],"replies":[{"embeddable":true,"href":"https:\/\/dimensionturistica.com\/es\/wp-json\/wp\/v2\/comments?post=470041"}],"version-history":[{"count":0,"href":"https:\/\/dimensionturistica.com\/es\/wp-json\/wp\/v2\/posts\/470041\/revisions"}],"wp:featuredmedia":[{"embeddable":true,"href":"https:\/\/dimensionturistica.com\/es\/wp-json\/wp\/v2\/media\/470042"}],"wp:attachment":[{"href":"https:\/\/dimensionturistica.com\/es\/wp-json\/wp\/v2\/media?parent=470041"}],"wp:term":[{"taxonomy":"category","embeddable":true,"href":"https:\/\/dimensionturistica.com\/es\/wp-json\/wp\/v2\/categories?post=470041"},{"taxonomy":"post_tag","embeddable":true,"href":"https:\/\/dimensionturistica.com\/es\/wp-json\/wp\/v2\/tags?post=470041"}],"curies":[{"name":"wp","href":"https:\/\/api.w.org\/{rel}","templated":true}]}}