{"id":470020,"date":"2023-01-19T17:41:04","date_gmt":"2023-01-19T17:41:04","guid":{"rendered":"https:\/\/dimensionturistica.com\/es\/?p=470020"},"modified":"2023-01-19T17:41:04","modified_gmt":"2023-01-19T17:41:04","slug":"binter-barcelo-y-el-ayuntamiento-de-las-palmas-crean-un-gastrotrip-que","status":"publish","type":"post","link":"https:\/\/dimensionturistica.com\/es\/binter-barcelo-y-el-ayuntamiento-de-las-palmas-crean-un-gastrotrip-que\/","title":{"rendered":"Binter, Barcel\u00f3 y el Ayuntamiento de Las Palmas crean un &#8216;gastrotrip&#8217;\u00a0 que&#8230;"},"content":{"rendered":"<p> <br \/>\n<\/p>\n<div>\n<p>\u2018Las Palmas de Gran Canaria Gastrotrip\u2019, que se ha presentado este jueves en el marco de FITUR 2023, en Madrid, propone la fusi\u00f3n entre la experiencia de una escapada al principal destino urbano de las Islas Canarias y el disfrute de una gastronom\u00eda diversa y creativa, donde el producto native y fresco de las islas tiene un papel indiscutible.<\/p>\n<p>La iniciativa, impulsada por <strong>Turismo del Ayuntamiento de Las Palmas de Gran Canaria, la aerol\u00ednea Binter y el hist\u00f3rico Santa Catalina, a Royal Hideaway Lodge, gestionado por Barcel\u00f3 Lodge Grou<\/strong>p, viajar\u00e1 a las ciudades de Donostia-San Sebasti\u00e1n, Oviedo, <strong>Palma <\/strong>y Jerez de la Frontera, en febrero y marzo, para captar viajeros a la principal ciudad del archipi\u00e9lago canario.<\/p>\n<p>\u2018Las Palmas de Gran Canaria GastroTrip\u2019 propone m\u00e1s que un viaje y suma gastronom\u00eda, turismo y ciudad. Una escapada que garantiza buen clima, sol y playa todo el a\u00f1o, pero tambi\u00e9n historia, recuerdos, sabores, car\u00e1cter, cultura y patrimonio.<\/p>\n<div class=\"ad-slot oat oat-visible oat-top \" data-mark=\"Publicidad\" style=\"height: 265px;\"><a rel=\"nofollow noopener\" target=\"_blank\" href=\"https:\/\/www.economiademallorca.com\/ads\/20220705191842068463\" title=\"Publicidad 68463\"> <img loading=\"lazy\" decoding=\"async\" src=\"https:\/\/news.google.com\/media\/economiademallorca\/images\/2022\/09\/20\/2022092012343433183.png\" alt=\"Publicidad 68463\" width=\"300\" height=\"250\" class=\"lazyload\" srcset=\"https:\/\/news.google.comhttps:\/\/news.google.comhttps:\/\/news.google.comhttps:\/\/news.google.com\/asset\/thumbnail,https:\/\/news.google.com\/480,https:\/\/news.google.com\/270,https:\/\/news.google.com\/https:\/\/news.google.com\/https:\/\/news.google.com\/https:\/\/news.google.com\/center,https:\/\/news.google.com\/https:\/\/news.google.com\/https:\/\/news.google.com\/https:\/\/news.google.com\/center\/media\/economiademallorca\/images\/2022\/09\/20\/2022092012343433183.png https:\/\/news.google.com\/480w,https:\/\/news.google.comhttps:\/\/news.google.comhttps:\/\/news.google.comhttps:\/\/news.google.com\/asset\/thumbnail,https:\/\/news.google.com\/768,https:\/\/news.google.com\/432,https:\/\/news.google.com\/https:\/\/news.google.com\/https:\/\/news.google.com\/https:\/\/news.google.com\/center,https:\/\/news.google.com\/https:\/\/news.google.com\/https:\/\/news.google.com\/https:\/\/news.google.com\/center\/media\/economiademallorca\/images\/2022\/09\/20\/2022092012343433183.png https:\/\/news.google.com\/768w,https:\/\/news.google.comhttps:\/\/news.google.comhttps:\/\/news.google.comhttps:\/\/news.google.com\/asset\/thumbnail,https:\/\/news.google.com\/992,https:\/\/news.google.com\/558,https:\/\/news.google.com\/https:\/\/news.google.com\/https:\/\/news.google.com\/https:\/\/news.google.com\/center,https:\/\/news.google.com\/https:\/\/news.google.com\/https:\/\/news.google.com\/https:\/\/news.google.com\/center\/media\/economiademallorca\/images\/2022\/09\/20\/2022092012343433183.png https:\/\/news.google.com\/992w,https:\/\/news.google.comhttps:\/\/news.google.comhttps:\/\/news.google.comhttps:\/\/news.google.com\/asset\/thumbnail,https:\/\/news.google.com\/1280,https:\/\/news.google.com\/720,https:\/\/news.google.com\/https:\/\/news.google.com\/https:\/\/news.google.com\/https:\/\/news.google.com\/center,https:\/\/news.google.com\/https:\/\/news.google.com\/https:\/\/news.google.com\/https:\/\/news.google.com\/center\/media\/economiademallorca\/images\/2022\/09\/20\/2022092012343433183.png https:\/\/news.google.com\/1280w\" sizes=\"auto, (max-width: 480px) 480px, (max-width: 768px) 768px, (max-width: 992px) 992px, 1280px\"\/> <\/a><\/div>\n<p>Para ello. el destino cuenta con la complicidad de la aerol\u00ednea Binter,\u00a0que conecta de forma directa la isla de Gran Canaria con aeropuertos de la pen\u00ednsula y Baleares, as\u00ed como con el ic\u00f3nico lodge de Barcel\u00f3 Lodge Group Santa Catalina a Royal Hideaway Lodge; un hist\u00f3rico alojamiento canario y punto de encuentro gastron\u00f3mico que acoge en su inside el restaurante Poemas by Hermanos Padr\u00f3n, el primero de la ciudad en lograr una estrella Michelin.<\/p>\n<div class=\"ad-slot oat oat-visible oat-top \" data-mark=\"Publicidad\" style=\"height: 265px;\"><a rel=\"nofollow noopener\" target=\"_blank\" href=\"https:\/\/www.economiademallorca.com\/ads\/20221222180810077387\" title=\"Publicidad 77387\"> <img loading=\"lazy\" decoding=\"async\" src=\"https:\/\/news.google.com\/media\/economiademallorca\/images\/2022\/12\/22\/2022122218073561670.jpg\" alt=\"Publicidad 77387\" width=\"300\" height=\"250\" class=\"lazyload\" srcset=\"https:\/\/news.google.comhttps:\/\/news.google.comhttps:\/\/news.google.comhttps:\/\/news.google.com\/asset\/thumbnail,https:\/\/news.google.com\/480,https:\/\/news.google.com\/270,https:\/\/news.google.com\/https:\/\/news.google.com\/https:\/\/news.google.com\/https:\/\/news.google.com\/center,https:\/\/news.google.com\/https:\/\/news.google.com\/https:\/\/news.google.com\/https:\/\/news.google.com\/center\/media\/economiademallorca\/images\/2022\/12\/22\/2022122218073561670.jpg https:\/\/news.google.com\/480w,https:\/\/news.google.comhttps:\/\/news.google.comhttps:\/\/news.google.comhttps:\/\/news.google.com\/asset\/thumbnail,https:\/\/news.google.com\/768,https:\/\/news.google.com\/432,https:\/\/news.google.com\/https:\/\/news.google.com\/https:\/\/news.google.com\/https:\/\/news.google.com\/center,https:\/\/news.google.com\/https:\/\/news.google.com\/https:\/\/news.google.com\/https:\/\/news.google.com\/center\/media\/economiademallorca\/images\/2022\/12\/22\/2022122218073561670.jpg https:\/\/news.google.com\/768w,https:\/\/news.google.comhttps:\/\/news.google.comhttps:\/\/news.google.comhttps:\/\/news.google.com\/asset\/thumbnail,https:\/\/news.google.com\/992,https:\/\/news.google.com\/558,https:\/\/news.google.com\/https:\/\/news.google.com\/https:\/\/news.google.com\/https:\/\/news.google.com\/center,https:\/\/news.google.com\/https:\/\/news.google.com\/https:\/\/news.google.com\/https:\/\/news.google.com\/center\/media\/economiademallorca\/images\/2022\/12\/22\/2022122218073561670.jpg https:\/\/news.google.com\/992w,https:\/\/news.google.comhttps:\/\/news.google.comhttps:\/\/news.google.comhttps:\/\/news.google.com\/asset\/thumbnail,https:\/\/news.google.com\/1280,https:\/\/news.google.com\/720,https:\/\/news.google.com\/https:\/\/news.google.com\/https:\/\/news.google.com\/https:\/\/news.google.com\/center,https:\/\/news.google.com\/https:\/\/news.google.com\/https:\/\/news.google.com\/https:\/\/news.google.com\/center\/media\/economiademallorca\/images\/2022\/12\/22\/2022122218073561670.jpg https:\/\/news.google.com\/1280w\" sizes=\"auto, (max-width: 480px) 480px, (max-width: 768px) 768px, (max-width: 992px) 992px, 1280px\"\/> <\/a><\/div>\n<p><strong>El concejal de Turismo del Ayuntamiento de Las Palmas de Gran Canaria, Pedro Quevedo<\/strong>, valor\u00f3 el trabajo de colaboraci\u00f3n entre las tres instituciones \u201cpara impulsar este proyecto gastron\u00f3mico de promoci\u00f3n tur\u00edstica de la capital grancanaria a nivel nacional, que es posible ahora gracias a la implicaci\u00f3n de Binter y la reputaci\u00f3n y calidad lograda por el Hotel Santa Catalina, un icono del patrimonio de la ciudad, de propiedad municipal, que gestiona Barcel\u00f3 Hotel Group\u201d.<\/p>\n<div class=\"ad-slot oat oat-visible oat-top \" data-mark=\"Publicidad\" style=\"height: 265px;\"><a rel=\"nofollow noopener\" target=\"_blank\" href=\"https:\/\/www.economiademallorca.com\/ads\/20221213130939077050\" title=\"Publicidad 77050\"> <img loading=\"lazy\" decoding=\"async\" src=\"https:\/\/news.google.com\/media\/economiademallorca\/images\/2022\/12\/28\/2022122819104232252.jpg\" alt=\"Publicidad 77050\" width=\"300\" height=\"250\" class=\"lazyload\" srcset=\"https:\/\/news.google.comhttps:\/\/news.google.comhttps:\/\/news.google.comhttps:\/\/news.google.com\/asset\/thumbnail,https:\/\/news.google.com\/480,https:\/\/news.google.com\/270,https:\/\/news.google.com\/https:\/\/news.google.com\/https:\/\/news.google.com\/https:\/\/news.google.com\/center,https:\/\/news.google.com\/https:\/\/news.google.com\/https:\/\/news.google.com\/https:\/\/news.google.com\/center\/media\/economiademallorca\/images\/2022\/12\/28\/2022122819104232252.jpg https:\/\/news.google.com\/480w,https:\/\/news.google.comhttps:\/\/news.google.comhttps:\/\/news.google.comhttps:\/\/news.google.com\/asset\/thumbnail,https:\/\/news.google.com\/768,https:\/\/news.google.com\/432,https:\/\/news.google.com\/https:\/\/news.google.com\/https:\/\/news.google.com\/https:\/\/news.google.com\/center,https:\/\/news.google.com\/https:\/\/news.google.com\/https:\/\/news.google.com\/https:\/\/news.google.com\/center\/media\/economiademallorca\/images\/2022\/12\/28\/2022122819104232252.jpg https:\/\/news.google.com\/768w,https:\/\/news.google.comhttps:\/\/news.google.comhttps:\/\/news.google.comhttps:\/\/news.google.com\/asset\/thumbnail,https:\/\/news.google.com\/992,https:\/\/news.google.com\/558,https:\/\/news.google.com\/https:\/\/news.google.com\/https:\/\/news.google.com\/https:\/\/news.google.com\/center,https:\/\/news.google.com\/https:\/\/news.google.com\/https:\/\/news.google.com\/https:\/\/news.google.com\/center\/media\/economiademallorca\/images\/2022\/12\/28\/2022122819104232252.jpg https:\/\/news.google.com\/992w,https:\/\/news.google.comhttps:\/\/news.google.comhttps:\/\/news.google.comhttps:\/\/news.google.com\/asset\/thumbnail,https:\/\/news.google.com\/1280,https:\/\/news.google.com\/720,https:\/\/news.google.com\/https:\/\/news.google.com\/https:\/\/news.google.com\/https:\/\/news.google.com\/center,https:\/\/news.google.com\/https:\/\/news.google.com\/https:\/\/news.google.com\/https:\/\/news.google.com\/center\/media\/economiademallorca\/images\/2022\/12\/28\/2022122819104232252.jpg https:\/\/news.google.com\/1280w\" sizes=\"auto, (max-width: 480px) 480px, (max-width: 768px) 768px, (max-width: 992px) 992px, 1280px\"\/> <\/a><\/div>\n<p>Quevedo record\u00f3 que la relaci\u00f3n turismo \u2013 gastronom\u00eda es un maridaje casi perfecto para entender los destinos, su cultura, sus tradiciones, su historia &#8230; y disfrutarlos mucho mejor. En este sentido, apunt\u00f3, la gastronom\u00eda se ha posicionado\u00a0entre los atractivos tur\u00edsticos de la capital grancanaria, gracias a la diversidad y calidad de sus restaurantes, la creatividad y el talento de sus cocineros contempor\u00e1neos y el producto native y fresco de sus mercados.<\/p>\n<div class=\"ad-slot oat oat-visible oat-top \" data-mark=\"Publicidad\" style=\"height: 265px;\"><a rel=\"nofollow noopener\" target=\"_blank\" href=\"https:\/\/www.economiademallorca.com\/ads\/20220721095950071876\" title=\"Publicidad 71876\"> <img loading=\"lazy\" decoding=\"async\" src=\"https:\/\/news.google.com\/media\/economiademallorca\/images\/2022\/07\/21\/2022072109584359727.gif\" alt=\"Publicidad 71876\" width=\"300\" height=\"250\" class=\"lazyload\" srcset=\"https:\/\/news.google.comhttps:\/\/news.google.comhttps:\/\/news.google.comhttps:\/\/news.google.com\/asset\/thumbnail,https:\/\/news.google.com\/480,https:\/\/news.google.com\/270,https:\/\/news.google.com\/https:\/\/news.google.com\/https:\/\/news.google.com\/https:\/\/news.google.com\/center,https:\/\/news.google.com\/https:\/\/news.google.com\/https:\/\/news.google.com\/https:\/\/news.google.com\/center\/media\/economiademallorca\/images\/2022\/07\/21\/2022072109584359727.gif https:\/\/news.google.com\/480w,https:\/\/news.google.comhttps:\/\/news.google.comhttps:\/\/news.google.comhttps:\/\/news.google.com\/asset\/thumbnail,https:\/\/news.google.com\/768,https:\/\/news.google.com\/432,https:\/\/news.google.com\/https:\/\/news.google.com\/https:\/\/news.google.com\/https:\/\/news.google.com\/center,https:\/\/news.google.com\/https:\/\/news.google.com\/https:\/\/news.google.com\/https:\/\/news.google.com\/center\/media\/economiademallorca\/images\/2022\/07\/21\/2022072109584359727.gif https:\/\/news.google.com\/768w,https:\/\/news.google.comhttps:\/\/news.google.comhttps:\/\/news.google.comhttps:\/\/news.google.com\/asset\/thumbnail,https:\/\/news.google.com\/992,https:\/\/news.google.com\/558,https:\/\/news.google.com\/https:\/\/news.google.com\/https:\/\/news.google.com\/https:\/\/news.google.com\/center,https:\/\/news.google.com\/https:\/\/news.google.com\/https:\/\/news.google.com\/https:\/\/news.google.com\/center\/media\/economiademallorca\/images\/2022\/07\/21\/2022072109584359727.gif https:\/\/news.google.com\/992w,https:\/\/news.google.comhttps:\/\/news.google.comhttps:\/\/news.google.comhttps:\/\/news.google.com\/asset\/thumbnail,https:\/\/news.google.com\/1280,https:\/\/news.google.com\/720,https:\/\/news.google.com\/https:\/\/news.google.com\/https:\/\/news.google.com\/https:\/\/news.google.com\/center,https:\/\/news.google.com\/https:\/\/news.google.com\/https:\/\/news.google.com\/https:\/\/news.google.com\/center\/media\/economiademallorca\/images\/2022\/07\/21\/2022072109584359727.gif https:\/\/news.google.com\/1280w\" sizes=\"auto, (max-width: 480px) 480px, (max-width: 768px) 768px, (max-width: 992px) 992px, 1280px\"\/> <\/a><\/div>\n<p>\u2018Las Palmas de Gran Canaria Gastrotrip\u2019 desarrollar\u00e1 una serie de eventos repartidos por todo el mapa nacional en ciudades seleccionadas con un mismo criterio: la conexi\u00f3n directa a trav\u00e9s de vuelos de la compa\u00f1\u00eda canaria Binter y la presencia de hoteles de la cadena Barcel\u00f3 Lodge Group en las mismas.<\/p>\n<p><iframe loading=\"lazy\" src=\"https:\/\/ad.doubleclick.net\/ddm\/adi\/N99002.2495713ECONOMIADEMALLORCA\/B29028818.354849415;sz=300x600;ord=[timestamp];dc_lat=;dc_rdid=;tag_for_child_directed_treatment=;tfua=;gdpr=${GDPR};gdpr_consent=${GDPR_CONSENT_755}?\" width=\"300\" height=\"600\" marginwidth=\"0\" marginheight=\"0\" hspace=\"0\" vspace=\"0\" frameborder=\"0\" scrolling=\"no\" bordercolor=\"#000000\">&#13;<br \/>\n<script language=\"JavaScript1.1\" src=\"https:\/\/ad.doubleclick.net\/ddm\/adj\/N99002.2495713ECONOMIADEMALLORCA\/B29028818.354849415;abr=!ie;sz=300x600;ord=[timestamp];dc_lat=;dc_rdid=;tag_for_child_directed_treatment=;tfua=;gdpr=${GDPR};gdpr_consent=${GDPR_CONSENT_755}?\"><![CDATA[\n]]><\/script>&#13;<br \/>\n<\/iframe><\/p>\n<p>En una primera fase del proyecto, Las Palmas de Gran Canaria viajar\u00e1 a Donostia-San Sebasti\u00e1n (13 de febrero), Oviedo (27 de febrero), Palma (13 de marzo) y Jerez de la Frontera (27 de marzo). En estas ciudades se realizar\u00e1 una jornada gastron\u00f3mica a cuatro manos donde se unir\u00e1n el arte culinario del equipo del <strong>restaurante Poemas by Hermanos Padr\u00f3n, ubicado en el hist\u00f3rico y emblem\u00e1tico Santa Catalina, (una estrella Michelin) con el de un chef de cada ciudad.<\/strong><\/p>\n<p><strong>El coordinador normal de Binter, Santiago Guerra, <\/strong>destac\u00f3 el compromiso de la aerol\u00ednea con los destinos a los que vuela para colaborar en su promoci\u00f3n y su constante ejercicio como marca embajadora de Canarias. \u201cCon la nueva iniciativa que presentamos hoy, queremos contar en San Sebasti\u00e1n, Oviedo, Palma y Jerez de la Frontera lo que podr\u00e1n disfrutar con el viaje gastron\u00f3mico que les proponemos, en vuelo directo de solo tres horas en los nuevos aviones Embraer, donde mimamos al m\u00e1ximo la atenci\u00f3n a bordo con detalles como un aperitivo de cortes\u00eda incluido en todas las tarifas. Para nosotros, el servicio a los clientes es prioritario y uno de los aspectos que m\u00e1s valoran los pasajeros de volar con Binter\u201d.<\/p>\n<div class=\"ad-slot oat oat-visible oat-top \" data-mark=\"Publicidad\" style=\"height: 315px;\"><a rel=\"nofollow noopener\" target=\"_blank\" href=\"https:\/\/www.economiademallorca.com\/ads\/20220715092350068494\" title=\"Publicidad 68494\"> <img loading=\"lazy\" decoding=\"async\" src=\"https:\/\/news.google.com\/media\/economiademallorca\/images\/2022\/07\/15\/2022071509205974605.gif\" alt=\"Publicidad 68494\" width=\"300\" height=\"250\" class=\"lazyload\" srcset=\"https:\/\/news.google.comhttps:\/\/news.google.comhttps:\/\/news.google.comhttps:\/\/news.google.com\/asset\/thumbnail,https:\/\/news.google.com\/480,https:\/\/news.google.com\/270,https:\/\/news.google.com\/https:\/\/news.google.com\/https:\/\/news.google.com\/https:\/\/news.google.com\/center,https:\/\/news.google.com\/https:\/\/news.google.com\/https:\/\/news.google.com\/https:\/\/news.google.com\/center\/media\/economiademallorca\/images\/2022\/07\/15\/2022071509205974605.gif https:\/\/news.google.com\/480w,https:\/\/news.google.comhttps:\/\/news.google.comhttps:\/\/news.google.comhttps:\/\/news.google.com\/asset\/thumbnail,https:\/\/news.google.com\/768,https:\/\/news.google.com\/432,https:\/\/news.google.com\/https:\/\/news.google.com\/https:\/\/news.google.com\/https:\/\/news.google.com\/center,https:\/\/news.google.com\/https:\/\/news.google.com\/https:\/\/news.google.com\/https:\/\/news.google.com\/center\/media\/economiademallorca\/images\/2022\/07\/15\/2022071509205974605.gif https:\/\/news.google.com\/768w,https:\/\/news.google.comhttps:\/\/news.google.comhttps:\/\/news.google.comhttps:\/\/news.google.com\/asset\/thumbnail,https:\/\/news.google.com\/992,https:\/\/news.google.com\/558,https:\/\/news.google.com\/https:\/\/news.google.com\/https:\/\/news.google.com\/https:\/\/news.google.com\/center,https:\/\/news.google.com\/https:\/\/news.google.com\/https:\/\/news.google.com\/https:\/\/news.google.com\/center\/media\/economiademallorca\/images\/2022\/07\/15\/2022071509205974605.gif https:\/\/news.google.com\/992w,https:\/\/news.google.comhttps:\/\/news.google.comhttps:\/\/news.google.comhttps:\/\/news.google.com\/asset\/thumbnail,https:\/\/news.google.com\/1280,https:\/\/news.google.com\/720,https:\/\/news.google.com\/https:\/\/news.google.com\/https:\/\/news.google.com\/https:\/\/news.google.com\/center,https:\/\/news.google.com\/https:\/\/news.google.com\/https:\/\/news.google.com\/https:\/\/news.google.com\/center\/media\/economiademallorca\/images\/2022\/07\/15\/2022071509205974605.gif https:\/\/news.google.com\/1280w\" sizes=\"auto, (max-width: 480px) 480px, (max-width: 768px) 768px, (max-width: 992px) 992px, 1280px\"\/> <\/a><\/div>\n<p>Durante su intervenci\u00f3n, el portavoz de la aerol\u00ednea destac\u00f3 el liderazgo de la compa\u00f1\u00eda canaria en la oferta de rutas nacionales, que permite conectar de forma directa el archipi\u00e9lago con 15 aeropuertos de la pen\u00ednsula y Baleares, que sumado a las rutas con 18 aeropuertos internacionales, permitir\u00e1 ofrecer este a\u00f1o la mayor programaci\u00f3n estival de su historia, con m\u00e1s de 650.000 plazas entre Canarias y el exterior.<\/p>\n<p>Por su parte, Alfonso Gir\u00f3n, director de Santa Catalina, a Royal Hideaway Lodge ha resaltado el papel que el lodge ha jugado como referente cultural y, m\u00e1s recientemente, dentro del mundo de la alta gastronom\u00eda. \u201cPoder trasladar la esencia del hotel a trav\u00e9s del equipo de Poemas by Hermanos Padr\u00f3n, con Ic\u00edar P\u00e9rez a la cabeza \u2013 jefa de cocina del restaurante, reconocida como \u2018Mejor jefe de cocina\u2019 en los XXXV Premios de Gastronom\u00eda del Diario de Avisos &#8211; es un privilegio y nos permite dar a conocer nuestra propuesta a territorios nacionales como Donostia-San Sebasti\u00e1n, Oviedo o Jerez de la Frontera, entre otros.\u201d<\/p>\n<p>\u2018Las Palmas de Gran Canaria Gastrotrip\u2019 es una oportunidad para dar a conocer su completa oferta tur\u00edstica, una ciudad cosmopolita y llena de vida perfecta para todo tipo de viajeros. Junto a su amplia oferta gastron\u00f3mica de primer nivel, la ciudad presume de un clima envidiable durante todo el a\u00f1o, con sol y temperaturas siempre suaves, perfectas para disfrutar de la playa de Las Canteras, reconocida como la mejor playa urbana del mundo por Tripadvisor. \u00a0La playa y el sol se complementan con los preciosos barrios hist\u00f3ricos de la capital, una agenda repleta de actividades culturales y los mejores museos y exposiciones. \u00a0<\/p>\n<\/div>\n\n<p><em> &#8221; Fuentes news.google.com &#8221; <\/em><\/p>\n","protected":false},"excerpt":{"rendered":"<p>\u2018Las Palmas de Gran Canaria Gastrotrip\u2019, que se ha presentado este jueves en el marco de FITUR 2023, en Madrid, propone la fusi\u00f3n entre la experiencia de una escapada al principal destino urbano de las Islas Canarias y el disfrute de una gastronom\u00eda diversa y creativa, donde el producto native y fresco de las islas [&hellip;]<\/p>\n","protected":false},"author":4,"featured_media":470021,"comment_status":"open","ping_status":"closed","sticky":false,"template":"","format":"standard","meta":{"om_disable_all_campaigns":false,"jnews-multi-image_gallery":[],"jnews_single_post":[],"jnews_primary_category":[],"jnews_social_meta":[],"footnotes":""},"categories":[39],"tags":[19636,743,544],"class_list":["post-470020","post","type-post","status-publish","format-standard","has-post-thumbnail","hentry","category-viajes","tag-binter","tag-gastronomia","tag-turismo"],"_links":{"self":[{"href":"https:\/\/dimensionturistica.com\/es\/wp-json\/wp\/v2\/posts\/470020","targetHints":{"allow":["GET"]}}],"collection":[{"href":"https:\/\/dimensionturistica.com\/es\/wp-json\/wp\/v2\/posts"}],"about":[{"href":"https:\/\/dimensionturistica.com\/es\/wp-json\/wp\/v2\/types\/post"}],"author":[{"embeddable":true,"href":"https:\/\/dimensionturistica.com\/es\/wp-json\/wp\/v2\/users\/4"}],"replies":[{"embeddable":true,"href":"https:\/\/dimensionturistica.com\/es\/wp-json\/wp\/v2\/comments?post=470020"}],"version-history":[{"count":0,"href":"https:\/\/dimensionturistica.com\/es\/wp-json\/wp\/v2\/posts\/470020\/revisions"}],"wp:featuredmedia":[{"embeddable":true,"href":"https:\/\/dimensionturistica.com\/es\/wp-json\/wp\/v2\/media\/470021"}],"wp:attachment":[{"href":"https:\/\/dimensionturistica.com\/es\/wp-json\/wp\/v2\/media?parent=470020"}],"wp:term":[{"taxonomy":"category","embeddable":true,"href":"https:\/\/dimensionturistica.com\/es\/wp-json\/wp\/v2\/categories?post=470020"},{"taxonomy":"post_tag","embeddable":true,"href":"https:\/\/dimensionturistica.com\/es\/wp-json\/wp\/v2\/tags?post=470020"}],"curies":[{"name":"wp","href":"https:\/\/api.w.org\/{rel}","templated":true}]}}