{"id":469837,"date":"2023-01-19T14:52:38","date_gmt":"2023-01-19T14:52:38","guid":{"rendered":"https:\/\/dimensionturistica.com\/es\/?p=469837"},"modified":"2023-01-19T14:52:38","modified_gmt":"2023-01-19T14:52:38","slug":"cuantos-millones-de-turistas-viajaron-en-2022","status":"publish","type":"post","link":"https:\/\/dimensionturistica.com\/es\/cuantos-millones-de-turistas-viajaron-en-2022\/","title":{"rendered":"\u00bfCu\u00e1ntos millones de turistas viajaron en 2022?"},"content":{"rendered":"<p> <br \/>\n<\/p>\n<div property=\"content:encoded\">\n<p>La <strong>Organizaci\u00f3n Mundial del Turismo <\/strong>(OMT) <strong>prev\u00e9 que en 2023 las llegadas de turistas internacionales a escala international podr\u00edan situarse entre 80 y 95% frente a niveles de 2019<\/strong>.<\/p>\n<p>El organismo se\u00f1al\u00f3 que todo depender\u00e1 de en qu\u00e9 medida se produzca una <strong>ralentizaci\u00f3n econ\u00f3mica<\/strong> y c\u00f3mo se recuperen los viajes en Asia y en el Pac\u00edfico, as\u00ed como la <strong>evoluci\u00f3n de la guerra entre Rusia y Ucrania<\/strong> y otros factores como la inflaci\u00f3n.<\/p>\n<p>De acuerdo con el Bar\u00f3metro, presentado en el marco previo de la <strong>Feria Internacional de Turismo<\/strong> (Fitur) que comenzar\u00e1 hoy en Madrid, Espa\u00f1a,<strong> la OMT revel\u00f3 que durante el a\u00f1o pasado viajaron por el mundo 900 millones de <a rel=\"nofollow noopener\" target=\"_blank\" href=\"https:\/\/www.dineroenimagen.com\/actualidad\/en-que-debe-enfocarse-mexico-si-quiere-seguir-beneficiandose-del-turismo\/143230\">turistas<\/a><\/strong>, el doble que en 2021 pero s\u00f3lo 63% de lo que se ten\u00eda previo a la pandemia.<\/p>\n<p><strong>La regi\u00f3n que logr\u00f3 la mayor recuperaci\u00f3n fue Oriente Medio <\/strong>que atrajo a 83% de los turistas que tuvo en 2019, Europa lleg\u00f3 casi a 80% de los niveles prepand\u00e9micos, mientras que <strong>\u00c1frica y las Am\u00e9ricas recuperaron alrededor del 65%<\/strong>, mientras que Asia-Pac\u00edfico tuvo el peor resultado con apenas el 23% debido a las restricciones de viaje que implement\u00f3 y que elimin\u00f3 en los ultimo meses.<\/p>\n<blockquote>\n<p>Un nuevo a\u00f1o trae nuevos motivos de optimismo para el turismo mundial. La OMT prev\u00e9 un buen a\u00f1o para el sector, aun enfrent\u00e1ndonos a diversos retos, como la situaci\u00f3n econ\u00f3mica y la continua incertidumbre geopol\u00edtica. Diversos factores econ\u00f3micos pueden influir en el modo de viajar de las personas en 2023, y la OMT prev\u00e9 que la demanda de viajes internos y regionales siga siendo fuerte y ayude a impulsar la recuperaci\u00f3n m\u00e1s generalizada del sector\u201d, dijo al respecto Zurab Pololikashvili, secretario basic de la OMT.\u00a0<\/p>\n<\/blockquote>\n<p>Seg\u00fan el Bar\u00f3metro, el levantamiento de<strong> las restricciones de viaje en China,<\/strong> el mayor mercado emisor del mundo, <strong>contribuir\u00e1 a la recuperaci\u00f3n del turismo<\/strong>, en specific hacia algunos destinos asi\u00e1ticos. Sin embargo, a escala international depender\u00e1 de las regulaciones que se le pongan a ese mercado, pues para mediados de este mes ya 32 pa\u00edses hab\u00edan impuesto restricciones a viajeros chinos.<\/p>\n<p>Mientras tanto, la fuerte demanda de<strong> Estados Unidos<\/strong>, apoyada por la fortaleza del d\u00f3lar, seguir\u00e1 beneficiando a los destinos Am\u00e9rica y el Caribe as\u00ed como a Europa.<\/p>\n<p>En el caso del gasto destaca que este aument\u00f3 en la mayor\u00eda de los pa\u00edses es mayor que el de las llegadas.\u00a0<\/p>\n<\/div>\n\n<p><em> &#8221; Fuentes news.google.com &#8221; <\/em><\/p>\n","protected":false},"excerpt":{"rendered":"<p>La Organizaci\u00f3n Mundial del Turismo (OMT) prev\u00e9 que en 2023 las llegadas de turistas internacionales a escala international podr\u00edan situarse entre 80 y 95% frente a niveles de 2019. El organismo se\u00f1al\u00f3 que todo depender\u00e1 de en qu\u00e9 medida se produzca una ralentizaci\u00f3n econ\u00f3mica y c\u00f3mo se recuperen los viajes en Asia y en el [&hellip;]<\/p>\n","protected":false},"author":4,"featured_media":469838,"comment_status":"open","ping_status":"closed","sticky":false,"template":"","format":"standard","meta":{"om_disable_all_campaigns":false,"jnews-multi-image_gallery":[],"jnews_single_post":[],"jnews_primary_category":[],"jnews_social_meta":[],"footnotes":""},"categories":[39],"tags":[707,1158,1298],"class_list":["post-469837","post","type-post","status-publish","format-standard","has-post-thumbnail","hentry","category-viajes","tag-actualidad","tag-omt","tag-viajeros"],"_links":{"self":[{"href":"https:\/\/dimensionturistica.com\/es\/wp-json\/wp\/v2\/posts\/469837","targetHints":{"allow":["GET"]}}],"collection":[{"href":"https:\/\/dimensionturistica.com\/es\/wp-json\/wp\/v2\/posts"}],"about":[{"href":"https:\/\/dimensionturistica.com\/es\/wp-json\/wp\/v2\/types\/post"}],"author":[{"embeddable":true,"href":"https:\/\/dimensionturistica.com\/es\/wp-json\/wp\/v2\/users\/4"}],"replies":[{"embeddable":true,"href":"https:\/\/dimensionturistica.com\/es\/wp-json\/wp\/v2\/comments?post=469837"}],"version-history":[{"count":0,"href":"https:\/\/dimensionturistica.com\/es\/wp-json\/wp\/v2\/posts\/469837\/revisions"}],"wp:featuredmedia":[{"embeddable":true,"href":"https:\/\/dimensionturistica.com\/es\/wp-json\/wp\/v2\/media\/469838"}],"wp:attachment":[{"href":"https:\/\/dimensionturistica.com\/es\/wp-json\/wp\/v2\/media?parent=469837"}],"wp:term":[{"taxonomy":"category","embeddable":true,"href":"https:\/\/dimensionturistica.com\/es\/wp-json\/wp\/v2\/categories?post=469837"},{"taxonomy":"post_tag","embeddable":true,"href":"https:\/\/dimensionturistica.com\/es\/wp-json\/wp\/v2\/tags?post=469837"}],"curies":[{"name":"wp","href":"https:\/\/api.w.org\/{rel}","templated":true}]}}