{"id":469369,"date":"2023-01-19T00:28:58","date_gmt":"2023-01-19T00:28:58","guid":{"rendered":"https:\/\/dimensionturistica.com\/es\/?p=469369"},"modified":"2023-01-19T00:28:59","modified_gmt":"2023-01-19T00:28:59","slug":"viajes-internacionales-los-favoritos-de-los-mexicanos-contrareplica","status":"publish","type":"post","link":"https:\/\/dimensionturistica.com\/es\/viajes-internacionales-los-favoritos-de-los-mexicanos-contrareplica\/","title":{"rendered":"Viajes internacionales, los favoritos de los mexicanos &#8211; ContraR\u00e9plica"},"content":{"rendered":"<p> <br \/>\n<\/p>\n<div id=\"contenidonota\">\n<p>De acuerdo con los resultados en la contrataci\u00f3n de asistencias de viaje, Allianz Journey, l\u00edder mundial en servicios de asistencia de viaje, informa que en la primera temporada vacacional de invierno pospandemia, los destinos internacionales ganaron protagonismo dentro de las preferencias entre los mexicanos, siendo los m\u00e1s populares Italia, Francia, Estados Unidos, Espa\u00f1a y Alemania.<\/p>\n<p>En t\u00e9rminos generales, un 74% de las asistencias de viaje contratadas durante diciembre y la primera semana de enero correspondi\u00f3 a clientes con vuelos a Europa, un 25% a viajeros con destino a ciudades dentro del continente americano y un 1% a otros pa\u00edses tales como Israel, Jordania y Egipto.<\/p>\n<p>En este contexto, Allianz Journey reporta un crecimiento del 22% en el n\u00famero de asistencias de viaje adquiridas en esta temporada en comparaci\u00f3n con el mismo periodo del 2021 y un aumento del 91% vs 2020. En este sentido, se identifica una tendencia al alza en el inter\u00e9s por viajar protegido ante posibles imprevistos, es decir, se perfila un turista mucho m\u00e1s precavido y consciente.<\/p>\n<p>\u201cSon cada vez m\u00e1s personas quienes quieren sentirse seguras y acompa\u00f1adas durante sus viajes, contemplando contar con un aliado ante una diversidad de imprevistos como enfermedades, accidentes, p\u00e9rdidas de equipaje, demoras en vuelos y mucho m\u00e1s\u201d, explic\u00f3 Joana del Toro, subdirectora de Allianz Journey. \u201cCuando se viaja con una asistencia, las personas s\u00f3lo deben de preocuparse por disfrutar\u201d, a\u00f1adi\u00f3.<\/p>\n<p>Estos datos tambi\u00e9n sugieren que, tal y como estaba previsto, la recuperaci\u00f3n del sector tur\u00edstico y la confianza en viajar se encuentra cada vez m\u00e1s cerca de los niveles previos al Covid-19. Al respecto, el \u00faltimo Bar\u00f3metro Mundial del Turismo, publicado por la Organizaci\u00f3n Mundial del Turismo (OMT), ya indicaba que para finales del 2022 el turismo internacional alcanzar\u00eda 65% de los niveles anteriores a la pandemia.<\/p>\n<p><i>Con informaci\u00f3n de RedFinancieraMX<\/i><\/p>\n<p><i>Imagen: Especial<\/i><\/p>\n<\/p><\/div>\n<p><script>!function(f,b,e,v,n,t,s){if(f.fbq)return;n=f.fbq=function(){n.callMethod?n.callMethod.apply(n,arguments):n.queue.push(arguments)};if(!f._fbq)f._fbq=n;n.push=n;n.loaded=!0;n.version='2.0';n.queue=[];t=b.createElement(e);t.async=!0;t.src=v;s=b.getElementsByTagName(e)[0];s.parentNode.insertBefore(t,s)}(window,document,'script','https:\/\/connect.facebook.net\/en_US\/fbevents.js');fbq('init','335314113974215');fbq('track','PageView');<\/script><br \/>\n<br \/><\/p>\n<p><em> &#8221; Fuentes news.google.com &#8221; <\/em><\/p>\n","protected":false},"excerpt":{"rendered":"<p>De acuerdo con los resultados en la contrataci\u00f3n de asistencias de viaje, Allianz Journey, l\u00edder mundial en servicios de asistencia de viaje, informa que en la primera temporada vacacional de invierno pospandemia, los destinos internacionales ganaron protagonismo dentro de las preferencias entre los mexicanos, siendo los m\u00e1s populares Italia, Francia, Estados Unidos, Espa\u00f1a y Alemania. [&hellip;]<\/p>\n","protected":false},"author":4,"featured_media":469370,"comment_status":"open","ping_status":"closed","sticky":false,"template":"","format":"standard","meta":{"om_disable_all_campaigns":false,"jnews-multi-image_gallery":[],"jnews_single_post":[],"jnews_primary_category":[],"jnews_social_meta":[],"footnotes":""},"categories":[39],"tags":[1158,544,1861,545],"class_list":["post-469369","post","type-post","status-publish","format-standard","has-post-thumbnail","hentry","category-viajes","tag-omt","tag-turismo","tag-vacaciones","tag-viajes"],"_links":{"self":[{"href":"https:\/\/dimensionturistica.com\/es\/wp-json\/wp\/v2\/posts\/469369","targetHints":{"allow":["GET"]}}],"collection":[{"href":"https:\/\/dimensionturistica.com\/es\/wp-json\/wp\/v2\/posts"}],"about":[{"href":"https:\/\/dimensionturistica.com\/es\/wp-json\/wp\/v2\/types\/post"}],"author":[{"embeddable":true,"href":"https:\/\/dimensionturistica.com\/es\/wp-json\/wp\/v2\/users\/4"}],"replies":[{"embeddable":true,"href":"https:\/\/dimensionturistica.com\/es\/wp-json\/wp\/v2\/comments?post=469369"}],"version-history":[{"count":0,"href":"https:\/\/dimensionturistica.com\/es\/wp-json\/wp\/v2\/posts\/469369\/revisions"}],"wp:featuredmedia":[{"embeddable":true,"href":"https:\/\/dimensionturistica.com\/es\/wp-json\/wp\/v2\/media\/469370"}],"wp:attachment":[{"href":"https:\/\/dimensionturistica.com\/es\/wp-json\/wp\/v2\/media?parent=469369"}],"wp:term":[{"taxonomy":"category","embeddable":true,"href":"https:\/\/dimensionturistica.com\/es\/wp-json\/wp\/v2\/categories?post=469369"},{"taxonomy":"post_tag","embeddable":true,"href":"https:\/\/dimensionturistica.com\/es\/wp-json\/wp\/v2\/tags?post=469369"}],"curies":[{"name":"wp","href":"https:\/\/api.w.org\/{rel}","templated":true}]}}