{"id":469097,"date":"2023-01-18T18:41:39","date_gmt":"2023-01-18T18:41:39","guid":{"rendered":"https:\/\/dimensionturistica.com\/es\/?p=469097"},"modified":"2023-01-18T18:41:39","modified_gmt":"2023-01-18T18:41:39","slug":"videoclip-webserie-y-jornada-de-fitness-las-tres-innovadoras-apuestas-de-el-campello-para-2023","status":"publish","type":"post","link":"https:\/\/dimensionturistica.com\/es\/videoclip-webserie-y-jornada-de-fitness-las-tres-innovadoras-apuestas-de-el-campello-para-2023\/","title":{"rendered":"Videoclip, webserie y jornada de Fitness, las tres innovadoras apuestas de El Campello para 2023"},"content":{"rendered":"<p> <br \/>\n<\/p>\n<div id=\"article-body-content\" data-action=\"toggle\" data-status=\"on\">\n<p class=\"paragraph\" id=\"paragraph_1\"><a rel=\"nofollow noopener\" target=\"_blank\" href=\"https:\/\/www.elespanol.com\/alicante\/vivir\/20220605\/celebra-dia-medio-ambiente-puntes-gosalvez-acequias\/677682379_0.html\">El Campello es uno de los escasos municipios de la Comunidad Valenciana<\/a> con el certificado de<strong> &#8220;excelencia tur\u00edstica&#8221;.<\/strong> Seg\u00fan explica su concejal, Marisa Navarro, porque ha sabido conjugar el trabajo del sector p\u00fablico con el del sector privado en una simbiosis que cada a\u00f1o aporta mejores resultados. Y en esa l\u00ednea quiere seguir trabajando el equipo de Gobierno que preside el <em>widespread<\/em> <strong>Juanjo Berenguer<\/strong>, de cara al precise ejercicio.<\/p>\n<p class=\"paragraph\" id=\"paragraph_2\"><strong>Fitur nuevamente se ha convertido en el principal escenario de estas propuestas de El Campello<\/strong> para el p\u00fablico nacional e internacional. As\u00ed, en 2023 el municipio de l&#8217;Alacant\u00ed ya ha dado a conocer sus principales propuestas de actividades y el modo de promocionarlas en una mercado tur\u00edstico muy competitivo.<\/p>\n<p class=\"paragraph\" id=\"paragraph_3\">El Campello ha optado por acercase a una p\u00fablico entre adolescente y joven a trav\u00e9s de su propio lenguaje audiovisual. Por esta raz\u00f3n, su campa\u00f1a<strong> &#8220;Ven, te ense\u00f1o El Campello&#8221;<\/strong> tiene como uno de sus principales hitos la adaptaci\u00f3n de un videoclip de una cantante native como <strong>Andrea Borr\u00e1s<\/strong>.<\/p>\n<p class=\"paragraph\" id=\"paragraph_4\"><em><a rel=\"nofollow noopener\" target=\"_blank\" href=\"https:\/\/www.elespanol.com\/alicante\/vivir\/20221012\/mil-personas-reciben-nuevo-espectacular-desembarco-campello\/629467051_3.html\">[M\u00e1s de cuatro mil personas reciben de nuevo el espectacular desembarco de El Campello]<\/a><\/em><\/p>\n<p class=\"paragraph\" id=\"paragraph_5\">Navarro ha presentado, y hasta tarareado, la canci\u00f3n en su presentaci\u00f3n en el Video Wall Costa Blanca, un espacio din\u00e1mico y atractivo habilitado por la Diputaci\u00f3n Provincial para que los municipios de Alicante. Seg\u00fan ha explicado, en los tres d\u00edas que lleva colgado en la plataforma de Youtube ya cuenta con m\u00e1s de 14.000 visualizaciones.<\/p>\n<section class=\"article-media article-media--iframes\">\n<div class=\"jeg_video_container jeg_video_content\"><iframe loading=\"lazy\" title=\"Ven, te ense\u00f1o como es El Campello 2023\" width=\"500\" height=\"281\" src=\"https:\/\/www.youtube.com\/embed\/W8ukqmrDzqo?feature=oembed\" frameborder=\"0\" allow=\"accelerometer; autoplay; clipboard-write; encrypted-media; gyroscope; picture-in-picture; web-share\" referrerpolicy=\"strict-origin-when-cross-origin\" allowfullscreen><\/iframe><\/div>\n<\/section>\n<p class=\"paragraph\" id=\"paragraph_6\">No es la \u00fanica apuesta innovadora. Desde el Ayuntamiento tambi\u00e9n se ha subvencionado la creaci\u00f3n y rodaje de <strong>una serie net titulada <em>Renacer<\/em> (<em>Reborn<\/em>),<\/strong> rodada \u00edntegramente en el municipio y dirigida a los &#8220;j\u00f3venes multipantalla.<\/p>\n<p class=\"paragraph\" id=\"paragraph_7\">Producida por Lorenzo Segura, cuenta con participaci\u00f3n de actores locales y consta de 10 cap\u00edtulos. De hecho, tras su presentaci\u00f3n en <strong>el stand de Movie Fee de Fitur<\/strong> esta tarde, comenzar\u00e1 a emitirse desde hoy mismo en la plataforma digital.<\/p>\n<section class=\"article-media article-media--iframes\">\n<div class=\"jeg_video_container jeg_video_content\"><iframe loading=\"lazy\" title=\"Teaser de la web serie #Reborn\" width=\"500\" height=\"281\" src=\"https:\/\/www.youtube.com\/embed\/3H7WazpDmSA?feature=oembed\" frameborder=\"0\" allow=\"accelerometer; autoplay; clipboard-write; encrypted-media; gyroscope; picture-in-picture; web-share\" referrerpolicy=\"strict-origin-when-cross-origin\" allowfullscreen><\/iframe><\/div>\n<\/section>\n<p class=\"paragraph\" id=\"paragraph_8\">Por \u00faltimo, el tercer eje de la campa\u00f1a tiene que ver con el deporte, con el objetivo de convertir<strong> El Campello Health en un\u00a0evento de atracci\u00f3n tur\u00edstica de primer orden<\/strong> capaz de congregar a far de personas.<\/p>\n<p class=\"paragraph\" id=\"paragraph_9\">Como ha explicado el concejal de Deportes Cristian Palomares, La\u00a0propuesta consiste en hacer ejercicio al aire libre ofertando<strong> decenas de actividades\u00a0paralelas<\/strong>, con monitores y m\u00fasica en directo a diversas horas del d\u00eda y hasta la noche el d\u00eda 6 de abril.<\/p>\n<p class=\"paragraph\" id=\"paragraph_10\">En cualquier caso, El Campello tambi\u00e9n tiene previsto continuar con sus acciones tur\u00edsticas que le han dado a conocer en toda Espa\u00f1a como <strong>uno de los mejores destinos de sol y playa del litoral Mediterr\u00e1neo.<\/strong> Con la colaboraci\u00f3n de 20 empresas, se seguir\u00e1n desarrollando los 12 ejes tur\u00edsticos de un municipio del que Navarro ha destacado que &#8220;no queremos perder la esencia de pueblo&#8221;, poniendo as\u00ed en valor su patrimonio.<\/p>\n<p class=\"paragraph\" id=\"paragraph_11\">Adem\u00e1s, <a rel=\"nofollow noopener\" target=\"_blank\" href=\"https:\/\/www.elespanol.com\/alicante\/economia\/turismo\/20230114\/campello-recibira-millones-euros-hacer-sostenible-turismo\/733676647_0.html\">El Campello contar\u00e1 a partir de ahora con 2,5 millones de euros de Fondos Europeos<\/a> para desarrollar <strong>programas de sostenibilidad tur\u00edstica<\/strong> que le permitir\u00e1n seguir estando en la \u00e9lite del turismo en la Comunidad Valenciana, evolucionando con los tiempos en un destino muy atractivo.<\/p>\n<p class=\"paragraph\" id=\"paragraph_12\">\u00a0\u00a0<\/p>\n<p><span class=\"follow-topics-title__icon\"\/>Sigue los temas que te interesan<\/p>\n<p><span><\/p>\n<p><\/span>                <\/div>\n\n<p><em> &#8221; Fuentes news.google.com &#8221; <\/em><\/p>\n","protected":false},"excerpt":{"rendered":"<p>El Campello es uno de los escasos municipios de la Comunidad Valenciana con el certificado de &#8220;excelencia tur\u00edstica&#8221;. Seg\u00fan explica su concejal, Marisa Navarro, porque ha sabido conjugar el trabajo del sector p\u00fablico con el del sector privado en una simbiosis que cada a\u00f1o aporta mejores resultados. Y en esa l\u00ednea quiere seguir trabajando el [&hellip;]<\/p>\n","protected":false},"author":4,"featured_media":469098,"comment_status":"open","ping_status":"closed","sticky":false,"template":"","format":"standard","meta":{"om_disable_all_campaigns":false,"jnews-multi-image_gallery":[],"jnews_single_post":[],"jnews_primary_category":[],"jnews_social_meta":[],"footnotes":""},"categories":[39],"tags":[23332,19663,61591,1570,544],"class_list":["post-469097","post","type-post","status-publish","format-standard","has-post-thumbnail","hentry","category-viajes","tag-alicante-ciudad","tag-alicante-provincia","tag-el-campello","tag-playas","tag-turismo"],"_links":{"self":[{"href":"https:\/\/dimensionturistica.com\/es\/wp-json\/wp\/v2\/posts\/469097","targetHints":{"allow":["GET"]}}],"collection":[{"href":"https:\/\/dimensionturistica.com\/es\/wp-json\/wp\/v2\/posts"}],"about":[{"href":"https:\/\/dimensionturistica.com\/es\/wp-json\/wp\/v2\/types\/post"}],"author":[{"embeddable":true,"href":"https:\/\/dimensionturistica.com\/es\/wp-json\/wp\/v2\/users\/4"}],"replies":[{"embeddable":true,"href":"https:\/\/dimensionturistica.com\/es\/wp-json\/wp\/v2\/comments?post=469097"}],"version-history":[{"count":0,"href":"https:\/\/dimensionturistica.com\/es\/wp-json\/wp\/v2\/posts\/469097\/revisions"}],"wp:featuredmedia":[{"embeddable":true,"href":"https:\/\/dimensionturistica.com\/es\/wp-json\/wp\/v2\/media\/469098"}],"wp:attachment":[{"href":"https:\/\/dimensionturistica.com\/es\/wp-json\/wp\/v2\/media?parent=469097"}],"wp:term":[{"taxonomy":"category","embeddable":true,"href":"https:\/\/dimensionturistica.com\/es\/wp-json\/wp\/v2\/categories?post=469097"},{"taxonomy":"post_tag","embeddable":true,"href":"https:\/\/dimensionturistica.com\/es\/wp-json\/wp\/v2\/tags?post=469097"}],"curies":[{"name":"wp","href":"https:\/\/api.w.org\/{rel}","templated":true}]}}