{"id":468905,"date":"2023-01-18T15:17:05","date_gmt":"2023-01-18T15:17:05","guid":{"rendered":"https:\/\/dimensionturistica.com\/es\/?p=468905"},"modified":"2023-01-18T15:17:06","modified_gmt":"2023-01-18T15:17:06","slug":"la-federacion-turistica-acude-a-fitur-con-una-firme-apuesta-por-liderar-el-turismo-nacional","status":"publish","type":"post","link":"https:\/\/dimensionturistica.com\/es\/la-federacion-turistica-acude-a-fitur-con-una-firme-apuesta-por-liderar-el-turismo-nacional\/","title":{"rendered":"La Federaci\u00f3n Tur\u00edstica acude a Fitur con una firme apuesta por liderar el turismo nacional"},"content":{"rendered":"<p> <br \/>\n<\/p>\n<div id=\"\">\n<p><img decoding=\"async\" itemprop=\"image\" src=\"https:\/\/news.google.com\/images\/2023\/01\/final_73431674030434.webp\"\/><\/p>\n<p>&#13;<\/p>\n<p>La Innovaci\u00f3n y la Sostenibilidad, tambi\u00e9n ocupar\u00e1 un espacio central en esta nueva edici\u00f3n de la Feria Internacional de Turismo<\/p>\n<p>&#13;<br \/>\n &#13;<\/p>\n<p>\u00a0<\/p>\n<p>&#13;<\/p>\n<li class=\"texto\"><i class=\"fa fa-file-text-o\"\/>Lancelot Digital<\/li>\n<p>\u00a0&#13;<\/p>\n<p>\u00a0<\/p>\n<p>&#13;<\/p>\n<p>La presidenta de la Federaci\u00f3n Tur\u00edstica de Lanzarote mantendr\u00e1 diferentes encuentros con empresas integrantes de la Federaci\u00f3n y representantes del sector desplazados a Ifema y atender\u00e1 la agenda de reuniones programada por el Cabildo de Lanzarote-Turismo Lanzarote con diferentes agentes de la industria tur\u00edstica.<\/p>\n<p>&#13;<\/p>\n<p>\u00a0<\/p>\n<p>&#13;<\/p>\n<p>Durante estos encuentros, la Federaci\u00f3n tur\u00edstica de Lanzarote abordar\u00e1 de manera especial la conectividad aerea, poniendo especial atenci\u00f3n a la conectividad con la pen\u00ednsula. Los datos de conectividad de Lanzarote con el mercado peninsular se han incrementado sustancialmente. En la temporada de invierno Lanzarote ha pasado de 46 vuelos semanales 2019\/22 a 80 vuelos semanales en la temporada de invierno precise, 22\/23. Las cifras de turistas, datos acumulados hasta noviembre 2022, situ\u00e1n al turismo nacional como segundo mercado emisor situ\u00e1ndose por delante del alem\u00e1n e irland\u00e9s.<\/p>\n<p>&#13;<\/p>\n<p>\u00a0<\/p>\n<p>&#13;<\/p>\n<p>&#8220;Lanzarote se est\u00e1 colocando en una posici\u00f3n de liderazgo en el mercado pen\u00ednsular frente a otros destinos competidores y tenemos que seguir impulsando esta tendencia positiva surgida tras la pandemia&#8221;, se\u00f1ala la Presidenta de la patronal tur\u00edstica.<\/p>\n<p>&#13;<\/p>\n<p>\u00a0<\/p>\n<p>&#13;<\/p>\n<p>&#8220;Desde la Federaci\u00f3n continuaremos trabajando por mejorar la conectividad con nuestra isla, una mayor oferta de rutas y plazas \u00e1reas mejora nuestra competitividad como destino, nos permite llegar a nuevos perfiles de turistas y nichos de mercado&#8221;, subray\u00f3 P\u00e9rez.<\/p>\n<p>&#13;<\/p>\n<p>\u00a0<\/p>\n<p>&#13;<\/p>\n<p>La Federaci\u00f3n Tur\u00edstica de Lanzarote (FTL) tambi\u00e9n asiste a la Feria Internacional poniendo especial atenci\u00f3n a la innovaci\u00f3n y a la sostenibilidad como ejes centrales en la agenda programada para los tres dias de Feria.<\/p>\n<p>&#13;<\/p>\n<p>\u00a0<\/p>\n<p>&#13;<\/p>\n<p>En la tarde de ayer martes 17 de enero, la presidenta de la Federaci\u00f3n Tur\u00edstica (FTL) y Asolan, Susana P\u00e9rez asisti\u00f3, junto con Alcalde de T\u00edas, Jos\u00e9 Juan Saavedra y H\u00e9ctor Fernandez, CEO\u00a0 TurismoLanzarote-SPEL, a la entrega de los Premios ReThink Lodge, en la sede de la Secretaria de Turismo, premios a la sostenibilidad y rehabilitaci\u00f3n en el sector hotelero espa\u00f1ol. En esta edici\u00f3n tres establecimientos hoteleros de la isla fueron premiados: el Lodge Fariones, Paradisus Salinas Lanzarote y Cesar Eco resort boutique, lo que demuestra la firme apuesta del sector empresarial por la sostenibilidad y la renovaci\u00f3n hotelera.<\/p>\n<p>&#13;<\/p>\n<p>\u00a0<\/p>\n<p>&#13;<\/p>\n<p>Asimismo, en el d\u00eda de hoy mi\u00e9rcoles, se har\u00e1 entrega de la VII Edici\u00f3n de los Premios CaixaBank Accommodations &amp; Tourism, premios a la innovaci\u00f3n y modernizaci\u00f3n hotelera impulsados por CaixaBank y las Patronales hoteleras de Canarias,\u00a0 Ashotel, Feht, Asolan y Asofuer, en el stand de las Islas Canarias y con la presencia del Presidente D. Angel Victor Torres y la consejera de turismo, D\u00f1a. Yaiza Castilla.<\/p>\n<p>&#13;<\/p>\n<p>\u00a0<\/p>\n<p>&#13;<\/p>\n<p>La Presidenta de la Federaci\u00f3n tur\u00edstica y Asolan estar\u00e1 presente en Fiturtech participando en la mesa redonda &#8220;Biontrend:Sin datos no hay Para\u00edso&#8221; junto a miembros del sector hotelero de otras organizaciones empresariales de ambito nacional, como Nuria Montes de Hosbec, Oriol Bonet de Gremi Accommodations o Javier Garc\u00eda del Instituto Tecnologico Hotelero (ITH) entre otros.<\/p>\n<p>&#13;<\/p>\n<p>\u00a0<\/p>\n<p>&#13;<\/p>\n<p>En cuanto a Sostenibilidad, Susana P\u00e9rez mantendr\u00e1 un encuentro con el equipo del Instituto de Turismo Responsable (ITR) que junto a otros destinos Biosphere compartir\u00e1n experiencias y abordar\u00e1n los nuevos desaf\u00edos que pueden contribuir a extender la sostenibilidad tur\u00edstica en un escenario internacional.<\/p>\n<\/p><\/div>\n<p><script src=\"https:\/\/connect.facebook.net\/es_ES\/all.js#xfbml=1\" type=\"text\/javascript\"><\/script><script type=\"text\/javascript\">\n\/\/<![CDATA[\n   \twindow.fbAsyncInit = function() {\n\t\tFB.init({ appId: '171342606239806', \n\t\t\tstatus: true, \n\t\t\tcookie: true,\n\t\t\txfbml: true,\n\t\t\toauth: true\n\t\t});\n   \t\t    \n\t  \t\t};\n    \/\/      \n    jQuery(window).load(function() {\n    \t(function(){\n    \t\tif(!document.getElementById('fb-root')) {\n    \t\t\tvar root = document.createElement('div');\n    \t\t\troot.id = 'fb-root';\n    \t\t\tdocument.getElementById('gkfb-root').appendChild(root);\n    \t\t\tvar e = document.createElement('script');\n    \t\t\te.src = document.location.protocol + '\/\/connect.facebook.net\/es_ES\/all.js';\n    \t\t\te.async = true;\n    \t\t\tdocument.getElementById('fb-root').appendChild(e);\n    \t\t}  \n    \t})();\n    });\n    \/\/]]>\n<\/script><br \/>\n<br \/><\/p>\n<p><em> &#8221; Fuentes news.google.com &#8221; <\/em><\/p>\n","protected":false},"excerpt":{"rendered":"<p>&#13; La Innovaci\u00f3n y la Sostenibilidad, tambi\u00e9n ocupar\u00e1 un espacio central en esta nueva edici\u00f3n de la Feria Internacional de Turismo &#13; &#13; \u00a0 &#13; Lancelot Digital \u00a0&#13; \u00a0 &#13; La presidenta de la Federaci\u00f3n Tur\u00edstica de Lanzarote mantendr\u00e1 diferentes encuentros con empresas integrantes de la Federaci\u00f3n y representantes del sector desplazados a Ifema y [&hellip;]<\/p>\n","protected":false},"author":4,"featured_media":468906,"comment_status":"open","ping_status":"closed","sticky":false,"template":"","format":"standard","meta":{"om_disable_all_campaigns":false,"jnews-multi-image_gallery":[],"jnews_single_post":[],"jnews_primary_category":[],"jnews_social_meta":[],"footnotes":""},"categories":[40],"tags":[946],"class_list":["post-468905","post","type-post","status-publish","format-standard","has-post-thumbnail","hentry","category-industria","tag-lancelot-digital-noticias-lanzarote-diario-digital-periodico-canarias-sucesos-deportes-cultura-vida-social-opinion-semanario-revista"],"_links":{"self":[{"href":"https:\/\/dimensionturistica.com\/es\/wp-json\/wp\/v2\/posts\/468905","targetHints":{"allow":["GET"]}}],"collection":[{"href":"https:\/\/dimensionturistica.com\/es\/wp-json\/wp\/v2\/posts"}],"about":[{"href":"https:\/\/dimensionturistica.com\/es\/wp-json\/wp\/v2\/types\/post"}],"author":[{"embeddable":true,"href":"https:\/\/dimensionturistica.com\/es\/wp-json\/wp\/v2\/users\/4"}],"replies":[{"embeddable":true,"href":"https:\/\/dimensionturistica.com\/es\/wp-json\/wp\/v2\/comments?post=468905"}],"version-history":[{"count":0,"href":"https:\/\/dimensionturistica.com\/es\/wp-json\/wp\/v2\/posts\/468905\/revisions"}],"wp:featuredmedia":[{"embeddable":true,"href":"https:\/\/dimensionturistica.com\/es\/wp-json\/wp\/v2\/media\/468906"}],"wp:attachment":[{"href":"https:\/\/dimensionturistica.com\/es\/wp-json\/wp\/v2\/media?parent=468905"}],"wp:term":[{"taxonomy":"category","embeddable":true,"href":"https:\/\/dimensionturistica.com\/es\/wp-json\/wp\/v2\/categories?post=468905"},{"taxonomy":"post_tag","embeddable":true,"href":"https:\/\/dimensionturistica.com\/es\/wp-json\/wp\/v2\/tags?post=468905"}],"curies":[{"name":"wp","href":"https:\/\/api.w.org\/{rel}","templated":true}]}}