{"id":468634,"date":"2023-01-18T08:36:15","date_gmt":"2023-01-18T08:36:15","guid":{"rendered":"https:\/\/dimensionturistica.com\/es\/?p=468634"},"modified":"2024-02-20T22:09:47","modified_gmt":"2024-02-20T22:09:47","slug":"el-alcalde-presenta-ante-el-cuerpo-diplomatico-de-las-embajadas-extranjeras-en-espana-la-oferta-turistica-de-una-sevilla-que-por-vez-primera-lleva-a-fitur-establecimientos-emblematicos-artesania-art","status":"publish","type":"post","link":"https:\/\/dimensionturistica.com\/es\/el-alcalde-presenta-ante-el-cuerpo-diplomatico-de-las-embajadas-extranjeras-en-espana-la-oferta-turistica-de-una-sevilla-que-por-vez-primera-lleva-a-fitur-establecimientos-emblematicos-artesania-art\/","title":{"rendered":"El alcalde presenta ante el Cuerpo Diplom\u00e1tico de las embajadas extranjeras en Espa\u00f1a la oferta tur\u00edstica de una Sevilla que por vez primera lleva a FITUR establecimientos emblem\u00e1ticos, artesan\u00eda, arte sacro, moda flamenca, gastronom\u00eda y patrimonio hist\u00f3rico-art\u00edstico y conventual bajo el concepto de se\u00f1as identitarias de la ciudad"},"content":{"rendered":"<p> <br \/>\n<\/p>\n<div id=\"parent-fieldname-text\">\n<p class=\"p1\">El alcalde de Sevilla, Antonio Mu\u00f1oz, ha presentado hoy ante el Cuerpo Diplom\u00e1tico de las embajadas extranjeras acreditadas en Espa\u00f1a, en un acto organizado por la Diputaci\u00f3n Provincial con la colaboraci\u00f3n del Ayuntamiento a trav\u00e9s de la Sevilla Metropolis Workplace, un especial reencuentro de la ciudad de Sevilla con sus se\u00f1as identitarias que, en un compendio de comercios y establecimientos hosteleros y hoteleros emblem\u00e1ticos, artesan\u00eda, arte sacro, moda flamenca, gastronom\u00eda, patrimonio hist\u00f3rico-art\u00edstico, conforman uno de los ejes de la oferta tur\u00edstica con la que la capital acude a la Feria Internacional de Turismo de Madrid, FITUR 2023, que se inaugura oficialmente ma\u00f1ana.<span class=\"Apple-converted-space\">\u00a0<\/span><\/p>\n<p class=\"p2\">\u00a0<\/p>\n<p class=\"p1\">Antonio Mu\u00f1oz ha participado en este acto de la Diputaci\u00f3n Provincial de presentaci\u00f3n del destino tur\u00edstico \u2018Provincia de Sevilla\u2019 que ha encabezado el presidente de la instituci\u00f3n, Fernando Rodr\u00edguez Villalobos, y la ministra de Hacienda y Funci\u00f3n P\u00fablica, Mar\u00eda Jes\u00fas Montero, y ha contado con la participaci\u00f3n del presidente de la Confederaci\u00f3n de Empresarios de Sevilla, Miguel Rus, y representantes de la industria tur\u00edstica sevillana.<span class=\"Apple-converted-space\">\u00a0<\/span><\/p>\n<p class=\"p2\">\u00a0<\/p>\n<p class=\"p1\">Este evento de promoci\u00f3n orientado al mercado internacional, as\u00ed como al impulso de la provincia de Sevilla como destino comercial y de inversi\u00f3n, ha tenido lugar en el Actual On line casino de la capital madrile\u00f1a, y ha contado con la colaboraci\u00f3n de la Academia de la Diplomacia. \u201cCon este tradicional evento promocional, recuperado tras la pandemia,<span class=\"Apple-converted-space\">\u00a0 <\/span>iniciamos nuestra agenda de presentaciones del destino y misiones comerciales de la mano del sector empresarial de la provincia\u201d, ha indicado Villalobos.<\/p>\n<p class=\"p2\">\u00a0<\/p>\n<p class=\"p1\">M\u00e1s de un centenar de miembros del Cuerpo Diplom\u00e1tico de unos 70 pa\u00edses de todo el mundo, entre ellos, una treintena de embajadores, han asistido a esta presentaci\u00f3n, que ha contado asimismo con la presencia de representantes<span class=\"Apple-converted-space\">\u00a0 <\/span>de asociaciones empresariales sevillanas y de \u00e1mbito nacional, as\u00ed como de agentes sociales, culturales y econ\u00f3micos, alcaldes y alcaldesas de la provincia, diputados y portavoces de la Corporaci\u00f3n Provincial, miembros del Congreso y del Senado, representantes de otras instituciones y medios de comunicaci\u00f3n, entre los m\u00e1s de 250 asistentes.<\/p>\n<p class=\"p2\">\u00a0<\/p>\n<p class=\"p1\">Al inicio de su intervenci\u00f3n, el alcalde se ha referido al trabajo realizado en \u00faltimos a\u00f1os marcados por la pandemia. \u201c2023 no es un a\u00f1o cualquiera para Sevilla en FITUR. En esta edici\u00f3n, nos presentamos con los resultados de un amplio periodo de reflexi\u00f3n sobre el modelo tur\u00edstico que quer\u00edamos pare nuestra ciudad. Una reflexi\u00f3n que parti\u00f3 tras el a\u00f1o r\u00e9cord de 2019 y que precipit\u00f3 la pandemia de la COVID. Entonces, de la mano de instituciones, empresas y conjunto de la sociedad civil, nos embarcamos en un ambicioso trabajo para repensar el modelo, y que se fue materializando en distintos acuerdos, el primero de ellos, y que sirvi\u00f3 de referencia al conjunto del pa\u00eds al consensuarse en el fatal verano de la pandemia de 2020, fue el Plan8\u201d.<\/p>\n<p class=\"p2\">\u00a0<\/p>\n<p class=\"p1\">En esa hoja de ruta se hablaba de generar productos nuevos a partir de elementos hasta ahora no explotados lo suficiente en la oferta tur\u00edstica. \u201cTraemos a FITUR por vez primera un compendio de se\u00f1as identitarias de la ciudad de Sevilla. Se\u00f1as como nuestros establecimientos emblem\u00e1ticos, que reflejan cultura y tradiciones, algunas de ellas centenarias y, por tanto, merecen un especial tratamiento. Son un viaje al pasado al pasear por nuestras calles m\u00e1s tur\u00edsticas, y son establecimientos que marcan la diferencia frente al modelo de las franquicias\u201d. Comercios, establecimientos hotelero sy hosteleros, artesan\u00eda, arte sacro, moda flamenca, gastronom\u00eda y patrimonio, tanto p\u00fablico como religioso, especialmente el conventual, han ido siendo desgranados por el alcalde de Sevilla.<span class=\"Apple-converted-space\">\u00a0<\/span><\/p>\n<p class=\"p2\">\u00a0<\/p>\n<p class=\"p1\">Junto con las se\u00f1as identitarias de la ciudad, Antonio Mu\u00f1oz ha abundado en que, fruto de esa reflexi\u00f3n a la que se someti\u00f3 el modelo tur\u00edstico, la ciudad estrena tambi\u00e9n en FITUR 2023 la capitalidad europea de turismo inteligente, ser un destino consolidado grandes eventos nacionales e internacionales, entre ellos la pr\u00f3xima gala de los Goya, acoger una amplia y variada oferta de turismo deportivo o ser destino de inversiones, como las que deparar\u00e1 la sede de la Agencia Espacial Espa\u00f1ola. Por \u00faltimo, el regidor hispalense ha defendido la unidad de las administraciones p\u00fablicas en FITUR, agradeciendo en este sentido las sinergias con la Diputaci\u00f3n. <span class=\"Apple-converted-space\">\u00a0<\/span><\/p>\n<p class=\"p2\">\u00a0<\/p>\n<p class=\"p1\">Por su parte, Fern\u00e1ndez Rodr\u00edguez se ha detenido en desgranar los motivos por los que \u201cSevilla Enamora\u201d, en alusi\u00f3n a la campa\u00f1a de promoci\u00f3n tur\u00edstica de Prodetur en el mercado internacional, entre los que se refiri\u00f3 al \u201cinmenso\u201d patrimonio de los municipios sevillanos. \u201cS\u00f3lo en lo que se refiere a patrimonio hist\u00f3rico, el<span class=\"Apple-converted-space\">\u00a0 <\/span>de la provincia de Sevilla, es el m\u00e1s abundante e importante de Andaluc\u00eda\u201d, ha afirmado Villalobos, que se ha referido al Cat\u00e1logo Basic del Patrimonio Hist\u00f3rico Andaluz, seg\u00fan el cual, la provincia de Sevilla cuenta con m\u00e1s de 470 recursos declarados de Inter\u00e9s Cultural entre monumentos, conjuntos, jardines y sitios hist\u00f3ricos, zonas arqueol\u00f3gicas y lugares de inter\u00e9s etnol\u00f3gico.<\/p>\n<p class=\"p2\">\u00a0<\/p>\n<p class=\"p1\">\u201cPero es que adem\u00e1s de la generosidad del paso de las distintas civilizaciones, la Naturaleza tambi\u00e9n derram\u00f3 bondades en nuestro pedacito de planeta\u201d, refiri\u00e9ndose, en este \u00faltimo apartado a enclaves como Do\u00f1ana y el Parque Pure de la Sierra Norte, en la comarca de la Sierra Morena sevillana.<\/p>\n<p class=\"p2\">\u00a0<\/p>\n<p class=\"p1\">Ha se\u00f1alado el car\u00e1cter acogedor de los vecinos y vecinas de los pueblos sevillanos, y se refiri\u00f3 a las \u201cexcelencias\u201d de la gastronom\u00eda y la restauraci\u00f3n de la provincia,<span class=\"Apple-converted-space\">\u00a0 <\/span>\u201ctodo hecho con una materia prima inmejorable,<span class=\"Apple-converted-space\">\u00a0 <\/span>productos que desde esta Diputaci\u00f3n, potenciamos y apoyamos a trav\u00e9s de la marca Sabores de la Provincia de Sevilla\u201d. Asegur\u00f3, tambi\u00e9n, que son los municipios los \u201cverdaderos protagonistas\u201d de la propuesta de la instituci\u00f3n provincial en FITUR, \u201cpueblos con encanto que, desde ma\u00f1ana y hasta el viernes nos van a traer un sinf\u00edn de propuestas espec\u00edficas, para que los visitantes se acerquen a su esencia\u201d.<\/p>\n<p class=\"p2\">\u00a0<\/p>\n<p class=\"p1\">Tras las intervenciones institucionales, los miembros del Cuerpo Diplom\u00e1tico ha podido disfrutar de la actuaci\u00f3n de la artista sevillana Marta Quintero, que ha estrenado el tema \u201cA Sevilla\u201d, como parte de una campa\u00f1a de promoci\u00f3n del destino.<span class=\"Apple-converted-space\">\u00a0 <\/span>Una cita en la que han sido protagonistas los productos gastron\u00f3micos m\u00e1s representativos e internacionales del territorio, como el pan, el aceite de oliva virgen further y las aceitunas. Adem\u00e1s, el postre fue elaborado por Laura Robles, jefa de reposter\u00eda de Robles Restaurantes. La velada cont\u00f3, tambi\u00e9n, con un desfile de mantones y mantillas de la maestra bordadora \u00c1ngeles Espinar.<\/p>\n<\/div>\n\n<p><em> &#8221; Fuentes news.google.com &#8221; <\/em><\/p>\n","protected":false},"excerpt":{"rendered":"<p>El alcalde de Sevilla, Antonio Mu\u00f1oz, ha presentado hoy ante el Cuerpo Diplom\u00e1tico de las embajadas extranjeras acreditadas en Espa\u00f1a, en un acto organizado por la Diputaci\u00f3n Provincial con la colaboraci\u00f3n del Ayuntamiento a trav\u00e9s de la Sevilla Metropolis Workplace, un especial reencuentro de la ciudad de Sevilla con sus se\u00f1as identitarias que, en un [&hellip;]<\/p>\n","protected":false},"author":4,"featured_media":0,"comment_status":"open","ping_status":"closed","sticky":false,"template":"","format":"standard","meta":{"om_disable_all_campaigns":false,"jnews-multi-image_gallery":[],"jnews_single_post":[],"jnews_primary_category":[],"jnews_social_meta":[],"footnotes":""},"categories":[144872],"tags":[],"class_list":["post-468634","post","type-post","status-publish","format-standard","hentry","category-fashion"],"_links":{"self":[{"href":"https:\/\/dimensionturistica.com\/es\/wp-json\/wp\/v2\/posts\/468634","targetHints":{"allow":["GET"]}}],"collection":[{"href":"https:\/\/dimensionturistica.com\/es\/wp-json\/wp\/v2\/posts"}],"about":[{"href":"https:\/\/dimensionturistica.com\/es\/wp-json\/wp\/v2\/types\/post"}],"author":[{"embeddable":true,"href":"https:\/\/dimensionturistica.com\/es\/wp-json\/wp\/v2\/users\/4"}],"replies":[{"embeddable":true,"href":"https:\/\/dimensionturistica.com\/es\/wp-json\/wp\/v2\/comments?post=468634"}],"version-history":[{"count":0,"href":"https:\/\/dimensionturistica.com\/es\/wp-json\/wp\/v2\/posts\/468634\/revisions"}],"wp:attachment":[{"href":"https:\/\/dimensionturistica.com\/es\/wp-json\/wp\/v2\/media?parent=468634"}],"wp:term":[{"taxonomy":"category","embeddable":true,"href":"https:\/\/dimensionturistica.com\/es\/wp-json\/wp\/v2\/categories?post=468634"},{"taxonomy":"post_tag","embeddable":true,"href":"https:\/\/dimensionturistica.com\/es\/wp-json\/wp\/v2\/tags?post=468634"}],"curies":[{"name":"wp","href":"https:\/\/api.w.org\/{rel}","templated":true}]}}