{"id":468264,"date":"2023-01-17T20:25:00","date_gmt":"2023-01-17T20:25:00","guid":{"rendered":"https:\/\/dimensionturistica.com\/es\/?p=468264"},"modified":"2023-01-17T20:25:00","modified_gmt":"2023-01-17T20:25:00","slug":"la-ocean-race-eleva-la-ocupacion-hotelera-en-alicante-al-65-menos-que-las-ediciones-de-otono","status":"publish","type":"post","link":"https:\/\/dimensionturistica.com\/es\/la-ocean-race-eleva-la-ocupacion-hotelera-en-alicante-al-65-menos-que-las-ediciones-de-otono\/","title":{"rendered":"La Ocean Race eleva la ocupaci\u00f3n hotelera en Alicante al 65%, menos que las ediciones de oto\u00f1o"},"content":{"rendered":"<p> <br \/>\n<\/p>\n<div>\n<p>ALICANTE. Primer registro oficial ofrecido por el sector tur\u00edstico sobre las implicaciones del desarrollo de la quinta etapa de salida de la Ocean Race desde el Puerto de Alicante. En concreto, la celebraci\u00f3n del evento se habr\u00eda traducido en un &#8220;incremento de la tasa de ocupaci\u00f3n hotelera para la ciudad de Alicante&#8221; hasta el punto de que se habr\u00eda alcanzado un \u00edndice del 65,5% entre los d\u00edas 12 y 15, seg\u00fan los datos facilitados por los establecimientos agrupados en la Asociaci\u00f3n Provincial de Hoteles de Alicante (APHA). Por su parte, el \u00edndice alcanzado en los establecimientos de Playa de San Juan lograron mejores cifras incluso, con una ocupaci\u00f3n del 87,9%, seg\u00fan han precisado fuentes de APHA.<\/p>\n<p>Portavoces oficiales de APHA han se\u00f1alado, a trav\u00e9s de un comunicado, que &#8220;se trata de una tasa modesta, pero significativa para esta \u00e9poca del a\u00f1o, ya que genera pernoctaciones en un momento de muy baja demanda&#8221;. En cualquier caso, las mismas fuentes han se\u00f1alado que &#8220;estas cifras, no obstante, est\u00e1n por debajo de las alcanzadas en ediciones que se celebraron en fechas fuera del invierno y bajo el patrocinio de la firma Volvo&#8221;, que se registraron durante el arranque del oto\u00f1o, a principios del mes de octubre.<\/p>\n<p>Sea como fuere, APHA se\u00f1ala que &#8220;el balance del acontecimiento n\u00e1utico es muy positivo en su conjunto. Las buenas cifras de ocupaci\u00f3n se dan en el momento menos concurrido de la temporada. Por otro lado, y sin duda se trata del impacto m\u00e1s relevante, el nombre de Alicante llega a todos los rincones del mundo por unos d\u00edas, aparecen im\u00e1genes y noticias en todos los medios internacionales y se genera una imagen positiva del destino asociada a una aventura n\u00e1utica de primer orden&#8221;.<\/p>\n<p>&#8220;APHA coincide, por tanto, en reconocer la relevancia que tiene The Ocean Race para Alicante y manifiesta su m\u00e1ximo apoyo a las gestiones para conseguir la continuidad de este evento en la ciudad en futuras ediciones&#8221;, a\u00f1ade la patronal del sector en Alicante.<\/p>\n<h4><strong>APHA refuerza su presencia en Fitur 2023<\/strong><\/h4>\n<p>Por otra parte, las mismas fuentes han se\u00f1alado que &#8220;APHA desplaza a esta edici\u00f3n de Fitur una nutrida delegaci\u00f3n para dar a conocer y promocionar los destinos de la provincia. El certamen tur\u00edstico m\u00e1s importante de Espa\u00f1a y uno de los m\u00e1s potentes en la escena internacional va a contar con una importante presencia de establecimientos hoteleros alicantinos, que se apoyar\u00e1n en un equipo comercial gracias al que mantendr\u00e1n una apretada agenda de reuniones con operadores y clientes nacionales e internacionales&#8221;, a\u00f1ade el comunicado.<\/p>\n<p>Adem\u00e1s, APHA participar\u00e1 de la agenda institucional de las administraciones tur\u00edsticas municipal de Alicante, provincial, encarnada en el Patronato de Turismo Costa Blanca y regional, por parte de Turisme Comunitat Valenciana.<\/p>\n<\/div>\n\n<p><em> &#8221; Fuentes news.google.com &#8221; <\/em><\/p>\n","protected":false},"excerpt":{"rendered":"<p>ALICANTE. Primer registro oficial ofrecido por el sector tur\u00edstico sobre las implicaciones del desarrollo de la quinta etapa de salida de la Ocean Race desde el Puerto de Alicante. En concreto, la celebraci\u00f3n del evento se habr\u00eda traducido en un &#8220;incremento de la tasa de ocupaci\u00f3n hotelera para la ciudad de Alicante&#8221; hasta el punto [&hellip;]<\/p>\n","protected":false},"author":4,"featured_media":468265,"comment_status":"open","ping_status":"closed","sticky":false,"template":"","format":"standard","meta":{"om_disable_all_campaigns":false,"jnews-multi-image_gallery":[],"jnews_single_post":[],"jnews_primary_category":[],"jnews_social_meta":[],"footnotes":""},"categories":[39],"tags":[6178,1289,61500,544],"class_list":["post-468264","post","type-post","status-publish","format-standard","has-post-thumbnail","hentry","category-viajes","tag-alicante","tag-hoteles","tag-ocean-race","tag-turismo"],"_links":{"self":[{"href":"https:\/\/dimensionturistica.com\/es\/wp-json\/wp\/v2\/posts\/468264","targetHints":{"allow":["GET"]}}],"collection":[{"href":"https:\/\/dimensionturistica.com\/es\/wp-json\/wp\/v2\/posts"}],"about":[{"href":"https:\/\/dimensionturistica.com\/es\/wp-json\/wp\/v2\/types\/post"}],"author":[{"embeddable":true,"href":"https:\/\/dimensionturistica.com\/es\/wp-json\/wp\/v2\/users\/4"}],"replies":[{"embeddable":true,"href":"https:\/\/dimensionturistica.com\/es\/wp-json\/wp\/v2\/comments?post=468264"}],"version-history":[{"count":0,"href":"https:\/\/dimensionturistica.com\/es\/wp-json\/wp\/v2\/posts\/468264\/revisions"}],"wp:featuredmedia":[{"embeddable":true,"href":"https:\/\/dimensionturistica.com\/es\/wp-json\/wp\/v2\/media\/468265"}],"wp:attachment":[{"href":"https:\/\/dimensionturistica.com\/es\/wp-json\/wp\/v2\/media?parent=468264"}],"wp:term":[{"taxonomy":"category","embeddable":true,"href":"https:\/\/dimensionturistica.com\/es\/wp-json\/wp\/v2\/categories?post=468264"},{"taxonomy":"post_tag","embeddable":true,"href":"https:\/\/dimensionturistica.com\/es\/wp-json\/wp\/v2\/tags?post=468264"}],"curies":[{"name":"wp","href":"https:\/\/api.w.org\/{rel}","templated":true}]}}