{"id":467972,"date":"2023-01-17T14:43:09","date_gmt":"2023-01-17T14:43:09","guid":{"rendered":"https:\/\/dimensionturistica.com\/es\/?p=467972"},"modified":"2023-01-17T14:43:09","modified_gmt":"2023-01-17T14:43:09","slug":"fitur-2023-el-regreso-mas-esperado","status":"publish","type":"post","link":"https:\/\/dimensionturistica.com\/es\/fitur-2023-el-regreso-mas-esperado\/","title":{"rendered":"Fitur 2023: el regreso m\u00e1s esperado"},"content":{"rendered":"<p> <br \/>\n<\/p>\n<div>\n<p>\u00bfQu\u00e9 nos traer\u00e1 <strong>Fitur 2023<\/strong>? Sin duda la edici\u00f3n n\u00famero 43 de la Feria Internacional de Turismo viene llena de expectativas y con ganas. Muchas ganas. <strong>La recuperaci\u00f3n del turismo<\/strong> es un hecho y el <strong>optimismo en el sector<\/strong> tambi\u00e9n.<\/p>\n<p>Si el a\u00f1o pasado las medidas de seguridad o las limitaciones segu\u00edan flotando en IFEMA, este 2023 el gran escaparate tur\u00edstico vuelve a ser como sol\u00eda ser. Esto es, <strong>que regresan los<\/strong> <strong>canap\u00e9s,<\/strong> los folletos y los regalos. Pero lo que regresa sobre todo <strong>son las ganas de todos de volver a viajar.<\/strong><\/p>\n<p>En una edici\u00f3n que demuestra la <strong>fuerte recuperaci\u00f3n del sector<\/strong> a nivel mundial tras la pandemia, este 2023 Fitur contar\u00e1 con nada menos que <strong>8.500 participantes, 131 pa\u00edses, 755 expositores titulares y 66.900 m<sup>2<\/sup> de exposici\u00f3n. El a\u00f1o pasado participaron 55 pa\u00edses<\/strong> y <strong>5.000 empresas, un pu\u00f1ado de ellas de modo digital<\/strong>.<\/p>\n<figure class=\"AssetEmbedWrapper-iKrtVW eYPQkA asset-embed\">\n<div class=\"AssetEmbedAssetContainer-fpksBS deXOlp asset-embed__asset-container\"><span class=\"SpanWrapper-kGOugJ dtBwjW responsive-asset AssetEmbedResponsiveAsset-feWtx fnHGrH asset-embed__responsive-asset\"><picture class=\"ResponsiveImagePicture-jJyKit mrcDn AssetEmbedResponsiveAsset-feWtx fnHGrH asset-embed__responsive-asset responsive-image\"><noscript><img decoding=\"async\" alt=\"Crucero Orient Express.\" class=\"ResponsiveImageContainer-dmlCKO hWKgYV responsive-image__image\" src=\"https:\/\/media.traveler.es\/photos\/63c0248d680111c225313f3e\/master\/w_1600%2Cc_limit\/Orient%2520Express-jan23-global-%25C2%25A9%2520Ma.jpeg\" srcset=\"https:\/\/media.traveler.es\/photos\/63c0248d680111c225313f3e\/master\/w_120,c_limit\/Orient%20Express-jan23-global-%C2%A9%20Ma.jpeg 120w, https:\/\/media.traveler.es\/photos\/63c0248d680111c225313f3e\/master\/w_240,c_limit\/Orient%20Express-jan23-global-%C2%A9%20Ma.jpeg 240w, https:\/\/media.traveler.es\/photos\/63c0248d680111c225313f3e\/master\/w_320,c_limit\/Orient%20Express-jan23-global-%C2%A9%20Ma.jpeg 320w, https:\/\/media.traveler.es\/photos\/63c0248d680111c225313f3e\/master\/w_640,c_limit\/Orient%20Express-jan23-global-%C2%A9%20Ma.jpeg 640w, https:\/\/media.traveler.es\/photos\/63c0248d680111c225313f3e\/master\/w_960,c_limit\/Orient%20Express-jan23-global-%C2%A9%20Ma.jpeg 960w, https:\/\/media.traveler.es\/photos\/63c0248d680111c225313f3e\/master\/w_1280,c_limit\/Orient%20Express-jan23-global-%C2%A9%20Ma.jpeg 1280w, https:\/\/media.traveler.es\/photos\/63c0248d680111c225313f3e\/master\/w_1600,c_limit\/Orient%20Express-jan23-global-%C2%A9%20Ma.jpeg 1600w\" sizes=\"100vw\"\/><\/noscript><\/picture><\/span><\/div>\n<div class=\"CaptionWrapper-brWaob dJuJGf caption AssetEmbedCaption-eZsWmb jpYwGj asset-embed__caption\"><span class=\"BaseWrap-sc-UrHlS BaseText-fFrHpW CaptionText-cOiTlR boMZdO gFejhT gsdLeN caption__text\"><\/p>\n<p><em>Los cruceros llegan con fuerza a Fitur.<\/em><\/p>\n<p><\/span><span class=\"BaseWrap-sc-UrHlS BaseText-fFrHpW CaptionCredit-cRZQOh boMZdO dufQWp LGmsj caption__credit\">Crucero Orient Categorical<\/span><\/div>\n<\/figure>\n<p>El pistoletazo de salida se dar\u00e1 ma\u00f1ana, 18 de enero, y se calcula que pasar\u00e1n por IFEMA en estos d\u00edas <strong>m\u00e1s de 120.000 profesionales, y entre 80.000 y 90.000 visitantes<\/strong> de p\u00fablico basic durante el fin de semana.<\/p>\n<h3><a rel=\"nofollow noopener\" target=\"_blank\" href=\"https:\/\/www.traveler.es\/galerias\/mejores-destinos-espana-y-portugal-viajar-2023\">Ver fotos: Los 23 destinos de Espa\u00f1a y Portugal que debes visitar en 2023<\/a><\/h3>\n<p>Con los dos d\u00edas previos reservados para profesionales, el 21 y 22 de enero Fitur abrir\u00e1 sus puertas al p\u00fablico basic. <strong>Pabellones<\/strong> con los que recorrer el mundo entero, descubrir las nuevas <a rel=\"nofollow noopener\" target=\"_blank\" href=\"https:\/\/www.traveler.es\/articulos\/tendencias-viajeras-2023\">tendencias del viaje<\/a>, destinos y formas de hacerlo, e incluso encaminar el pr\u00f3ximo viaje mientras se disfruta de una <strong>extensa agenda de actividades l\u00fadicas<\/strong> donde no faltar\u00e1n actuaciones musicales, <strong>catas gastron\u00f3micas,<\/strong> talleres de artesan\u00eda o actividades culturales y art\u00edsticas. Y concursos y sorteos, por supuesto.<\/p>\n<p><strong>EL A\u00d1O DE LA SOSTENIBILIDAD<\/strong><\/p>\n<\/div>\n\n<p><em> &#8221; Fuentes news.google.com &#8221; <\/em><\/p>\n","protected":false},"excerpt":{"rendered":"<p>\u00bfQu\u00e9 nos traer\u00e1 Fitur 2023? Sin duda la edici\u00f3n n\u00famero 43 de la Feria Internacional de Turismo viene llena de expectativas y con ganas. Muchas ganas. La recuperaci\u00f3n del turismo es un hecho y el optimismo en el sector tambi\u00e9n. Si el a\u00f1o pasado las medidas de seguridad o las limitaciones segu\u00edan flotando en IFEMA, [&hellip;]<\/p>\n","protected":false},"author":4,"featured_media":467973,"comment_status":"open","ping_status":"closed","sticky":false,"template":"","format":"standard","meta":{"om_disable_all_campaigns":false,"jnews-multi-image_gallery":[],"jnews_single_post":[],"jnews_primary_category":[],"jnews_social_meta":[],"footnotes":""},"categories":[39],"tags":[707,4593,20607],"class_list":["post-467972","post","type-post","status-publish","format-standard","has-post-thumbnail","hentry","category-viajes","tag-actualidad","tag-fitur","tag-inspiracion"],"_links":{"self":[{"href":"https:\/\/dimensionturistica.com\/es\/wp-json\/wp\/v2\/posts\/467972","targetHints":{"allow":["GET"]}}],"collection":[{"href":"https:\/\/dimensionturistica.com\/es\/wp-json\/wp\/v2\/posts"}],"about":[{"href":"https:\/\/dimensionturistica.com\/es\/wp-json\/wp\/v2\/types\/post"}],"author":[{"embeddable":true,"href":"https:\/\/dimensionturistica.com\/es\/wp-json\/wp\/v2\/users\/4"}],"replies":[{"embeddable":true,"href":"https:\/\/dimensionturistica.com\/es\/wp-json\/wp\/v2\/comments?post=467972"}],"version-history":[{"count":0,"href":"https:\/\/dimensionturistica.com\/es\/wp-json\/wp\/v2\/posts\/467972\/revisions"}],"wp:featuredmedia":[{"embeddable":true,"href":"https:\/\/dimensionturistica.com\/es\/wp-json\/wp\/v2\/media\/467973"}],"wp:attachment":[{"href":"https:\/\/dimensionturistica.com\/es\/wp-json\/wp\/v2\/media?parent=467972"}],"wp:term":[{"taxonomy":"category","embeddable":true,"href":"https:\/\/dimensionturistica.com\/es\/wp-json\/wp\/v2\/categories?post=467972"},{"taxonomy":"post_tag","embeddable":true,"href":"https:\/\/dimensionturistica.com\/es\/wp-json\/wp\/v2\/tags?post=467972"}],"curies":[{"name":"wp","href":"https:\/\/api.w.org\/{rel}","templated":true}]}}