{"id":467927,"date":"2023-01-17T13:46:29","date_gmt":"2023-01-17T13:46:29","guid":{"rendered":"https:\/\/dimensionturistica.com\/es\/?p=467927"},"modified":"2023-01-17T13:46:29","modified_gmt":"2023-01-17T13:46:29","slug":"un-ano-mas-peru-hct-viajes-huaraz-chavin-tours-s-l-estara-presente-en-fitur-2023","status":"publish","type":"post","link":"https:\/\/dimensionturistica.com\/es\/un-ano-mas-peru-hct-viajes-huaraz-chavin-tours-s-l-estara-presente-en-fitur-2023\/","title":{"rendered":"Un a\u00f1o m\u00e1s, Per\u00fa HCT Viajes (Huaraz Chav\u00edn Tours S.L), estar\u00e1 presente en FITUR 2023."},"content":{"rendered":"<p> <br \/>\n<\/p>\n<div>\n<p>Desde Per\u00fa HCT Viajes, con m\u00e1s de tres d\u00e9cadas en el mercado, queremos saludarlos y presentarles nuestra nueva y atractiva programaci\u00f3n.<\/p>\n<p>Tras un estupendo 2022 y aunque con un ultimate de a\u00f1o convulso y con momentos dif\u00edciles, confiamos en la pronta estabilidad del Pa\u00eds.<\/p>\n<p>Seguimos trabajando con el mayor optimismo para poder seguir ofreci\u00e9ndoles un producto muy cuidado y as\u00ed seguir trascendiendo y creciendo gracias a los estupendos resultados de satisfacci\u00f3n de vuestros clientes, al que mostramos un Per\u00fa aut\u00e9ntico, viviendo sensaciones y experiencias que trascienden y perduran en el tiempo.<\/p>\n<p>Siempre trabajando por un turismo sostenible, comprometido y sobre todo garantiz\u00e1ndoles y priorizando la seguridad.<\/p>\n<div class=\"wysiwyg-photo\"><img decoding=\"async\" src=\"https:\/\/static.hosteltur.com\/app\/public\/uploads\/img\/releases\/2023\/01\/17\/L_123246_peru-hct-fitur-2023.jpg\" alt=\"Imagen nota de prensa Hosteltur\" width=\"484\" height=\"645\"\/><\/div><\/div>\n\n<p><em> &#8221; Fuentes news.google.com &#8221; <\/em><\/p>\n","protected":false},"excerpt":{"rendered":"<p>Desde Per\u00fa HCT Viajes, con m\u00e1s de tres d\u00e9cadas en el mercado, queremos saludarlos y presentarles nuestra nueva y atractiva programaci\u00f3n. Tras un estupendo 2022 y aunque con un ultimate de a\u00f1o convulso y con momentos dif\u00edciles, confiamos en la pronta estabilidad del Pa\u00eds. Seguimos trabajando con el mayor optimismo para poder seguir ofreci\u00e9ndoles un [&hellip;]<\/p>\n","protected":false},"author":4,"featured_media":467928,"comment_status":"open","ping_status":"closed","sticky":false,"template":"","format":"standard","meta":{"om_disable_all_campaigns":false,"jnews-multi-image_gallery":[],"jnews_single_post":[],"jnews_primary_category":[],"jnews_social_meta":[],"footnotes":""},"categories":[39],"tags":[572],"class_list":["post-467927","post","type-post","status-publish","format-standard","has-post-thumbnail","hentry","category-viajes","tag-distribucion"],"_links":{"self":[{"href":"https:\/\/dimensionturistica.com\/es\/wp-json\/wp\/v2\/posts\/467927","targetHints":{"allow":["GET"]}}],"collection":[{"href":"https:\/\/dimensionturistica.com\/es\/wp-json\/wp\/v2\/posts"}],"about":[{"href":"https:\/\/dimensionturistica.com\/es\/wp-json\/wp\/v2\/types\/post"}],"author":[{"embeddable":true,"href":"https:\/\/dimensionturistica.com\/es\/wp-json\/wp\/v2\/users\/4"}],"replies":[{"embeddable":true,"href":"https:\/\/dimensionturistica.com\/es\/wp-json\/wp\/v2\/comments?post=467927"}],"version-history":[{"count":0,"href":"https:\/\/dimensionturistica.com\/es\/wp-json\/wp\/v2\/posts\/467927\/revisions"}],"wp:featuredmedia":[{"embeddable":true,"href":"https:\/\/dimensionturistica.com\/es\/wp-json\/wp\/v2\/media\/467928"}],"wp:attachment":[{"href":"https:\/\/dimensionturistica.com\/es\/wp-json\/wp\/v2\/media?parent=467927"}],"wp:term":[{"taxonomy":"category","embeddable":true,"href":"https:\/\/dimensionturistica.com\/es\/wp-json\/wp\/v2\/categories?post=467927"},{"taxonomy":"post_tag","embeddable":true,"href":"https:\/\/dimensionturistica.com\/es\/wp-json\/wp\/v2\/tags?post=467927"}],"curies":[{"name":"wp","href":"https:\/\/api.w.org\/{rel}","templated":true}]}}