{"id":467795,"date":"2023-01-17T10:39:47","date_gmt":"2023-01-17T10:39:47","guid":{"rendered":"https:\/\/dimensionturistica.com\/es\/?p=467795"},"modified":"2023-01-17T10:39:48","modified_gmt":"2023-01-17T10:39:48","slug":"fitur-en-directo-en-lancelot-television","status":"publish","type":"post","link":"https:\/\/dimensionturistica.com\/es\/fitur-en-directo-en-lancelot-television\/","title":{"rendered":"Fitur en directo en Lancelot Televisi\u00f3n"},"content":{"rendered":"<p> <br \/>\n<\/p>\n<div id=\"\">\n<p><img decoding=\"async\" itemprop=\"image\" src=\"https:\/\/news.google.com\/images\/2023\/01\/batch_WhatsApp_Image_2022-01-19_at_093218.webp\"\/><\/p>\n<p>&#13;<\/p>\n<p><strong>Un equipo de Lancelot Medios se desplaza a Madrid a medir la temperatura tur\u00edstica de Lanzarote<\/strong><\/p>\n<p>&#13;<br \/>\n&#13;<br \/>\n &#13;<\/p>\n<p>\u00a0<\/p>\n<p>&#13;<\/p>\n<li class=\"texto\"><i class=\"fa fa-file-text-o\"\/>Lancelot Digital<\/li>\n<p>&#13;<\/p>\n<p>\u00a0<\/p>\n<p>&#13;<\/p>\n<p>Un equipo de Lancelot Medios, capitaneado por el director de Lancelot Televisi\u00f3n, Jorge Coll y la periodista Usoa Ibarra, llevar\u00e1n en directo a toda Lanzarote la Feria Internacional de Turismo, que se celebra en Madrid esta semana.<\/p>\n<p>&#13;<\/p>\n<p>\u00a0<\/p>\n<p>&#13;<\/p>\n<p>El mi\u00e9rcoles y el jueves se realizar\u00e1 un especial Fitur 2023 a las 13 horas, un programa en el que se conectar\u00e1 con los reporteros de Lancelot TV para hacer una radiograf\u00eda de la feria en relaci\u00f3n a Canarias, con especial seguimiento a\u00a0 Lanzarote y Fuerteventura.<\/p>\n<p>&#13;<\/p>\n<p>\u00a0<\/p>\n<p>&#13;<\/p>\n<p>Turismo Lanzarote va ya con una amplia agenda de trabajo para ambos d\u00edas, con reuniones previstas con los agentes de viajes y tour operadores.<\/p>\n<p>&#13;<\/p>\n<p>\u00a0<\/p>\n<p>&#13;<\/p>\n<p>Por su parte, la Federaci\u00f3n Tur\u00edstica de Lanzarote, que encabeza Susana P\u00e9rez,\u00a0 tambi\u00e9n es parte importante de la delegaci\u00f3n de Lanzarote que trata de afianzar y mejorar la llegada del turista peninsular que fue esencial para la isla en este pasado a\u00f1o. El turismo nacional alcanz\u00f3 la cifra en 2023 de m\u00e1s 350 mil turistas.<\/p>\n<p>&#13;<\/p>\n<p>\u00a0<\/p>\n<p>&#13;<\/p>\n<p>Adem\u00e1s del programa especial de Fitur2023 en Lancelot Televisi\u00f3n pueden seguir el desarrollo de la Feria de Madrid a trav\u00e9s de Lancelot Digital y Noticias Fuerteventura.<\/p>\n<p>&#13;<\/p>\n<p>\u00a0<\/p>\n<p>&#13;<\/p>\n<p>Perspectivas positivas<\/p>\n<p>&#13;<\/p>\n<p>\u00a0<\/p>\n<p>&#13;<\/p>\n<p>El turismo canario afronta un 2023 en el que persisten las incertidumbres y aumentan los riesgos respecto a la evoluci\u00f3n macroecon\u00f3mica y sus consecuencias sobre el mercado de viajes, debido a las fuertes presiones sobre los precios de la energ\u00eda, la ca\u00edda del poder adquisitivo de las familias y los tipos de inter\u00e9s m\u00e1s altos.<\/p>\n<p>&#13;<\/p>\n<p>\u00a0<\/p>\n<p>&#13;<\/p>\n<p>\u201cSin embargo, a pesar de todo esto los viajes siguen imparables y las perspectivas contin\u00faan siendo muy positivas para las islas, que experimentan un aumento de la capacidad a\u00e9rea regular puesta a la venta, tanto para el presente invierno como para el pr\u00f3ximo verano\u201d, tal y como afirma la propia Yaiza Castilla, consejera de Turismo.<\/p>\n<p>&#13;<\/p>\n<p>\u00a0<\/p>\n<p>&#13;<\/p>\n<p>En comparaci\u00f3n con el a\u00f1o prepandemia, Canarias cuenta para este invierno con 9 millones de asientos ofertados, un 25,2% m\u00e1s que en 2019, mientras que para la temporada de verano la capacidad a\u00e9rea aumenta, por el momento, un 12,4% m\u00e1s, con 11,2 millones de plazas programadas frente a los 9,9 millones del verano de 2019.<\/p>\n<p>&#13;<\/p>\n<p>\u00a0<\/p>\n<p>&#13;<\/p>\n<p>Un incremento m\u00e1s moderado con respecto a 2022, \u201cque realmente ha sido un a\u00f1o de gran apuesta tur\u00edstica por Canarias\u201d, tal y como destac\u00f3 Castilla. Para la temporada de verano de 2023 se prev\u00e9 una subida del 2,6% con respecto a 2022, es decir, alrededor de 300.000 plazas m\u00e1s.<\/p>\n<p>&#13;<\/p>\n<p>\u00a0<\/p>\n<p>&#13;<\/p>\n<p>Un dato que la consejera defini\u00f3, no obstante, como muy positivo porque hay que tener en cuenta que el a\u00f1o pasado se cerr\u00f3 con la consolidada recuperaci\u00f3n del turismo en las islas, a las que llegaron el 96% de visitantes de 2019, unos 14,6 millones en whole.<\/p>\n<p>&#13;<\/p>\n<p>\u00a0<\/p>\n<p>&#13;<\/p>\n<p>\u201cDe todas formas, nosotros no medimos el \u00e9xito s\u00f3lo contando turistas\u201d, asegur\u00f3 la consejera, \u201cpues disponemos de otras muchas cifras que avalan la buena marcha del sector, como por ejemplo el aumento de la facturaci\u00f3n tur\u00edstica, que podr\u00eda terminar el a\u00f1o en torno a 19.000 millones de euros, 2.000 m\u00e1s que en 2019, gracias al mayor gasto que realizan estos visitantes en las islas\u201d. Aun tomando como referencia la inflaci\u00f3n de toda la Uni\u00f3n Europea, que se encuentra actualmente en torno al 10,5%, se producir\u00eda un crecimiento actual de la facturaci\u00f3n tur\u00edstica en Canarias del 16,5% respecto al a\u00f1o prepandemia.<\/p>\n<p>&#13;<\/p>\n<p>\u00a0<\/p>\n<p>&#13;<\/p>\n<p>Castilla explic\u00f3 que, adem\u00e1s, Turismo de Canarias mejor\u00f3 mucho en uno de sus principales objetivos, la diversificaci\u00f3n de mercados. En este aspecto, destac\u00f3 la positiva evoluci\u00f3n de la llegada de visitantes italianos (132%), franceses (128%), daneses (118%) y holandeses (113%).<\/p>\n<p>&#13;<\/p>\n<p>\u00a0<\/p>\n<p>&#13;<\/p>\n<p>\u00a0<\/p>\n<\/p><\/div>\n<p><script src=\"https:\/\/connect.facebook.net\/es_ES\/all.js#xfbml=1\" type=\"text\/javascript\"><\/script><script type=\"text\/javascript\">\n\/\/<![CDATA[\n   \twindow.fbAsyncInit = function() {\n\t\tFB.init({ appId: '171342606239806', \n\t\t\tstatus: true, \n\t\t\tcookie: true,\n\t\t\txfbml: true,\n\t\t\toauth: true\n\t\t});\n   \t\t    \n\t  \t\t};\n    \/\/      \n    jQuery(window).load(function() {\n    \t(function(){\n    \t\tif(!document.getElementById('fb-root')) {\n    \t\t\tvar root = document.createElement('div');\n    \t\t\troot.id = 'fb-root';\n    \t\t\tdocument.getElementById('gkfb-root').appendChild(root);\n    \t\t\tvar e = document.createElement('script');\n    \t\t\te.src = document.location.protocol + '\/\/connect.facebook.net\/es_ES\/all.js';\n    \t\t\te.async = true;\n    \t\t\tdocument.getElementById('fb-root').appendChild(e);\n    \t\t}  \n    \t})();\n    });\n    \/\/]]>\n<\/script><br \/>\n<br \/><\/p>\n<p><em> &#8221; Fuentes news.google.com &#8221; <\/em><\/p>\n","protected":false},"excerpt":{"rendered":"<p>&#13; Un equipo de Lancelot Medios se desplaza a Madrid a medir la temperatura tur\u00edstica de Lanzarote &#13; &#13; &#13; \u00a0 &#13; Lancelot Digital &#13; \u00a0 &#13; Un equipo de Lancelot Medios, capitaneado por el director de Lancelot Televisi\u00f3n, Jorge Coll y la periodista Usoa Ibarra, llevar\u00e1n en directo a toda Lanzarote la Feria Internacional [&hellip;]<\/p>\n","protected":false},"author":4,"featured_media":467796,"comment_status":"open","ping_status":"closed","sticky":false,"template":"","format":"standard","meta":{"om_disable_all_campaigns":false,"jnews-multi-image_gallery":[],"jnews_single_post":[],"jnews_primary_category":[],"jnews_social_meta":[],"footnotes":""},"categories":[40],"tags":[946],"class_list":["post-467795","post","type-post","status-publish","format-standard","has-post-thumbnail","hentry","category-industria","tag-lancelot-digital-noticias-lanzarote-diario-digital-periodico-canarias-sucesos-deportes-cultura-vida-social-opinion-semanario-revista"],"_links":{"self":[{"href":"https:\/\/dimensionturistica.com\/es\/wp-json\/wp\/v2\/posts\/467795","targetHints":{"allow":["GET"]}}],"collection":[{"href":"https:\/\/dimensionturistica.com\/es\/wp-json\/wp\/v2\/posts"}],"about":[{"href":"https:\/\/dimensionturistica.com\/es\/wp-json\/wp\/v2\/types\/post"}],"author":[{"embeddable":true,"href":"https:\/\/dimensionturistica.com\/es\/wp-json\/wp\/v2\/users\/4"}],"replies":[{"embeddable":true,"href":"https:\/\/dimensionturistica.com\/es\/wp-json\/wp\/v2\/comments?post=467795"}],"version-history":[{"count":0,"href":"https:\/\/dimensionturistica.com\/es\/wp-json\/wp\/v2\/posts\/467795\/revisions"}],"wp:featuredmedia":[{"embeddable":true,"href":"https:\/\/dimensionturistica.com\/es\/wp-json\/wp\/v2\/media\/467796"}],"wp:attachment":[{"href":"https:\/\/dimensionturistica.com\/es\/wp-json\/wp\/v2\/media?parent=467795"}],"wp:term":[{"taxonomy":"category","embeddable":true,"href":"https:\/\/dimensionturistica.com\/es\/wp-json\/wp\/v2\/categories?post=467795"},{"taxonomy":"post_tag","embeddable":true,"href":"https:\/\/dimensionturistica.com\/es\/wp-json\/wp\/v2\/tags?post=467795"}],"curies":[{"name":"wp","href":"https:\/\/api.w.org\/{rel}","templated":true}]}}