{"id":467654,"date":"2023-01-17T04:22:18","date_gmt":"2023-01-17T04:22:18","guid":{"rendered":"https:\/\/dimensionturistica.com\/es\/?p=467654"},"modified":"2023-01-17T04:22:19","modified_gmt":"2023-01-17T04:22:19","slug":"5-efectos-en-el-cuerpo-que-tienen-los-viajes-en-avion-que-son-de-larga-distancia","status":"publish","type":"post","link":"https:\/\/dimensionturistica.com\/es\/5-efectos-en-el-cuerpo-que-tienen-los-viajes-en-avion-que-son-de-larga-distancia\/","title":{"rendered":"5 efectos en el cuerpo que tienen los viajes en avi\u00f3n que son de larga distancia"},"content":{"rendered":"<p> <br \/>\n<\/p>\n<div>\n<p class=\"content-element\">Tony Schiemer es piloto, ingeniero y m\u00e9dico especializado en medicina aeroespacial. Es voz autorizada para hablar de c\u00f3mo los viajes en avi\u00f3n pueden afectar la salud. Por eso decidi\u00f3 elaborar una lista de los efectos que sufre el cuerpo cuando una persona se somete a un viaje en avi\u00f3n a larga distancia. Es importante aclarar que esto no significa un problema grave ni mucho menos; adem\u00e1s, todas las condiciones de salud var\u00edan seg\u00fan la persona que viaje y c\u00f3mo se encuentre al momento de abordar.<\/p>\n<aside class=\"related-stories article-body-drop content-element\">\n<article class=\"story-tease-beta\"\/>\n<article class=\"story-tease-beta\"\/>\n<article class=\"story-tease-beta\"\/><\/aside>\n<p class=\"content-element\">A\u00fan as\u00ed, resulta interesante tener en cuenta este listado para saber lo que quiz\u00e1s pueda ocurrir en pleno vuelo. De m\u00e1s est\u00e1 aclarar que se elimina del listado al cl\u00e1sico jet lag, el desfase horario que altera el sue\u00f1o y provoca cambios en la rutina.<\/p>\n<h4 class=\"content-element\"><b>1. Deshidrataci\u00f3n<\/b><\/h4>\n<p class=\"content-element\">Es el primer efecto que aparece. No quiere decir que la deshidrataci\u00f3n es una condici\u00f3n sine qua non al viajar en avi\u00f3n, sino que se es propenso a sufrirla en pleno vuelo. Seg\u00fan Schiemer, los bajos niveles de humedad en la cabina provocan que los pasajeros sientan la garganta, nariz y piel secas.<\/p>\n<p class=\"content-element\">En estos casos, la soluci\u00f3n es tan easy como tomar agua antes y durante el viaje. Por otro lado, explic\u00f3 el experto en su art\u00edculo publicado en The Dialog, <b>ingerir mucho alcohol puede acelerar el proceso de deshidrataci\u00f3n al funcionar como diur\u00e9tico <\/b>(provoca aumento en p\u00e9rdida de l\u00edquidos).<\/p>\n<h4 class=\"content-element\"><b>2. El riesgo de los co\u00e1gulos de sangre<\/b><\/h4>\n<p class=\"content-element\">Son graves y, de aparecer, pueden provocar la tan temida trombosis. Suelen formarse en las piernas como producto de varias horas de inmovilidad y viajar al resto del cuerpo; como, por ejemplo, el pulm\u00f3n y provocar \u201cuna embolia pulmonar\u201d.<\/p>\n<p class=\"content-element\">Si bien todas las personas tienen un peque\u00f1o porcentaje de que esto suceda, la posibilidad de sufrir trombos aumenta en personas de edad avanzada, con antecedentes de co\u00e1gulos tanto en ellos como en sus familiares, pacientes oncol\u00f3gicos, embarazadas o quienes tuvieron un parto reciente, personas con obesidad o que est\u00e9n atravesando una terapia de reemplazo hormonal, entre otros.<\/p>\n<p class=\"content-element\">Explica, adem\u00e1s, el experto que se esta avanzando en varias t\u00e9cnicas vinculadas a las medidas de compresi\u00f3n y otros tantos ensayos cl\u00ednicos que buscan bajar las posibilidades de sufrir co\u00e1gulos o, en caso de desarrollarlos, que sean sin s\u00edntomas.<\/p>\n<p class=\"content-element\">\u201cSi le preocupa el riesgo de desarrollar co\u00e1gulos de sangre, consulte a su m\u00e9dico antes de volar. Por lo general, no sabr\u00e1 que lo desarroll\u00f3 hasta despu\u00e9s del vuelo\u201d, explic\u00f3.<\/p>\n<h4 class=\"content-element\"><b>3. La radiaci\u00f3n<\/b><\/h4>\n<p class=\"content-element\">Es otro efecto a contemplar. Esto ocurre generalmente en viajes muy largos, de varias horas y en pasajeros frecuentes. \u201cPuede aumentar el riesgo de c\u00e1ncer y problemas reproductivos. A menos que vuele con frecuencia, es poco probable que sea un problema\u201d, se\u00f1al\u00f3 Schiemer.<\/p>\n<h4 class=\"content-element\"><b>4. Los cambios de presi\u00f3n en la cabina y la reacci\u00f3n del gasoline de nuestro cuerpo<\/b><\/h4>\n<p class=\"content-element\">El especialista los enumer\u00f3 como el cuarto elemento. \u201cSe expande [el gas] a medida que el avi\u00f3n asciende y la presi\u00f3n disminuye\u201d, sintetiz\u00f3 el m\u00e9dico.<\/p>\n<p class=\"content-element\">Este efecto es f\u00e1cil de identificar. Algunas personas pueden sentir dolores de o\u00eddo o de cabeza y, en otros casos, problemas intestinales.<\/p>\n<p class=\"content-element\">\u201cSon un tema en la medida que el avi\u00f3n sube y desciende\u201d, a\u00f1adi\u00f3 Schiemer. Esto quiere decir que se normaliza la distribuci\u00f3n del gasoline durante el vuelo y estos efectos solo aparecen en los momentos de aterrizaje y despegue.<\/p>\n<h4 class=\"content-element\"><b>5. El s\u00edndrome de la clase econ\u00f3mica<\/b><\/h4>\n<p class=\"content-element\">El \u00faltimo elemento lleva ese nombre por ocurrirle mayoritariamente a las personas que viajan en clase turista o econ\u00f3mica y est\u00e1 enteramente ligado a los c\u00f3agulos en la sangre y el riesgo de trombos explicado anteriormente.<\/p>\n<p class=\"content-element\">Esto se debe al poco espacio que suele haber en esa parte del avi\u00f3n en relaci\u00f3n a primera y la poca amplitud de movimiento para las piernas que tienen los pasajeros. Muchas horas inm\u00f3vil por un viaje largo aumentan la probabilidad de que esto ocurra aunque, destaca el especialista, \u201cson problemas que no ocurren con tanta frecuencia\u201d.<\/p>\n<p class=\"content-element\">No obstante, ante la presencia de dolores e hinchaz\u00f3n en una pierna, dolor en el pecho, tos y\/o dificultad para respirar horas posteriores al vuelo, se recomienda acudir de inmediato a un servicio de emergencias m\u00e9dicas.<\/p>\n<\/div>\n\n<p><em> &#8221; Fuentes news.google.com &#8221; <\/em><\/p>\n","protected":false},"excerpt":{"rendered":"<p>Tony Schiemer es piloto, ingeniero y m\u00e9dico especializado en medicina aeroespacial. Es voz autorizada para hablar de c\u00f3mo los viajes en avi\u00f3n pueden afectar la salud. Por eso decidi\u00f3 elaborar una lista de los efectos que sufre el cuerpo cuando una persona se somete a un viaje en avi\u00f3n a larga distancia. Es importante aclarar [&hellip;]<\/p>\n","protected":false},"author":4,"featured_media":467655,"comment_status":"open","ping_status":"closed","sticky":false,"template":"","format":"standard","meta":{"om_disable_all_campaigns":false,"jnews-multi-image_gallery":[],"jnews_single_post":[],"jnews_primary_category":[],"jnews_social_meta":[],"footnotes":""},"categories":[39],"tags":[2583],"class_list":["post-467654","post","type-post","status-publish","format-standard","has-post-thumbnail","hentry","category-viajes","tag-avion"],"_links":{"self":[{"href":"https:\/\/dimensionturistica.com\/es\/wp-json\/wp\/v2\/posts\/467654","targetHints":{"allow":["GET"]}}],"collection":[{"href":"https:\/\/dimensionturistica.com\/es\/wp-json\/wp\/v2\/posts"}],"about":[{"href":"https:\/\/dimensionturistica.com\/es\/wp-json\/wp\/v2\/types\/post"}],"author":[{"embeddable":true,"href":"https:\/\/dimensionturistica.com\/es\/wp-json\/wp\/v2\/users\/4"}],"replies":[{"embeddable":true,"href":"https:\/\/dimensionturistica.com\/es\/wp-json\/wp\/v2\/comments?post=467654"}],"version-history":[{"count":0,"href":"https:\/\/dimensionturistica.com\/es\/wp-json\/wp\/v2\/posts\/467654\/revisions"}],"wp:featuredmedia":[{"embeddable":true,"href":"https:\/\/dimensionturistica.com\/es\/wp-json\/wp\/v2\/media\/467655"}],"wp:attachment":[{"href":"https:\/\/dimensionturistica.com\/es\/wp-json\/wp\/v2\/media?parent=467654"}],"wp:term":[{"taxonomy":"category","embeddable":true,"href":"https:\/\/dimensionturistica.com\/es\/wp-json\/wp\/v2\/categories?post=467654"},{"taxonomy":"post_tag","embeddable":true,"href":"https:\/\/dimensionturistica.com\/es\/wp-json\/wp\/v2\/tags?post=467654"}],"curies":[{"name":"wp","href":"https:\/\/api.w.org\/{rel}","templated":true}]}}