{"id":467651,"date":"2023-01-17T04:20:14","date_gmt":"2023-01-17T04:20:14","guid":{"rendered":"https:\/\/dimensionturistica.com\/es\/?p=467651"},"modified":"2023-01-17T04:20:14","modified_gmt":"2023-01-17T04:20:14","slug":"programa-internacional-llevara-a-ninas-ecuatorianas-a-la-nasa-asi-pueden-aplicar","status":"publish","type":"post","link":"https:\/\/dimensionturistica.com\/es\/programa-internacional-llevara-a-ninas-ecuatorianas-a-la-nasa-asi-pueden-aplicar\/","title":{"rendered":"Programa internacional llevar\u00e1 a ni\u00f1as ecuatorianas a la Nasa; as\u00ed pueden aplicar"},"content":{"rendered":"<p> <br \/>\n<\/p>\n<div>\n<div class=\"paragraph\">\n<p>15 <b>ni\u00f1as ecuatorianas <\/b>de diferentes provincias ser\u00e1n escogidas en el programa <b><a rel=\"nofollow noopener\" target=\"_blank\" href=\"https:\/\/www.ecuavisa.com\/noticias\/ecuador\/diez-ninas-ecuatorianas-iran-a-la-nasa-JB1773856\">&#8216;She is Astronauta&#8217;<\/a><\/b>, de la Fundaci\u00f3n She Is, en colaboraci\u00f3n con Organon, Grupo Ekos, RAW y ONU mujeres.<\/p>\n<p>Se trata de una iniciativa que convoca a ni\u00f1as de entre <b>11 y 16 a\u00f1os<\/b> con el objetivo de que participen en el programa de educaci\u00f3n STEAM: <b>She Is Astronauta con inmersi\u00f3n en el <a rel=\"nofollow noopener\" target=\"_blank\" href=\"https:\/\/www.ecuavisa.com\/tendencias\/tecnologia\/la-nasa-estrella-con-exito-la-nave-dart-contra-el-asteroide-dimorphos-para-tratar-de-desviarlo-DJ3209555\">Space Center NASA<\/a>, <\/b>en Houston, Estados Unidos.<\/p>\n<p>Es un programa educativo h\u00edbrido, con cuatro meses de clases virtuales, sobre emprendimiento social, habilidades STEAM, liderazgo y empoderamiento, adicionalmente, participar\u00e1n de <b>webinars<\/b> con astronautas, el <b>CEO del Area Heart de la NASA<\/b>, CEO\u00b4s y mentores de alto impacto de la regi\u00f3n.<\/p>\n<p>En la visita presencial, podr\u00e1n participar en <b>actividades de rob\u00f3tica<\/b>, programaci\u00f3n, coheter\u00eda, h\u00e1bitat lunares y charlas con expertos en direcci\u00f3n de vuelo y simulaci\u00f3n de viajes al espacio.<\/p>\n<p>&#8220;El principal objetivo del programa, es c<b>onvertir a las ni\u00f1as en agentes de cambio<\/b> en sus comunidades&#8221;, se\u00f1ala un comunicado de la organizaci\u00f3n.<\/p>\n<p>Lea: <b><a rel=\"nofollow noopener\" target=\"_blank\" href=\"https:\/\/www.ecuavisa.com\/noticias\/ecuador\/mujeres-ninas-y-adolescentes-que-viven-en-medio-de-la-desigualdad-YC1730089\">Mujeres, ni\u00f1as y adolescentes que viven en medio de la desigualdad<\/a><\/b><\/p>\n<\/p><\/div>\n<p><h2>\u00bfC\u00f3mo aplicar al programa de ni\u00f1as en la Nasa?<\/h2>\n<\/p>\n<div class=\"paragraph\">\n<p>La convocatoria<b> inici\u00f3 el pasado 5 de enero y se extender\u00e1 hasta al 5 de febrero de 2023<\/b>, a nivel nacional. Las tripulantes seleccionadas, tendr\u00e1n la oportunidad de participar en actividades de rob\u00f3tica, programaci\u00f3n, coheter\u00eda, h\u00e1bitat lunares y charlas con expertos en direcci\u00f3n de vuelo y simulaci\u00f3n de viajes al espacio.<\/p>\n<p>Requisitos:<\/p>\n<\/p><\/div>\n<li class=\"bullet\" style=\"list-style-type: disc !important;\">&#8211; Ni\u00f1as entre los 11 y 16 a\u00f1os cumplidos.<\/li>\n<li class=\"bullet\" style=\"list-style-type: disc !important;\">&#8211; No ser acquainted en primer grado de consanguinidad de servidores p\u00fablicos.<\/li>\n<li class=\"bullet\" style=\"list-style-type: disc !important;\">&#8211; La familia se debe encontrar en condiciones de extrema pobreza, pobreza moderada o condici\u00f3n de vulnerabilidad demostrable.<\/li>\n<li class=\"bullet\" style=\"list-style-type: disc !important;\">&#8211; Recibir formaci\u00f3n acad\u00e9mica en Instituci\u00f3n Educativa P\u00fablica.<\/li>\n<li class=\"bullet\" style=\"list-style-type: disc !important;\">&#8211; Demostrar excelente desempe\u00f1o acad\u00e9mico.<\/li>\n<li class=\"bullet\" style=\"list-style-type: disc !important;\">&#8211; Disponibilidad de tiempo (carta de compromiso).<\/li>\n<li class=\"bullet\" style=\"list-style-type: disc !important;\">&#8211; No haber participado en ninguna otra misi\u00f3n del Programa Ella Es Astronauta en su modalidad digital o presencial<\/li>\n<li class=\"bullet\" style=\"list-style-type: disc !important;\">-Contar con un tutor responsable para el acompa\u00f1amiento de su proceso de aprendizaje y conexi\u00f3n.<\/li>\n<li class=\"bullet\" style=\"list-style-type: disc !important;\">&#8211; Diligenciar el formulario de manera completa y con informaci\u00f3n veraz.<\/li><\/div>\n\n<p><em> &#8221; Fuentes news.google.com &#8221; <\/em><\/p>\n","protected":false},"excerpt":{"rendered":"<p>15 ni\u00f1as ecuatorianas de diferentes provincias ser\u00e1n escogidas en el programa &#8216;She is Astronauta&#8217;, de la Fundaci\u00f3n She Is, en colaboraci\u00f3n con Organon, Grupo Ekos, RAW y ONU mujeres. Se trata de una iniciativa que convoca a ni\u00f1as de entre 11 y 16 a\u00f1os con el objetivo de que participen en el programa de educaci\u00f3n [&hellip;]<\/p>\n","protected":false},"author":4,"featured_media":467652,"comment_status":"open","ping_status":"closed","sticky":false,"template":"","format":"standard","meta":{"om_disable_all_campaigns":false,"jnews-multi-image_gallery":[],"jnews_single_post":[],"jnews_primary_category":[],"jnews_social_meta":[],"footnotes":""},"categories":[40],"tags":[4628],"class_list":["post-467651","post","type-post","status-publish","format-standard","has-post-thumbnail","hentry","category-industria","tag-astronautas"],"_links":{"self":[{"href":"https:\/\/dimensionturistica.com\/es\/wp-json\/wp\/v2\/posts\/467651","targetHints":{"allow":["GET"]}}],"collection":[{"href":"https:\/\/dimensionturistica.com\/es\/wp-json\/wp\/v2\/posts"}],"about":[{"href":"https:\/\/dimensionturistica.com\/es\/wp-json\/wp\/v2\/types\/post"}],"author":[{"embeddable":true,"href":"https:\/\/dimensionturistica.com\/es\/wp-json\/wp\/v2\/users\/4"}],"replies":[{"embeddable":true,"href":"https:\/\/dimensionturistica.com\/es\/wp-json\/wp\/v2\/comments?post=467651"}],"version-history":[{"count":0,"href":"https:\/\/dimensionturistica.com\/es\/wp-json\/wp\/v2\/posts\/467651\/revisions"}],"wp:featuredmedia":[{"embeddable":true,"href":"https:\/\/dimensionturistica.com\/es\/wp-json\/wp\/v2\/media\/467652"}],"wp:attachment":[{"href":"https:\/\/dimensionturistica.com\/es\/wp-json\/wp\/v2\/media?parent=467651"}],"wp:term":[{"taxonomy":"category","embeddable":true,"href":"https:\/\/dimensionturistica.com\/es\/wp-json\/wp\/v2\/categories?post=467651"},{"taxonomy":"post_tag","embeddable":true,"href":"https:\/\/dimensionturistica.com\/es\/wp-json\/wp\/v2\/tags?post=467651"}],"curies":[{"name":"wp","href":"https:\/\/api.w.org\/{rel}","templated":true}]}}