{"id":467564,"date":"2023-01-17T01:09:07","date_gmt":"2023-01-17T01:09:07","guid":{"rendered":"https:\/\/dimensionturistica.com\/es\/?p=467564"},"modified":"2023-01-17T01:09:08","modified_gmt":"2023-01-17T01:09:08","slug":"el-motivo-por-el-que-el-imserso-ha-eliminado-los-viajes-de-15-dias-2","status":"publish","type":"post","link":"https:\/\/dimensionturistica.com\/es\/el-motivo-por-el-que-el-imserso-ha-eliminado-los-viajes-de-15-dias-2\/","title":{"rendered":"El motivo por el que el IMSERSO ha eliminado los viajes de 15 d\u00edas"},"content":{"rendered":"<p> <br \/>\n<\/p>\n<div id=\"entry-body\"><span id=\"percent-trigger\"\/><\/p>\n<section class=\"entry__content-list js-entry-content js-cet-subunit\">\n<div class=\"primary-cli cli cli-text \">\n<p>Los viajes de 15 d\u00edas del <a rel=\"nofollow noopener\" target=\"_blank\" href=\"https:\/\/www.huffingtonpost.es\/entry\/vuelven-los-viajes-del-imserso-las-ofertas-llegan-a-las-agencias-el-proximo-14-de-diciembre_es_618e1fb8e4b0ab5f2847e95e\" role=\"link\" class=\" js-entry-link cet-internal-link\" data-vars-item-name=\"IMSERSO\" data-vars-item-type=\"text\" data-vars-unit-name=\"63c58334e4b0d6f0ba071d39\" data-vars-unit-type=\"buzz_body\" data-vars-target-content-id=\"https:\/\/www.huffingtonpost.es\/entry\/vuelven-los-viajes-del-imserso-las-ofertas-llegan-a-las-agencias-el-proximo-14-de-diciembre_es_618e1fb8e4b0ab5f2847e95e\" data-vars-target-content-type=\"buzz\" data-vars-type=\"web_internal_link\" data-vars-subunit-name=\"article_body\" data-vars-subunit-type=\"component\" data-vars-position-in-subunit=\"0\">IMSERSO<\/a> han llegado a su fin. Con la irrupci\u00f3n de la pandemia de covid-19, el Instituto de Mayores y Servicios Sociales decidi\u00f3 finalizar las estancias de medio mes de duraci\u00f3n.<\/p>\n<\/div>\n<div class=\"primary-cli cli cli-text \">\n<p>Sin embargo, pese a que los contagios de coronavirus ya han remitido, el IMSERSO ha decidido continuar sin ofertar este tipo de <a rel=\"nofollow noopener\" target=\"_blank\" href=\"https:\/\/www.huffingtonpost.es\/entry\/el-futuro-del-turismo-low-cost-en-temporada-baja-y-buscando-grandes-ofertas_es_6399c80ae4b015bb57410297\" role=\"link\" class=\" js-entry-link cet-internal-link\" data-vars-item-name=\"viajes\" data-vars-item-type=\"text\" data-vars-unit-name=\"63c58334e4b0d6f0ba071d39\" data-vars-unit-type=\"buzz_body\" data-vars-target-content-id=\"https:\/\/www.huffingtonpost.es\/entry\/el-futuro-del-turismo-low-cost-en-temporada-baja-y-buscando-grandes-ofertas_es_6399c80ae4b015bb57410297\" data-vars-target-content-type=\"buzz\" data-vars-type=\"web_internal_link\" data-vars-subunit-name=\"article_body\" data-vars-subunit-type=\"component\" data-vars-position-in-subunit=\"1\">viajes<\/a> (que duran 14 noches y 15 d\u00edas) durante la temporada 2023-2024.<\/p>\n<\/div>\n<div class=\"primary-cli cli cli-text \">\n<p>El motivo no es otro que la baja demanda de esta clase de desplazamientos. El director normal del IMSERSO, Luis Alberto Barriga, ha resaltado que \u201caparte de evaluar la calidad de los viajes, hacemos estudios preguntando por las preferencias. Los mayores quieren viajes de m\u00e1s corta duraci\u00f3n\u201d.<\/p>\n<\/div>\n<div class=\"primary-cli cli cli-text \">\n<p>En concreto, el m\u00e1ximo responsable del Instituto de Mayores y Servicios Sociales ha precisado que \u201clos viajes de 15 d\u00edas fueron suprimidos porque solo eran demandados por un 3%. El 97% eleg\u00eda los otros\u201d.<\/p>\n<\/div>\n<p><h3>Los requisitos para acceder a los viajes del IMSERSO<\/h3>\n<\/p>\n<div class=\"primary-cli cli cli-text \">\n<p>Tal y como <a rel=\"nofollow noopener\" target=\"_blank\" href=\"https:\/\/imserso.es\/espacio-mayores\/envejecimiento-activo\/programa-turismo-imserso\/requisitos-acceder-programa-turismo-imserso\" role=\"link\" class=\" js-entry-link cet-external-link\" data-vars-item-name=\"detalla el IMSERSO en su p\u00e1gina web\" data-vars-item-type=\"text\" data-vars-unit-name=\"63c58334e4b0d6f0ba071d39\" data-vars-unit-type=\"buzz_body\" data-vars-target-content-id=\"https:\/\/imserso.es\/espacio-mayores\/envejecimiento-activo\/programa-turismo-imserso\/requisitos-acceder-programa-turismo-imserso\" data-vars-target-content-type=\"url\" data-vars-type=\"web_external_link\" data-vars-subunit-name=\"article_body\" data-vars-subunit-type=\"component\" data-vars-position-in-subunit=\"2\">detalla el IMSERSO en su p\u00e1gina web<\/a>, los residentes en Espa\u00f1a deben cumplir alguno de estos requisitos para poder acceder al Programa de Turismo del organismo:<\/p>\n<\/div>\n<div class=\"primary-cli cli cli-text \">\n<ul>\n<li>Ser pensionista de jubilaci\u00f3n del sistema de Seguridad Social espa\u00f1ol.<\/li>\n<li>Ser pensionista de viudedad con cincuenta y cinco o m\u00e1s a\u00f1os de edad del sistema de Seguridad Social espa\u00f1ol.<\/li>\n<li>Ser pensionista por otros conceptos del sistema de Seguridad Social espa\u00f1ol o perceptor de prestaciones o subsidios de desempleo, con 60 a\u00f1os cumplidos o m\u00e1s a\u00f1os de edad.<\/li>\n<li>Ser asegurado o beneficiario del Sistema de la Seguridad Social espa\u00f1ol, con sesenta y cinco a\u00f1os cumplidos o m\u00e1s a\u00f1os de edad.<\/li>\n<\/ul>\n<\/div>\n<div class=\"primary-cli cli cli-text \">\n<p>Asimismo, tambi\u00e9n pueden participar en los viajes del IMSERSO los espa\u00f1oles residentes en el extranjero y los espa\u00f1oles de origen emigrantes que hayan retornado a Espa\u00f1a, siempre y cuando cumplan alguna de las condiciones enumeradas anteriormente.<\/p>\n<\/div>\n<aside class=\"cli manual hidden cli-related-articles js-cet-subunit\"\/><\/section>\n<div class=\"back-to-home-article-bottom js-cet-subunit\">\n<div class=\"back-to-home__container back-to-home__container--entry-bottom js-entry-link cet-internal-link\"><a rel=\"nofollow noopener\" target=\"_blank\" class=\"back-to-home__button\" aria-label=\"Go to HuffPost Homepage\" role=\"button\" href=\"https:\/\/www.huffingtonpost.es\" data-vars-item-name=\"Go To Homepage\" data-vars-item-type=\"button\" data-vars-unit-name=\"63c58334e4b0d6f0ba071d39\" data-vars-unit-type=\"buzz_body\" data-vars-target-content-id=\"https:\/\/www.huffingtonpost.es\" data-vars-target-content-type=\"feed\" data-vars-type=\"web_internal_link\" data-vars-subunit-name=\"article_body\" data-vars-subunit-type=\"component\" data-vars-position-in-subunit=\"3\"><span class=\"arrow-left\"\/> Ir a la p\u00e1gina principal<\/a><\/div>\n<\/div>\n<\/div>\n<p><script src=\"https:\/\/connect.facebook.net\/es_ES\/sdk.js#xfbml=1&amp;version=v3.3&amp;appId=321736354530341&amp;autoLogAppEvents=1\" async=\"async\" defer=\"defer\" crossorigin=\"anonymous\"><\/script><br \/>\n<br \/><\/p>\n<p><em> &#8221; Fuentes news.google.com &#8221; <\/em><\/p>\n","protected":false},"excerpt":{"rendered":"<p>Los viajes de 15 d\u00edas del IMSERSO han llegado a su fin. Con la irrupci\u00f3n de la pandemia de covid-19, el Instituto de Mayores y Servicios Sociales decidi\u00f3 finalizar las estancias de medio mes de duraci\u00f3n. Sin embargo, pese a que los contagios de coronavirus ya han remitido, el IMSERSO ha decidido continuar sin ofertar [&hellip;]<\/p>\n","protected":false},"author":4,"featured_media":467565,"comment_status":"open","ping_status":"closed","sticky":false,"template":"","format":"standard","meta":{"om_disable_all_campaigns":false,"jnews-multi-image_gallery":[],"jnews_single_post":[],"jnews_primary_category":[],"jnews_social_meta":[],"footnotes":""},"categories":[39],"tags":[813,544,545],"class_list":["post-467564","post","type-post","status-publish","format-standard","has-post-thumbnail","hentry","category-viajes","tag-imserso","tag-turismo","tag-viajes"],"_links":{"self":[{"href":"https:\/\/dimensionturistica.com\/es\/wp-json\/wp\/v2\/posts\/467564","targetHints":{"allow":["GET"]}}],"collection":[{"href":"https:\/\/dimensionturistica.com\/es\/wp-json\/wp\/v2\/posts"}],"about":[{"href":"https:\/\/dimensionturistica.com\/es\/wp-json\/wp\/v2\/types\/post"}],"author":[{"embeddable":true,"href":"https:\/\/dimensionturistica.com\/es\/wp-json\/wp\/v2\/users\/4"}],"replies":[{"embeddable":true,"href":"https:\/\/dimensionturistica.com\/es\/wp-json\/wp\/v2\/comments?post=467564"}],"version-history":[{"count":0,"href":"https:\/\/dimensionturistica.com\/es\/wp-json\/wp\/v2\/posts\/467564\/revisions"}],"wp:featuredmedia":[{"embeddable":true,"href":"https:\/\/dimensionturistica.com\/es\/wp-json\/wp\/v2\/media\/467565"}],"wp:attachment":[{"href":"https:\/\/dimensionturistica.com\/es\/wp-json\/wp\/v2\/media?parent=467564"}],"wp:term":[{"taxonomy":"category","embeddable":true,"href":"https:\/\/dimensionturistica.com\/es\/wp-json\/wp\/v2\/categories?post=467564"},{"taxonomy":"post_tag","embeddable":true,"href":"https:\/\/dimensionturistica.com\/es\/wp-json\/wp\/v2\/tags?post=467564"}],"curies":[{"name":"wp","href":"https:\/\/api.w.org\/{rel}","templated":true}]}}