{"id":467082,"date":"2023-01-16T13:18:47","date_gmt":"2023-01-16T13:18:47","guid":{"rendered":"https:\/\/dimensionturistica.com\/es\/?p=467082"},"modified":"2023-01-16T13:18:47","modified_gmt":"2023-01-16T13:18:47","slug":"gobernador-viaja-a-madrid-para-promocionar-el-turismo-en-puerto-rico","status":"publish","type":"post","link":"https:\/\/dimensionturistica.com\/es\/gobernador-viaja-a-madrid-para-promocionar-el-turismo-en-puerto-rico\/","title":{"rendered":"Gobernador viaja a Madrid para promocionar el turismo en Puerto Rico"},"content":{"rendered":"<p> <br \/>\n<\/p>\n<div>\n<p class=\"content-element\">El gobernador de Puerto Rico, <a rel=\"nofollow noopener\" target=\"_blank\" href=\"https:\/\/www.elnuevodia.com\/topicos\/pedro-pierluisi\/\">Pedro Pierluisi<\/a>, viajar\u00e1 este domingo a <a rel=\"nofollow noopener\" target=\"_blank\" href=\"https:\/\/www.elnuevodia.com\/topicos\/madrid\/\">Madrid <\/a>para representar a la isla en la Feria Internacional de Turismo en Espa\u00f1a (Fitur), para elevar el perfil del territorio caribe\u00f1o como destino de vacaciones e inversiones.<\/p>\n<aside class=\"related-stories article-body-drop content-element\">\n<article class=\"story-tease-beta\"\/>\n<article class=\"story-tease-beta\"\/><\/aside>\n<p class=\"content-element\"><b>\u201cLlevamos dos a\u00f1os con un crecimiento r\u00e9cord en nuestro sector tur\u00edstico, por lo que es importante continuar aprovechando cada oportunidad para seguir promocionando a nuestra isla\u201d, asegur\u00f3 Pierluisi en un comunicado de prensa.<\/b><\/p>\n<p class=\"content-element\">Pierluisi, quien ser\u00e1 uno de los oradores en el evento, resalt\u00f3 que en el mismo \u201ctenemos mucho que ofrecer y es necesario continuar fomentando que cada vez m\u00e1s personas de todo el mundo nos visiten, y conozcan nuestra cultura y oferta tur\u00edstica\u201d.<\/p>\n<p class=\"content-element\"><b>\u201cLa Feria Internacional del Turismo nos abre la puerta para establecer m\u00e1s lazos comerciales en la industria tur\u00edstica, para darnos a conocer y para que se sepa todo lo que tiene Puerto Rico como un destino \u00fanico en el Caribe\u201d, sostuvo.<\/b><\/p>\n<p class=\"content-element\">La agenda de la delegaci\u00f3n de Puerto Rico incluye, entre otros compromisos de relevancia internacional, la participaci\u00f3n del gobernador Pierluisi en la ceremonia oficial de apertura y corte de cinta en iFEMA Madrid.<\/p>\n<p class=\"content-element\">Adem\u00e1s, participar\u00e1 en el panel de Sostenibilidad de Fitur, donde hablar\u00e1 sobre los esfuerzos que ha estado implementando Puerto Rico en materia de desarrollo sostenible tanto a nivel de la industria tur\u00edstica como a nivel gubernamental y los grandes logros que ha tenido el sector del turismo native en los pasados dos a\u00f1os.<\/p>\n<p class=\"content-element\">Igualmente, el gobernador tendr\u00e1 varias reuniones con ejecutivos y funcionarios relacionados al turismo, as\u00ed como entrevistas con medios europeos para continuar promocionando a la isla.<\/p>\n<p class=\"content-element\">El evento contar\u00e1 con la participaci\u00f3n de sobre 8,600 expositores, 110,000 representantes de la industria, entre ellos, l\u00edneas a\u00e9reas y de cruceros, mayoristas, agencias de viajes, operadores de excursiones, hoteleros, y medios de comunicaci\u00f3n especializados en turismo.<\/p>\n<p class=\"content-element\"><b>Pierluisi aprovechar\u00e1 adem\u00e1s el viaje para firmar el Memorando de Entendimiento en materia de Archivos entre el Ministerio de Cultura y Deporte del Reino de Espa\u00f1a y el <\/b><a rel=\"nofollow noopener\" target=\"_blank\" href=\"https:\/\/www.elnuevodia.com\/topicos\/instituto-de-cultura-puertorriquena\/\"><b>Instituto de Cultura Puertorrique\u00f1a<\/b><\/a><b>.<\/b><\/p>\n<p class=\"content-element\">Este acuerdo forma parte de la primera fase de la digitalizaci\u00f3n de documentos hist\u00f3ricos sobre Puerto Rico del Archivo Basic de Simancas, el Centro Documental de la Memoria Hist\u00f3rica y el Archivo Basic de Indias, y de otros en el Archivo Basic de Puerto Rico y en la Biblioteca Nacional de Puerto Rico.<\/p>\n<p class=\"content-element\">Tambi\u00e9n, en la ciudad de Toledo el gobernador Pierluisi junto al presidente del gobierno Castilla-La Mancha, Emiliano Garc\u00eda-Web page, hablar\u00e1n sobre una alianza para promocionar ambos destinos tur\u00edsticos y se har\u00e1 un anuncio relacionado a la empresa Toro Verde.<\/p>\n<p class=\"content-element\">El secretario de Estado, Omar Marrero, ser\u00e1 el gobernador interino hasta la llegada de Pierluisi.<\/p>\n<\/div>\n\n<p><em> &#8221; Fuentes news.google.com &#8221; <\/em><\/p>\n","protected":false},"excerpt":{"rendered":"<p>El gobernador de Puerto Rico, Pedro Pierluisi, viajar\u00e1 este domingo a Madrid para representar a la isla en la Feria Internacional de Turismo en Espa\u00f1a (Fitur), para elevar el perfil del territorio caribe\u00f1o como destino de vacaciones e inversiones. \u201cLlevamos dos a\u00f1os con un crecimiento r\u00e9cord en nuestro sector tur\u00edstico, por lo que es importante [&hellip;]<\/p>\n","protected":false},"author":4,"featured_media":467083,"comment_status":"open","ping_status":"closed","sticky":false,"template":"","format":"standard","meta":{"om_disable_all_campaigns":false,"jnews-multi-image_gallery":[],"jnews_single_post":[],"jnews_primary_category":[],"jnews_social_meta":[],"footnotes":""},"categories":[40],"tags":[700,20847,544],"class_list":["post-467082","post","type-post","status-publish","format-standard","has-post-thumbnail","hentry","category-industria","tag-madrid","tag-pedro-pierluisi","tag-turismo"],"_links":{"self":[{"href":"https:\/\/dimensionturistica.com\/es\/wp-json\/wp\/v2\/posts\/467082","targetHints":{"allow":["GET"]}}],"collection":[{"href":"https:\/\/dimensionturistica.com\/es\/wp-json\/wp\/v2\/posts"}],"about":[{"href":"https:\/\/dimensionturistica.com\/es\/wp-json\/wp\/v2\/types\/post"}],"author":[{"embeddable":true,"href":"https:\/\/dimensionturistica.com\/es\/wp-json\/wp\/v2\/users\/4"}],"replies":[{"embeddable":true,"href":"https:\/\/dimensionturistica.com\/es\/wp-json\/wp\/v2\/comments?post=467082"}],"version-history":[{"count":0,"href":"https:\/\/dimensionturistica.com\/es\/wp-json\/wp\/v2\/posts\/467082\/revisions"}],"wp:featuredmedia":[{"embeddable":true,"href":"https:\/\/dimensionturistica.com\/es\/wp-json\/wp\/v2\/media\/467083"}],"wp:attachment":[{"href":"https:\/\/dimensionturistica.com\/es\/wp-json\/wp\/v2\/media?parent=467082"}],"wp:term":[{"taxonomy":"category","embeddable":true,"href":"https:\/\/dimensionturistica.com\/es\/wp-json\/wp\/v2\/categories?post=467082"},{"taxonomy":"post_tag","embeddable":true,"href":"https:\/\/dimensionturistica.com\/es\/wp-json\/wp\/v2\/tags?post=467082"}],"curies":[{"name":"wp","href":"https:\/\/api.w.org\/{rel}","templated":true}]}}