{"id":466536,"date":"2023-01-15T17:08:01","date_gmt":"2023-01-15T17:08:01","guid":{"rendered":"https:\/\/dimensionturistica.com\/es\/?p=466536"},"modified":"2023-01-15T17:08:01","modified_gmt":"2023-01-15T17:08:01","slug":"los-viajes-del-imserso-cambian-por-completo-este-2023-estas-son-todas-las-novedades","status":"publish","type":"post","link":"https:\/\/dimensionturistica.com\/es\/los-viajes-del-imserso-cambian-por-completo-este-2023-estas-son-todas-las-novedades\/","title":{"rendered":"Los viajes del Imserso cambian por completo este 2023:\u00a0estas son todas las novedades"},"content":{"rendered":"<p> <br \/>\n<\/p>\n<div id=\"article-body-content\" data-action=\"toggle\" data-status=\"on\">\n<p class=\"paragraph\" id=\"paragraph_1\">El programa de viajes de la <a rel=\"nofollow noopener\" target=\"_blank\" href=\"https:\/\/www.elespanol.com\/invertia\/empresas\/turismo\/podran-reservar-viajes-imserso-temporada\/680932141_0.html\">temporada 2022-2023 del Instituto de Mayores y Servicios Sociales<\/a>, el conocido por todos como Imserso, empez\u00f3 el pasado mes de octubre y pr\u00e1cticamente todas sus plazas han sido cubiertas.<\/p>\n<p class=\"paragraph\" id=\"paragraph_2\">Las acreditaciones se incrementaron un 31,47%, alcanzando una cifra hist\u00f3rica, y muchos consideran que, el programa de viajes est\u00e1 siendo todo un \u00e9xito.<\/p>\n<p class=\"paragraph\" id=\"paragraph_3\">Con la programaci\u00f3n tur\u00edstica destinada a jubilados y pensionistas en marcha y a pleno rendimiento, comienzan a fraguarse los detalles de los viajes del periodo 2023-2024, para el que el organismo ya ha anunciado algunos cambios sustanciales que afectar\u00e1n principalmente tanto al n\u00famero de plazas que se <strong>ofertan a los jubilados como a la duraci\u00f3n media de los viajes.<\/strong><\/p>\n<h3 class=\"content__summary-title\">Menos plazas para los viajes del Imserso<\/h3>\n<p class=\"paragraph\" id=\"paragraph_4\">En cuanto al primer cambio, para 2023 el Gobierno\u00a0ha recortado 3.000 plazas para viajar entre octubre de 2022 y junio de 2023, <strong>pasando de las 816.000 previstas a las 813.000 plazas.<\/strong> Este ajuste se justifica por una ca\u00edda de la demanda, ya que se prev\u00e9 que s\u00f3lo se ocupe alrededor del 90% de las plazas, es decir, unas 734.000.<\/p>\n<p class=\"paragraph\" id=\"paragraph_5\">Por el contrario, s\u00ed se aumentar\u00e1n en 28.442 las plazas para los viajes de turismo de inside. En cuanto al turismo termal, el n\u00famero no variar\u00e1 para la temporada 2023-24 y se mantendr\u00e1 en 192.000, aunque est\u00e1 previsto que solo se ocupen 127.750, es decir, seis de cada 10 plazas.<\/p>\n<h3 class=\"content__summary-title\">Estancias m\u00e1s largas para los viajes<\/h3>\n<p class=\"paragraph\" id=\"paragraph_6\">Otra modificaci\u00f3n importante en el programa Imserso 2023 tiene que ver con la duraci\u00f3n de los viajes donde habr\u00e1 un peque\u00f1o aumento.<strong> La estancia media pasar\u00e1 de los 7 d\u00edas y medio a los ocho d\u00edas,<\/strong> pero se eliminar\u00e1n de la oferta los viajes con duraci\u00f3n de los 15 d\u00edas.\u00a0<\/p>\n<p class=\"paragraph\" id=\"paragraph_7\">Este \u00faltimo cambio ser\u00e1 posible gracias al incremento del presupuesto del Instituto de Mayores y Servicios Sociales, que alcanzar\u00e1 los 6.672 millones de euros, un 14% m\u00e1s que en 2022.<\/p>\n<h3 class=\"content__summary-title\">Nuevo plazo para presentar las solicitudes<\/h3>\n<p class=\"paragraph\" id=\"paragraph_8\">El plazo ordinario de presentaci\u00f3n de solicitudes en este programa finaliz\u00f3 el 19 de julio de 2022 para la temporada 2022-2023, pero el 13 de diciembre el Imserso habilit\u00f3 un nuevo plazo para apuntarse a los viajes de turismo social.<\/p>\n<p class=\"paragraph\" id=\"paragraph_9\">Las fechas para participar en el proceso de adjudicaci\u00f3n de plaza son:<\/p>\n<ul class=\"content__summary-list content__summary-list--bullets\">\n<li class=\"summary-list__item\">Para los turnos de los meses de febrero a agosto, ambos inclusive: <strong>hasta el d\u00eda 9 de enero de 2023.<\/strong><\/li>\n<li class=\"summary-list__item\">Para los turnos de los meses de septiembre a diciembre: <strong>hasta el d\u00eda 15 de mayo de 2023.<\/strong><\/li>\n<\/ul>\n<p class=\"paragraph\" id=\"paragraph_10\">Las fechas para ingresar en la lista de espera de plazas, para cubrir las plazas que vayan quedando vacantes por renuncias u otras circunstancias:<\/p>\n<ul class=\"content__summary-list content__summary-list--bullets\">\n<li class=\"summary-list__item\">Para los turnos de los meses de febrero a agosto: <strong>hasta el d\u00eda 14 de mayo de 2023.<\/strong><\/li>\n<li class=\"summary-list__item\">Para los turnos de los meses de septiembre a diciembre:<strong> hasta el d\u00eda 15 de noviembre de 2023.<\/strong><\/li>\n<\/ul>\n<h3 class=\"content__summary-title\">Requisitos para acceder a los viajes del Imserso<\/h3>\n<p class=\"paragraph\" id=\"paragraph_11\">Tal y como detalla el Imserso en su p\u00e1gina internet, los residentes en Espa\u00f1a deben cumplir alguno de estos requisitos para poder <strong>acceder al Programa de Turismo del organismo:<\/strong><\/p>\n<ul class=\"content__summary-list content__summary-list--bullets\">\n<li class=\"summary-list__item\">Ser pensionista de jubilaci\u00f3n de la Seguridad Social.<\/li>\n<li class=\"summary-list__item\">Ser pensionista de viudedad con 55 o m\u00e1s a\u00f1os de edad de la Seguridad Social.<\/li>\n<li class=\"summary-list__item\">Ser pensionista por otros conceptos del sistema de Seguridad Social espa\u00f1ol o perceptor de prestaciones o subsidios de desempleo, con 60 a\u00f1os cumplidos o m\u00e1s a\u00f1os de edad.<\/li>\n<li class=\"summary-list__item\">Ser asegurado o beneficiario del Sistema de la Seguridad Social espa\u00f1ol, con 65 a\u00f1os cumplidos o m\u00e1s a\u00f1os de edad.<\/li>\n<\/ul>\n<p class=\"paragraph\" id=\"paragraph_12\">Asimismo, tambi\u00e9n pueden participar en los viajes del Imserso los espa\u00f1oles residentes en el extranjero y los espa\u00f1oles de origen emigrantes que hayan retornado a Espa\u00f1a,<strong> siempre y cuando cumplan alguna de las condiciones<\/strong> enumeradas anteriormente.<\/p>\n<p><span class=\"follow-topics-title__icon\"\/>Sigue los temas que te interesan<\/p>\n<\/p><\/div>\n\n<p><em> &#8221; Fuentes news.google.com &#8221; <\/em><\/p>\n","protected":false},"excerpt":{"rendered":"<p>El programa de viajes de la temporada 2022-2023 del Instituto de Mayores y Servicios Sociales, el conocido por todos como Imserso, empez\u00f3 el pasado mes de octubre y pr\u00e1cticamente todas sus plazas han sido cubiertas. Las acreditaciones se incrementaron un 31,47%, alcanzando una cifra hist\u00f3rica, y muchos consideran que, el programa de viajes est\u00e1 siendo [&hellip;]<\/p>\n","protected":false},"author":4,"featured_media":466537,"comment_status":"open","ping_status":"closed","sticky":false,"template":"","format":"standard","meta":{"om_disable_all_campaigns":false,"jnews-multi-image_gallery":[],"jnews_single_post":[],"jnews_primary_category":[],"jnews_social_meta":[],"footnotes":""},"categories":[39],"tags":[813,15538,18340,544,545],"class_list":["post-466536","post","type-post","status-publish","format-standard","has-post-thumbnail","hentry","category-viajes","tag-imserso","tag-jubilacion","tag-pensionistas","tag-turismo","tag-viajes"],"_links":{"self":[{"href":"https:\/\/dimensionturistica.com\/es\/wp-json\/wp\/v2\/posts\/466536","targetHints":{"allow":["GET"]}}],"collection":[{"href":"https:\/\/dimensionturistica.com\/es\/wp-json\/wp\/v2\/posts"}],"about":[{"href":"https:\/\/dimensionturistica.com\/es\/wp-json\/wp\/v2\/types\/post"}],"author":[{"embeddable":true,"href":"https:\/\/dimensionturistica.com\/es\/wp-json\/wp\/v2\/users\/4"}],"replies":[{"embeddable":true,"href":"https:\/\/dimensionturistica.com\/es\/wp-json\/wp\/v2\/comments?post=466536"}],"version-history":[{"count":0,"href":"https:\/\/dimensionturistica.com\/es\/wp-json\/wp\/v2\/posts\/466536\/revisions"}],"wp:featuredmedia":[{"embeddable":true,"href":"https:\/\/dimensionturistica.com\/es\/wp-json\/wp\/v2\/media\/466537"}],"wp:attachment":[{"href":"https:\/\/dimensionturistica.com\/es\/wp-json\/wp\/v2\/media?parent=466536"}],"wp:term":[{"taxonomy":"category","embeddable":true,"href":"https:\/\/dimensionturistica.com\/es\/wp-json\/wp\/v2\/categories?post=466536"},{"taxonomy":"post_tag","embeddable":true,"href":"https:\/\/dimensionturistica.com\/es\/wp-json\/wp\/v2\/tags?post=466536"}],"curies":[{"name":"wp","href":"https:\/\/api.w.org\/{rel}","templated":true}]}}