{"id":466535,"date":"2023-01-15T20:53:48","date_gmt":"2023-01-15T20:53:48","guid":{"rendered":"https:\/\/dimensionturistica.com\/es\/?p=466535"},"modified":"2024-02-20T22:09:56","modified_gmt":"2024-02-20T22:09:56","slug":"fashion-forward-participa-en-intermoda-2023-en-guadalajara","status":"publish","type":"post","link":"https:\/\/dimensionturistica.com\/es\/fashion-forward-participa-en-intermoda-2023-en-guadalajara\/","title":{"rendered":"Fashion Forward participa en Intermoda 2023 en Guadalajara"},"content":{"rendered":"<p>El colectivo Fashion Forward, la primera incubadora especializada en negocios de moda con certificaci\u00f3n a nivel internacional comienza el a\u00f1o con su participaci\u00f3n dentro de Intermoda 2023 del 17 al 20 de enero en Expo Guadalajara.<br \/>\nCatalogada como la exposici\u00f3n de negocios de moda m\u00e1s grane de Latinoam\u00e9rica en un espacio de 40 mil metros cuadrados, y con 39 a\u00f1os de historia, este encuentro comercial que re\u00fane este a\u00f1o a 600 expositores<img decoding=\"async\" class=\"size-medium wp-image-466598 alignright\" src=\"https:\/\/dimensionturistica.com\/es\/wp-content\/uploads\/2023\/01\/WhatsApp-Image-2023-01-12-at-12.42.53-PM-300x225.jpeg\" alt=\"\" width=\"300\" height=\"225\" srcset=\"https:\/\/dimensionturistica.com\/es\/wp-content\/uploads\/2023\/01\/WhatsApp-Image-2023-01-12-at-12.42.53-PM-300x225.jpeg 300w, https:\/\/dimensionturistica.com\/es\/wp-content\/uploads\/2023\/01\/WhatsApp-Image-2023-01-12-at-12.42.53-PM-1024x768.jpeg 1024w, https:\/\/dimensionturistica.com\/es\/wp-content\/uploads\/2023\/01\/WhatsApp-Image-2023-01-12-at-12.42.53-PM-768x576.jpeg 768w, https:\/\/dimensionturistica.com\/es\/wp-content\/uploads\/2023\/01\/WhatsApp-Image-2023-01-12-at-12.42.53-PM-1536x1152.jpeg 1536w, https:\/\/dimensionturistica.com\/es\/wp-content\/uploads\/2023\/01\/WhatsApp-Image-2023-01-12-at-12.42.53-PM-750x563.jpeg 750w, https:\/\/dimensionturistica.com\/es\/wp-content\/uploads\/2023\/01\/WhatsApp-Image-2023-01-12-at-12.42.53-PM-1140x855.jpeg 1140w, https:\/\/dimensionturistica.com\/es\/wp-content\/uploads\/2023\/01\/WhatsApp-Image-2023-01-12-at-12.42.53-PM.jpeg 1600w\" sizes=\"(max-width: 300px) 100vw, 300px\" \/> y 950 marcas, reafirma su liderazgo, a trav\u00e9s de una evoluci\u00f3n constante y gran experiencia en la industria.<br \/>\nDe la mano de su director general Jacob Pulido y su equipo, Fashion Forward estar\u00e1 presente durante Intermoda 2023, ubic\u00e1ndose en los stands T26 y T27 de la Zona Trending, el pabell\u00f3n especializado en apoyar el dise\u00f1o nacional e internacional.<br \/>\nEste Stand es parte del programa de vinculaci\u00f3n continua al que tiene acceso cualquier egresado de incubacion donde previamente se seleccionaron a 5 marcas para que tuvieran su primera experiencia de participacion comercial en un evento de esta talla. Durante todos estos d\u00edas, Fashion Forward brindar\u00e1 asesor\u00eda y acompa\u00f1amiento a las nuevos emprendedores de la moda, adem\u00e1s de mostrarles el panorama de la moda actual en M\u00e9xico y el extranjero.<br \/>\nEl proyecto Fashion Forward nace en 2017 y se pone en marcha con el objetivo de fomentar la cultura del emprendimiento dentro de la industria de la moda en M\u00e9xico, brindando a sus incubados los conocimientos<img decoding=\"async\" class=\"size-medium wp-image-466599 alignleft\" src=\"https:\/\/dimensionturistica.com\/es\/wp-content\/uploads\/2023\/01\/WhatsApp-Image-2023-01-12-at-12.42.53-PM-2-225x300.jpeg\" alt=\"\" width=\"225\" height=\"300\" srcset=\"https:\/\/dimensionturistica.com\/es\/wp-content\/uploads\/2023\/01\/WhatsApp-Image-2023-01-12-at-12.42.53-PM-2-225x300.jpeg 225w, https:\/\/dimensionturistica.com\/es\/wp-content\/uploads\/2023\/01\/WhatsApp-Image-2023-01-12-at-12.42.53-PM-2-768x1024.jpeg 768w, https:\/\/dimensionturistica.com\/es\/wp-content\/uploads\/2023\/01\/WhatsApp-Image-2023-01-12-at-12.42.53-PM-2-1152x1536.jpeg 1152w, https:\/\/dimensionturistica.com\/es\/wp-content\/uploads\/2023\/01\/WhatsApp-Image-2023-01-12-at-12.42.53-PM-2-750x1000.jpeg 750w, https:\/\/dimensionturistica.com\/es\/wp-content\/uploads\/2023\/01\/WhatsApp-Image-2023-01-12-at-12.42.53-PM-2-1140x1520.jpeg 1140w, https:\/\/dimensionturistica.com\/es\/wp-content\/uploads\/2023\/01\/WhatsApp-Image-2023-01-12-at-12.42.53-PM-2.jpeg 1200w\" sizes=\"(max-width: 225px) 100vw, 225px\" \/> y cimientos necesarios para que puedan dar crecimiento a cualquier estructura de negocio con mayor \u00e9xito y potenciar su comercializaci\u00f3n.<br \/>\nPara formar parte de esta comunidad de #Forwardettes, s\u00f3lo es necesario seguir tres pasos:<br \/>\n1.- Agendar una entrevista con la coordinaci\u00f3n de admisiones para conocer la idea o negocio.<br \/>\n2.- Una vez validado por el \u00e1rea de admisiones, deber\u00e1 enviar todos sus documentos<br \/>\n3.- Realizar el pago correspondiente.<br \/>\nLos aspirantes deber\u00e1n tener ya en mente la idea, proyecto o marca activa, para ser evaluada y poder participar en este ciclo que comienza en marzo del 2023. Si el proyecto es seleccionado, el equipo de Fashion Forward, se pondr\u00e1 en contacto para brindarles toda la informaci\u00f3n necesaria para su ingreso.<br \/>\nwww.fashionforward.com.mx<br \/>\nRedes sociales:<br \/>\nhttps:\/\/www.facebook.com\/fashionforwardincubadora<br \/>\nIG: @fashionforwardmx<\/p>\n","protected":false},"excerpt":{"rendered":"<p>El colectivo Fashion Forward, la primera incubadora especializada en negocios de moda con certificaci\u00f3n a nivel internacional comienza el a\u00f1o con su participaci\u00f3n dentro de Intermoda 2023 del 17 al 20 de enero en Expo Guadalajara. Catalogada como la exposici\u00f3n de negocios de moda m\u00e1s grane de Latinoam\u00e9rica en un espacio de 40 mil metros [&hellip;]<\/p>\n","protected":false},"author":1,"featured_media":466597,"comment_status":"open","ping_status":"closed","sticky":false,"template":"","format":"standard","meta":{"om_disable_all_campaigns":false,"jnews-multi-image_gallery":[],"jnews_single_post":{"source_name":"","source_url":"","via_name":"","via_url":"","override_template":"0","override":[{"template":"1","single_blog_custom":"","parallax":"1","fullscreen":"1","layout":"right-sidebar","sidebar":"default-sidebar","second_sidebar":"default-sidebar","sticky_sidebar":"1","share_position":"top","share_float_style":"share-monocrhome","show_share_counter":"1","show_view_counter":"1","show_featured":"1","show_post_meta":"1","show_post_author":"1","show_post_author_image":"1","show_post_date":"1","post_date_format":"default","post_date_format_custom":"Y\/m\/d","show_post_category":"1","show_post_reading_time":"0","post_reading_time_wpm":"300","show_zoom_button":"0","zoom_button_out_step":"2","zoom_button_in_step":"3","show_post_tag":"1","show_prev_next_post":"1","show_popup_post":"1","number_popup_post":"1","show_author_box":"0","show_post_related":"0","show_inline_post_related":"0"}],"override_image_size":"0","image_override":[{"single_post_thumbnail_size":"crop-500","single_post_gallery_size":"crop-500"}],"trending_post":"0","trending_post_position":"meta","trending_post_label":"Trending","sponsored_post":"0","sponsored_post_label":"Sponsored by","sponsored_post_name":"","sponsored_post_url":"","sponsored_post_logo_enable":"0","sponsored_post_logo":"","sponsored_post_desc":"","disable_ad":"0"},"jnews_primary_category":{"id":"","hide":""},"jnews_social_meta":{"fb_title":"","fb_description":"","fb_image":"","twitter_title":"","twitter_description":"","twitter_image":""},"footnotes":""},"categories":[144872],"tags":[],"class_list":["post-466535","post","type-post","status-publish","format-standard","has-post-thumbnail","hentry","category-fashion"],"_links":{"self":[{"href":"https:\/\/dimensionturistica.com\/es\/wp-json\/wp\/v2\/posts\/466535","targetHints":{"allow":["GET"]}}],"collection":[{"href":"https:\/\/dimensionturistica.com\/es\/wp-json\/wp\/v2\/posts"}],"about":[{"href":"https:\/\/dimensionturistica.com\/es\/wp-json\/wp\/v2\/types\/post"}],"author":[{"embeddable":true,"href":"https:\/\/dimensionturistica.com\/es\/wp-json\/wp\/v2\/users\/1"}],"replies":[{"embeddable":true,"href":"https:\/\/dimensionturistica.com\/es\/wp-json\/wp\/v2\/comments?post=466535"}],"version-history":[{"count":0,"href":"https:\/\/dimensionturistica.com\/es\/wp-json\/wp\/v2\/posts\/466535\/revisions"}],"wp:featuredmedia":[{"embeddable":true,"href":"https:\/\/dimensionturistica.com\/es\/wp-json\/wp\/v2\/media\/466597"}],"wp:attachment":[{"href":"https:\/\/dimensionturistica.com\/es\/wp-json\/wp\/v2\/media?parent=466535"}],"wp:term":[{"taxonomy":"category","embeddable":true,"href":"https:\/\/dimensionturistica.com\/es\/wp-json\/wp\/v2\/categories?post=466535"},{"taxonomy":"post_tag","embeddable":true,"href":"https:\/\/dimensionturistica.com\/es\/wp-json\/wp\/v2\/tags?post=466535"}],"curies":[{"name":"wp","href":"https:\/\/api.w.org\/{rel}","templated":true}]}}