{"id":466230,"date":"2023-01-15T03:21:10","date_gmt":"2023-01-15T03:21:10","guid":{"rendered":"https:\/\/dimensionturistica.com\/es\/?p=466230"},"modified":"2023-01-15T03:21:10","modified_gmt":"2023-01-15T03:21:10","slug":"como-inicia-historicamente-republica-dominicana-su-presencia-en-fitur","status":"publish","type":"post","link":"https:\/\/dimensionturistica.com\/es\/como-inicia-historicamente-republica-dominicana-su-presencia-en-fitur\/","title":{"rendered":"\u00bfC\u00f3mo inicia hist\u00f3ricamente Republica Dominicana su presencia en FITUR?"},"content":{"rendered":"<p> <br \/>\n<\/p>\n<div><picture class=\"preview-image\"><img decoding=\"async\" src=\"https:\/\/acentos3.s3.us-east-2.amazonaws.com\/resources\/img\/_blank.gif\" data-imgresponsive=\"\" data-desktop=\"https:\/\/acentos3.s3.us-east-2.amazonaws.com\/media\/storage02\/uploads\/2023\/01\/fitur2020_opt-728x410.webp\" data-mobile=\"https:\/\/acentos3.s3.us-east-2.amazonaws.com\/media\/storage02\/uploads\/2023\/01\/fitur2020_opt-400x225.webp\" onerror=\"FRN.imgFIX(this);\"\/><\/picture>\n<p>Andr\u00e9s Lora<\/p>\n<p>FITUR est\u00e1 de boca en boca en la industria del turismo, en la medida en que es el gran mercado internacional que abre el a\u00f1o y la cita en que todos los pa\u00edses receptores de turismo, quieren esta. \u00bfC\u00f3mo se produce la presencia dominicana desde su primera edici\u00f3n en 1981?<\/p>\n<p>Para la precise edici\u00f3n que apenas comienza ya mismo, m\u00e1s de 60 periodistas, incluyendo los talentos de varias plataformas de televisi\u00f3n, radio y medios digitales, adem\u00e1s de medios escritos, han de cubrir el evento.<\/p>\n<p>Estos comunicadores acuden a trabajar muy intensamente en el apretado programa de actividades que incluyen acuerdos a firmar, ratificaciones de convenios, lanzamientos de proyectos que lleva el pa\u00eds (<strong>Punta Bergant\u00edn<\/strong>-Sos\u00faa \u2013 ya presentado en un espect\u00e1culo audiovisual informativo en acto montado en el <em>Roof Backyard<\/em> del Lodge El Embajador- y <strong>Miches<\/strong> como el gran estuche destino) y la otra punta de lanza de la delegaci\u00f3n dominicana.<\/p>\n<p>FITUR es\u00a0la primera cita anual para los profesionales del turismo mundial y la feria l\u00edder para los mercados receptivos y emisores de Iberoam\u00e9rica<strong>.<\/strong><\/p>\n<p><strong>Andr\u00e9s Lora,<\/strong>\u00a0actualmente director de comunicaciones de\u00a0<strong>Sky Cana<\/strong>, l\u00ednea a\u00e9rea dominicana, ofrece en este trabajo una relaci\u00f3n de los primeros roles cumplidos por el pa\u00eds en FITUR. <strong>Lora<\/strong> describe el origen de FITUR y la participaci\u00f3n dominicana, as\u00ed:<\/p>\n<p>\u201cRegresar a Madrid siempre es parte de una ilusi\u00f3n, de un sue\u00f1o que despierta tras ocho y tantas horas de vuelo y de pronto respirar Madrid, una ciudad llena de encantos y much\u00edsimos recuerdos.<\/p>\n<p>Los albores del encuentro del pa\u00eds con pa\u00eds tienen relaci\u00f3n con la reci\u00e9n establecida, Secretar\u00eda de Estado, (creada por el Congreso Nacional en el a\u00f1o 1979).<\/p>\n<p>Nuestro primer viaje a <strong>FITUR<\/strong> fue en 1983, en el Pabell\u00f3n de Cristal de la Casa de Campo, Madrid, con una peque\u00f1a delegaci\u00f3n llena de optimismo y euforia por dar a conocer qui\u00e9nes \u00e9ramos y qu\u00e9 pod\u00edamos ofrecer a los compradores que asist\u00edan al m\u00e1s grande evento tur\u00edstico hispano-parlante, que luego seguir\u00eda creciendo y se consolidaba como una de las ferias de turismo m\u00e1s importantes del mundo.<\/p>\n<p>Las limitaciones no nos deten\u00edan el \u00e1nimo, aunque gobiernos de islas cercanas en el Caribe, ten\u00edan unos presupuestos astron\u00f3micos.<\/p>\n<p>Con un espacio peque\u00f1o y buen respaldo con la presencia de los protagonistas del incipiente sector, agencias de viajes, turoperadores, hoteleros y l\u00edneas a\u00e9reas entre otros, logramos la atenci\u00f3n de los compradores y de aquellos que se interesan por el emergente destino.<\/p>\n<picture class=\"image\"><img decoding=\"async\" loading=\"lazy\" alt=\" Asi era Ifema en los tiempos de fundacion de FITUR\" attribution=\" Asi era Ifema en los tiempos de fundacion de FITUR\" src=\"https:\/\/acentos3.s3.us-east-2.amazonaws.com\/media\/storage02\/uploads\/2023\/01\/asi-era-ifema-en-los-tiempos-de-fundacion-de-fitur.png\" width=\"1074\" height=\"336\"\/><figcaption>Asi era Ifema en los tiempos de fundacion de FITUR<\/figcaption><\/picture>\n<p>La labor tit\u00e1nica de <strong>Rafael Antonio Suberv\u00ed Bonilla<\/strong>, Secretario\u200b de Turismo, de entonces\u00a0de buscar los fondos para asistir a la Feria FITUR, implicaba procurar los billetes a\u00e9reos y negociar con<strong> Iberia<\/strong> los excesos de libras negociar, agenciar las habitaciones con las <strong>Cadenas Occidental y Meli\u00e1<\/strong> y el apoyo puntual de amigos personales del incumbente hicieron que esa feria fuera exitosa.<\/p>\n<p>FITUR nos dio experiencia para de ah\u00ed seguir a las ferias de Mil\u00e1n y la extraordinaria ITB de Berl\u00edn, cerrando los primeros tres meses del a\u00f1o con estas ferias internacionales en Europa. El dolor de cabeza siempre fue conseguir los fondos y tener que cambiarlos a las monedas de cada uno de esos pa\u00edses, donde todo era muy caro y los recursos muy precarios.<\/p>\n<p>En <strong>FITUR 83<\/strong> tuvimos un espacio peque\u00f1o con apenas un cub\u00edculo con un escritorio y sillas para reuniones y todo el rededor una especie de mostrador para obsequiar nuestros folletos promocionales y los suvenires que llev\u00e1bamos. Una decoraci\u00f3n nada sofisticada pero colorida.<\/p>\n<p>El d\u00eda antes de la apertura de la feria, y con todo el fr\u00edo que se puedan imaginar, est\u00e1bamos pintando, clavando y decorando.\u00a0 Y al d\u00eda siguiente \u200b deb\u00edamos estar listos para \u200bpresentar nuestras mejores sonrisas y entusiasmo. <strong>Jeannette Nivar,<\/strong> directora de la oficina de turismo en Madrid que coordin\u00f3 la visita del secretario de estado para presentarlo en las m\u00e1s altas instancias del mundo tur\u00edstico, su presencia imprim\u00eda el sello de seriedad y garant\u00eda de que \u00e9ramos una naci\u00f3n organizada y abierta a las inversiones del disfrute vacacional, dar declaraciones a la prensa y poner la Republica Dominicana entre los nuevos destinos emergentes del caribe.<\/p>\n<p>Una modesta delegaci\u00f3n nos acompa\u00f1\u00f3, en total once agentes de viajes, tres representantes de la prensa especializada de turismo, dos representantes de un hotel y un representante de un proyecto tur\u00edstico.<\/p>\n<p>Del sector agencias de viajes: <strong>Rosalinda Thomas, Fideliza Pimentel, Julia Abreu Rond\u00f3n<\/strong>mujeres guerreras, pilares que apostaron por el turismo dominicano junto a <strong>Manuela Sanabia, Ramoncito Prieto entre otros y del sector oficial, Armando Rodr\u00edguez Pelegr\u00edn, Gilberto P\u00e9rez, Miguelina Ortiz, Andr\u00e9s Lora;<\/strong> Siempre contamos con el respaldo incondicional de don <strong>Luis y do\u00f1a Rita Cabrer Caminero<\/strong> y del entusiasta del lente <strong>Carlitos Caminero.<\/strong>Eran tiempos de poner todo el esfuerzo y lealtad en beneficio del pa\u00eds, solo nos quedaba la gran satisfacci\u00f3n del deber cumplido.<\/p>\n<p>Estuvieron tambi\u00e9n <strong>Jeannette Nivar, Thimo Pimentel, Mar\u00eda Teresa Franco, Margarita Copello<\/strong>, entre otros\u2026. y el d\u00eda antes de la apertura de la feria, y con todo el fr\u00edo que se puedan imaginar, est\u00e1bamos pintando, clavando y decorando.\u00a0 Y al d\u00eda siguiente presentar nuestras mejores sonrisas y entusiasmo.<\/p>\n<p>Al volver a<strong> Fitur 1984<\/strong>, ya con m\u00e1s experiencia tuvimos un pabell\u00f3n m\u00e1s espacioso bien dise\u00f1ado y de buena terminaci\u00f3n. En esta ocasi\u00f3n asisti\u00f3 un nutrido grupo de los distintos sectores del turismo dominicano, lo novedoso del pabell\u00f3n sorprendi\u00f3 a muchos. Fue algo magn\u00edfico, lo nutrid\u200bo\u200b de las delegaciones oficiales\u200b,\u200b como la del sector privado.<\/p>\n<p>El pabell\u00f3n dominicano congreg\u00f3 el mayor n\u00famero de p\u00fablico, atra\u00eddo por el despliegue profesional, cultural y art\u00edstico.<\/p>\n<p>En esta ocasi\u00f3n, estuvieron <strong>Luis Soto<\/strong>representante de Iberia, por la Gulf &amp; Western, <strong>Anthony Bayarri; W. Spoerel<\/strong> VP de la cadena Meli\u00e1 y representantes del <strong>Club Med<\/strong> de Par\u00eds entre otros. En esta ocasi\u00f3n estuvieron los veteranos del negocio como; <strong>Rosalinda Thomas, F\u00e9lix Jim\u00e9nez, Fidelina Pimentel, Elena Mieses<\/strong> entre otros.<\/p>\n<p>Durante una rueda de prensa hicimos la presentaci\u00f3n de un video promocionando el destino tur\u00edstico, dimos a conocer por primera vez la abolici\u00f3n del visado para un sin n\u00famero de pa\u00edses y que podr\u00edan entrar con tarjeta de turismo y las facilidades para la inversi\u00f3n extranjera.<\/p>\n<p>En <strong>FITUR, 2011<\/strong><strong>\u200b.<\/strong>\u00a0Los retos se manten\u00edan y nuestro pa\u00eds estaba en la mira de todos. Nuestra estrategia y frente islas con mercados creados y con grandes inversiones en publicidad, fue darnos a conocer por nuestra m\u00fasica y folclor y hacer que el nombre del destino, Rep\u00fablica Dominicana, estuviese en boca de todos. En esta ocasi\u00f3n realizamos una noche dominicana donde \u200bse \u200bpresent\u00f3 al reconocido chef dominicano <strong>Mike Mercedes<\/strong> quien hizo una verdadera gala de degustaci\u00f3n de nuestros mejores platos.<\/p>\n<p>La cita obligada fue en el hotel Miguel \u00c1ngel en Madrid, donde al grito de Mand\u00e9, nuestra <strong>Rhina Ram\u00edrez<\/strong>, con su voz excepcional irrumpi\u00f3 para dar inicio a una espectacular noche dominicana donde tambi\u00e9n se dieron cita <strong>Vinicio Franco, Jos\u00e9 Lacay, Anahay y el ballet folcl\u00f3rico dirigido por Frank Ucero. Angela Carrasco, Jos\u00e9 Lacay, Rafael P\u00e9rez Cid y Esperanza Liranzo<\/strong> dieron fin a aquella noche m\u00e1gica interpretando a cuatro voces la mundialmente conocida canci\u00f3n <strong>\u201cPor Amor<\/strong>\u201d, durante la cual el p\u00fablico se uni\u00f3 enton\u00e1ndola.<\/p>\n<p>Los <em>souveniers<\/em> que se compraban en el mercado modelo, llevaban sombreros de cana pintados a mano con brillantes colores, maracas, g\u00fciras, entre otros peque\u00f1os art\u00edculos que pudi\u00e9ramos obsequiar y que no pesaran mucho para evitar los cargos por sobrepeso.<\/p>\n<p>Esta edici\u00f3n demand\u00f3 un gran esfuerzo mover los artistas invitados y los integrantes del ballet folcl\u00f3rico con la log\u00edstica que eso llevaba, seis parejas de bailarines, cinco m\u00fasicos y un director, los instrumentos y los vestidos por lo menos cuatro juegos con sus accesorios y zapatos&#8230;todo ten\u00eda que ser impecable, los ojos del mundo puestos sobre nosotros, y m\u00e1s, luego de las notas de prensas y expectativas creadas.<\/p>\n<p>Durante las ferias subsiguientes ya con pr\u00e1ctica, m\u00e1s conocimiento y el entusiasmo del escaso sector privado que t\u00edmidamente hacia algunos aportes, no econ\u00f3micos, seguimos adelante.<\/p>\n<p>Podemos recordar la famosa fiesta en honor a los agentes y turoperadores a los cuales quer\u00edamos m\u00e1s que conquistar, se realiz\u00f3 en una de las m\u00e1s sonadas discotecas de Madrid donde gracias a la amistad pol\u00edtica de la \u00e9poca asistieron 6 ministros del gobierno espa\u00f1ol.\u00a0Fue una gran noche donde presentamos a <strong>\u00c1ngela Carrasco<\/strong> como una s\u00faper atracci\u00f3n de la fiesta.<\/p>\n<ol start=\"2012\">\n<li>llevamos a <strong>Fernando Villalona<\/strong> <strong>y su orquesta<\/strong>y luego a la <strong>S\u00faper Orquesta San Judas Tadeo,<\/strong> de la Polic\u00eda Nacional, una\u00a0<em>\u201cCopy Band\u201d<\/em>.\u00a0Realizamos la fiesta m\u00e1s grande jam\u00e1s hecha en una feria de FITUR, en la cual <strong>Casa Brugal<\/strong> hizo su gran debut de entrada y con una multitudinaria asistencia. Todo el mundo en Madrid habl\u00f3 de la singular fiesta que hizo la Rep\u00fablica Dominicana, a la cual asistieron varios cientos de invitados.<\/li>\n<\/ol>\n<p>Recuerdo a <strong>Don Pop\u00ed Berm\u00fadez<\/strong>\u00a0que nos acompa\u00f1\u00f3 en una ocasi\u00f3n y fue parte importante del salto al estrellato art\u00edstico, de un gran imitador dominicano. Estuve a cargo de la programaci\u00f3n y direcci\u00f3n de la actividad y luego que los importantes invitados estuvieran presentes, dar inicio a la presentaci\u00f3n de nuestros artistas invitados.<\/p>\n<p>El lugar estaba completamente lleno y con mucha seguridad, cuando un joven dominicano entre la multitud me pidi\u00f3 de favor que lo dejara entrar, realmente no s\u00e9 c\u00f3mo logr\u00f3 hacerlo, cuando todo estaba listo para iniciar me dijo que ten\u00eda autorizaci\u00f3n del Secretario para hacer una peque\u00f1a presentaci\u00f3n antes del artista invitado.<\/p>\n<p>Un joven no adecuadamente vestido y temblando de fr\u00edo sali\u00f3 de la mano de\u00a0<strong>Don Popi Berm\u00fadez<\/strong>\u00a0fueron a hasta un reconocido teatro en <strong>La Gran V\u00eda<\/strong>, que el due\u00f1o period amigo del se\u00f1or Berm\u00fadez y le pidi\u00f3 dejar que ese joven hiciera una actuaci\u00f3n y que juntos lo vieran, a partir de ese momento le cambi\u00f3 la vida a\u00a0<strong>Julio Sabala.<\/strong><\/p>\n<p>Aun cuando el pa\u00eds no conquist\u00f3 premios, ni menciones durante FITUR 85, la delegaci\u00f3n tuvo una muy destacada participaci\u00f3n y realiz\u00f3 un importante despliegue de su folklore, tan concurrida que motiv\u00f3 una dr\u00e1stica resoluci\u00f3n del Consejo Directivo de FITUR, en el sentido de\u00a0\u200bno\u200b permitir en lo adelante la presentaci\u00f3n de grupos folcl\u00f3ricos ni conjuntos musicales dentro de los pabellones de exhibiciones y negocios de la feria<\/p>\n<p>Los <strong>Reyes de Espa\u00f1a<\/strong> visitaron nuestro pabell\u00f3n y el secretario euf\u00f3rico de alegr\u00eda le puso un collar de grandes piedras de \u00e1mbar, de la marca y confecci\u00f3n de <strong>Joyas Criollas.<\/strong><\/p>\n<p><strong>Dominicana de Aviaci\u00f3n<\/strong> jug\u00f3 su papel preponderante haciendo contacto con turoperadores para iniciar vuelos a Madrid, Mil\u00e1n y otros destinos en Europa. Podemos recordar la presencia de <strong>Hugo Bueno Pascal, Partenio Ortiz, Jos\u00e9 Ram\u00f3n Tejeda, Antonio Alba, Jos\u00e9 Jourdain<\/strong>entre otros.<\/p>\n<p>En otra de las ferias llevamos el ballet folcl\u00f3rico completo y una banda de m\u00fasica que nos prestaba la Polic\u00eda Nacional, en whole unas 35 personas, en esa ocasi\u00f3n fuimos invitado a la coronaci\u00f3n de la reina del carnaval y desfile en la isla de Gran Canaria, todo fue un s\u00faper espect\u00e1culo y luego participamos en una presentaci\u00f3n privada para la el <em>jet set<\/em> espa\u00f1ol, miembros de la realeza espa\u00f1ola y prensa internacional.<\/p>\n<p>Nos acompa\u00f1\u00f3 en la actividad <strong>Pepe Navarro<\/strong> uno de los rostros m\u00e1s reconocidos de la televisi\u00f3n espa\u00f1ola, tanto que se convirti\u00f3 en toda una leyenda medi\u00e1tica en los a\u00f1os 90.\u00a0 En esa ocasi\u00f3n el honorable Ayuntamiento de Santo Domingo corri\u00f3 con los gastos.<\/p>\n<p>A trav\u00e9s de los a\u00f1os he estado asistiendo a Fitur, fue en el a\u00f1o 1992 que se suscit\u00f3 el traslado desde el recinto del Pabell\u00f3n de Cristal, Casa de Campo a un reci\u00e9n inaugurado <strong>Parque Ferial Juan Carlos I<\/strong>. Fitur se ha ido renovando cada a\u00f1o, presentando novedades y conceptos potenciales de turismo, nuevos nichos, buscando nuevas maneras de evolucionar.<\/p>\n<p>Con esta din\u00e1mica y como respuesta ante la sectorizaci\u00f3n del turismo, en el a\u00f1o 2000 se estrena FITUR Congresos: el <strong>Sal\u00f3n de Viajes y Reuniones de Incentivos,<\/strong> que sirvi\u00f3 como instrumento de comercializaci\u00f3n para el llamado \u201cmercado de reuniones\u201d; es decir, un \u00e1rea dentro de la propia FITUR que est\u00e1 espec\u00edficamente dedicada a las convenciones y a las reuniones de negocio.<\/p>\n<p>A lo largo de los a\u00f1os se han ido adhiriendo distintas \u00e1reas espec\u00edficas, as\u00ed como; las \u00e1reas de <strong>Salud, Compras, Homosexual LGBT, Inexperienced, Tecnolog\u00eda, Inversi\u00f3n<\/strong> entre otras, cada cual especializada en un sector estrat\u00e9gico; ya sea <strong>el tecnol\u00f3gico, el medio ambiente, la salud o las inversiones de negocio<\/strong>.<\/p>\n<p><strong>FITUR 2022.<\/strong> Primera vez que un presidente dominicano, Luis Abinader, nos acompa\u00f1a a una feria internacional de turismo, dando un actual impulso al sector turismo. <em>Siempre me quej\u00e9 de que ning\u00fan presidente dominicano hab\u00eda cogido en serio nuestro sector.<\/em><\/p>\n<p>La d\u00e9cada de los 80 fue muy importante y decisiva, creciendo con cimientos fuertes para que 40 a\u00f1os despu\u00e9s podamos exhibir una industria que, aunque s\u00f3lida, est\u00e1 muy weak a cualquier acontecimiento inesperado. Todos los Secretarios y Ministros de Turismo han hecho esfuerzos, y todos unidos, apostaron, por el futuro de la industria.<\/p>\n<p>A FITUR 2023 volvemos. Es un renacer rom\u00e1nticamente. Ahora, todo proyecta que RD llega con una firmeza en el paso producto de sus r\u00e9cords\u00a0hist\u00f3ricos alcanzados en 2023, con Miches y Punta Bergant\u00edn\u00a0como estandartes.<\/p>\n<p>Pie de foto:<\/p>\n<p>Esta period la imagen de Ifema en 1989 cuando desarrollaba la Feria Internacional de Turismo en Fitur, fundada en 1981. Foto: IFEMA<\/p>\n<\/div>\n<p><script>!function(f,b,e,v,n,t,s)\n          {if(f.fbq)return;n=f.fbq=function(){n.callMethod?\n          n.callMethod.apply(n,arguments):n.queue.push(arguments)};\n          if(!f._fbq)f._fbq=n;n.push=n;n.loaded=!0;n.version='2.0';\n          n.queue=[];t=b.createElement(e);t.async=!0;\n          t.src=v;s=b.getElementsByTagName(e)[0];\n          s.parentNode.insertBefore(t,s)}(window, document,'script',\n          'https:\/\/connect.facebook.net\/en_US\/fbevents.js');\n          fbq('init', '381341867478063');\n          fbq('track', 'PageView');<\/script><br \/>\n<br \/><\/p>\n<p><em> &#8221; Fuentes news.google.com &#8221; <\/em><\/p>\n","protected":false},"excerpt":{"rendered":"<p>Andr\u00e9s Lora FITUR est\u00e1 de boca en boca en la industria del turismo, en la medida en que es el gran mercado internacional que abre el a\u00f1o y la cita en que todos los pa\u00edses receptores de turismo, quieren esta. \u00bfC\u00f3mo se produce la presencia dominicana desde su primera edici\u00f3n en 1981? Para la precise [&hellip;]<\/p>\n","protected":false},"author":4,"featured_media":466231,"comment_status":"open","ping_status":"closed","sticky":false,"template":"","format":"standard","meta":{"om_disable_all_campaigns":false,"jnews-multi-image_gallery":[],"jnews_single_post":[],"jnews_primary_category":[],"jnews_social_meta":[],"footnotes":""},"categories":[40],"tags":[4593],"class_list":["post-466230","post","type-post","status-publish","format-standard","has-post-thumbnail","hentry","category-industria","tag-fitur"],"_links":{"self":[{"href":"https:\/\/dimensionturistica.com\/es\/wp-json\/wp\/v2\/posts\/466230","targetHints":{"allow":["GET"]}}],"collection":[{"href":"https:\/\/dimensionturistica.com\/es\/wp-json\/wp\/v2\/posts"}],"about":[{"href":"https:\/\/dimensionturistica.com\/es\/wp-json\/wp\/v2\/types\/post"}],"author":[{"embeddable":true,"href":"https:\/\/dimensionturistica.com\/es\/wp-json\/wp\/v2\/users\/4"}],"replies":[{"embeddable":true,"href":"https:\/\/dimensionturistica.com\/es\/wp-json\/wp\/v2\/comments?post=466230"}],"version-history":[{"count":0,"href":"https:\/\/dimensionturistica.com\/es\/wp-json\/wp\/v2\/posts\/466230\/revisions"}],"wp:featuredmedia":[{"embeddable":true,"href":"https:\/\/dimensionturistica.com\/es\/wp-json\/wp\/v2\/media\/466231"}],"wp:attachment":[{"href":"https:\/\/dimensionturistica.com\/es\/wp-json\/wp\/v2\/media?parent=466230"}],"wp:term":[{"taxonomy":"category","embeddable":true,"href":"https:\/\/dimensionturistica.com\/es\/wp-json\/wp\/v2\/categories?post=466230"},{"taxonomy":"post_tag","embeddable":true,"href":"https:\/\/dimensionturistica.com\/es\/wp-json\/wp\/v2\/tags?post=466230"}],"curies":[{"name":"wp","href":"https:\/\/api.w.org\/{rel}","templated":true}]}}