{"id":465572,"date":"2023-01-13T21:19:34","date_gmt":"2023-01-13T21:19:34","guid":{"rendered":"https:\/\/dimensionturistica.com\/es\/?p=465572"},"modified":"2023-01-13T21:19:34","modified_gmt":"2023-01-13T21:19:34","slug":"verano-2023-brasil-y-la-costa-los-destinos-elegidos-por-los-sanfrancisquenos-en-vacaciones","status":"publish","type":"post","link":"https:\/\/dimensionturistica.com\/es\/verano-2023-brasil-y-la-costa-los-destinos-elegidos-por-los-sanfrancisquenos-en-vacaciones\/","title":{"rendered":"Verano 2023: Brasil y la Costa, los destinos elegidos por los sanfrancisque\u00f1os en vacaciones"},"content":{"rendered":"<p> <br \/>\n<\/p>\n<div><tadevel-ad slot-id=\"article-content-01\" sizes=\"300x300-300x250-300x200-300x100, 336x280-300x300-300x250-300x200-300x100 360w, 728x90-336x280-300x300-300x250-300x200-300x100 1024w\" style=\"display:block;margin:16px auto\"\/><\/p>\n<p>Llegan las\u00a0vacaciones de verano\u00a0y se incrementaron las consultas en las agencias de turismo para elegir d\u00f3nde ir\u00a0a qu\u00e9 precio y c\u00f3mo hacerlo \u00bfLos elegidos? En Argentina la Costa pica en punta, mientras quienes hacen un esfuerzo y van al exterior apuntan a Brasil o el Caribe.\u00a0\u00a0\u00a0<\/p>\n<p>Si bien es un buen momento de consultas y ventas, desde las agencias reconocieron algunos cambios en las conductas de los usuarios. Muchos apelan a la estrategia de aplazar las vacaciones al per\u00edodo de marzo a mayo para tener menos costo, otros se amigaron con el bus.\u00a0<\/p>\n<p><tadevel-ad slot-id=\"article-content-02\" sizes=\"300x300-300x250-300x200-300x100, 336x280-300x300-300x250-300x200-300x100 360w, 728x90-336x280-300x300-300x250-300x200-300x100 1024w\" style=\"display:block;margin:16px auto\"\/><\/p>\n<p>Noelia Isla, de la <strong>agencia de turismo\u00a0\u00a0Puos d\u00b4Alpago Viajes<\/strong> coment\u00f3 a <strong>El Peri\u00f3dico<\/strong>\u00a0sobre la compra de paquetes tur\u00edsticos: &#8220;El a\u00f1o arranc\u00f3 bastante bien y estamos contentos. Toda consulta se termina cerrando, tal vez no al instante, porque se eval\u00faa mucho el tema del d\u00f3lar&#8221;.<\/p>\n<h3><strong>Cambios<\/strong><\/h3>\n<p>En la actualidad muchas personas eligen aplazar un poco el viaje de vacaciones, por lo menos hasta marzo, principalmente por los costos. Isla dijo que &#8220;en el per\u00edodo de marzo a mayo se puede llegar a pagar hasta un 20% menos o\u00a030% dependiendo el destino&#8221;, lo cual es muy importante para las familias, por ejemplo.\u00a0<\/p>\n<p><tadevel-ad slot-id=\"article-content-03\" sizes=\"300x300-300x250-300x200-300x100, 336x280-300x300-300x250-300x200-300x100 360w, 728x90-336x280-300x300-300x250-300x200-300x100 1024w\" style=\"display:block;margin:16px auto\"\/><\/p>\n<p>Se vendi\u00f3 un poco menos, pero hay mucha gente que pide para marzo. Han modificado la fecha de las vacaciones por el tema de los precios, para marzo quiz\u00e1s se pague un 20% menos o un Eso se siente mucho en el caso de las familias.\u00a0<\/p>\n<p>&#8220;<strong>Todo lo que es Argentina, el aumento se sinti\u00f3 bastante, est\u00e1 arriba de un 50 % respecto del a\u00f1o pasado. <\/strong>Si bien aumentaron mucho los impuestos del d\u00f3lar, de todas maneras en s\u00ed no hay mucha diferencia en precio para destinos del exterior&#8221;, explic\u00f3.\u00a0<\/p>\n<p><tadevel-ad slot-id=\"article-content-04\" sizes=\"300x300-300x250-300x200-300x100, 336x280-300x300-300x250-300x200-300x100 360w, 728x90-336x280-300x300-300x250-300x200-300x100 1024w\" style=\"display:block;margin:16px auto\"\/><\/p>\n<figure class=\"multimedia\" data-type=\"photo\" data-tadevel-template=\"web\/multimedia\">\n<div class=\"content\">\n<div class=\"sizer\" data-sizer=\"aspect-ratio\" style=\"--aspect-ratio:59.30776426566885%\" data-tadevel-template=\"web\/aspect-ratio\"><picture data-tadevel-template=\"web\/picture\"><source srcset=\"https:\/\/periodico-assets.tadevel-cdn.com\/63c1b88ed83b18129397509b\/180.webp 304w, https:\/\/periodico-assets.tadevel-cdn.com\/63c1b88ed83b18129397509b\/360.webp 607w, https:\/\/periodico-assets.tadevel-cdn.com\/63c1b88ed83b18129397509b\/720.webp 1214w\" type=\"image\/webp\" sizes=\"(min-device-width: 768px) 768px, 200px\"><source srcset=\"https:\/\/periodico-assets.tadevel-cdn.com\/63c1b88ed83b18129397509b\/720.jpeg 1214w\" type=\"image\/jpeg\" sizes=\"(min-device-width: 768px) 768px, 200px\"><img alt=\"&quot;Consulta que se hace se cierra&quot;, dijeron desde la agencia de turismo Puos d\u00b4Alpago\u00a0Viajes.\" loading=\"lazy\" style=\"object-position:center\"\/><x-picture-helper\/><\/source><\/source><\/picture><\/div>\n<\/div><figcaption class=\"caption\">&#8220;Consulta que se hace se cierra&#8221;, dijeron desde la agencia de turismo Puos d\u00b4Alpago\u00a0Viajes.<\/figcaption><\/figure>\n<h3><strong>Los que m\u00e1s salen<\/strong><\/h3>\n<p>Brasil (tanto las playas del norte como el sur) siempre sigue siendo un destino &#8220;s\u00faper pedido&#8221;, y si hay que pensar en el exterior tambi\u00e9n las personas optan por ir un poco m\u00e1s arriba en el mapa. &#8220;<strong>Hay mucha gente\u00a0que hace\u00a0el gasto y van a el Caribe, eso hace que nos vayamos m\u00e1s fuera de temporada entre marzo y mayo en las reservas<\/strong>&#8220;.\u00a0<\/p>\n<p><tadevel-ad slot-id=\"article-content-05\" sizes=\"300x300-300x250-300x200-300x100, 336x280-300x300-300x250-300x200-300x100 360w, 728x90-336x280-300x300-300x250-300x200-300x100 1024w\" style=\"display:block;margin:16px auto\"\/><\/p>\n<p>Si se piensa en Argentina la Costa Atl\u00e1ntica encabeza el listado, en especial si es Mar del Plata o Pinamar. Un poco m\u00e1s retra\u00eddo qued\u00f3 el sur aunque en esos casos se opta por Bariloche o Ushuaia.\u00a0<\/p>\n<p>El buen ritmo de ventas es algo que tiene satisfechos a los agencieros, al respecto Isla afirm\u00f3: &#8220;Pos pandemia la perspectiva era subirse al avi\u00f3n y el bus, ofrecer el servicio. No hay una l\u00ednea clara bajada, lo importante es que estamos en marcha, lo que se consulta se vende y eso nos est\u00e1 pasando hoy&#8221;.\u00a0<\/p>\n<p><tadevel-ad slot-id=\"article-content-06\" sizes=\"300x300-300x250-300x200-300x100, 336x280-300x300-300x250-300x200-300x100 360w, 728x90-336x280-300x300-300x250-300x200-300x100 1024w\" style=\"display:block;margin:16px auto\"\/><\/div>\n\n<p><em> &#8221; Fuentes news.google.com &#8221; <\/em><\/p>\n","protected":false},"excerpt":{"rendered":"<p>Llegan las\u00a0vacaciones de verano\u00a0y se incrementaron las consultas en las agencias de turismo para elegir d\u00f3nde ir\u00a0a qu\u00e9 precio y c\u00f3mo hacerlo \u00bfLos elegidos? En Argentina la Costa pica en punta, mientras quienes hacen un esfuerzo y van al exterior apuntan a Brasil o el Caribe.\u00a0\u00a0\u00a0 Si bien es un buen momento de consultas y [&hellip;]<\/p>\n","protected":false},"author":4,"featured_media":0,"comment_status":"open","ping_status":"closed","sticky":false,"template":"","format":"standard","meta":{"om_disable_all_campaigns":false,"jnews-multi-image_gallery":[],"jnews_single_post":[],"jnews_primary_category":[],"jnews_social_meta":[],"footnotes":""},"categories":[40],"tags":[544,4725],"class_list":["post-465572","post","type-post","status-publish","format-standard","hentry","category-industria","tag-turismo","tag-vacaciones-de-verano"],"_links":{"self":[{"href":"https:\/\/dimensionturistica.com\/es\/wp-json\/wp\/v2\/posts\/465572","targetHints":{"allow":["GET"]}}],"collection":[{"href":"https:\/\/dimensionturistica.com\/es\/wp-json\/wp\/v2\/posts"}],"about":[{"href":"https:\/\/dimensionturistica.com\/es\/wp-json\/wp\/v2\/types\/post"}],"author":[{"embeddable":true,"href":"https:\/\/dimensionturistica.com\/es\/wp-json\/wp\/v2\/users\/4"}],"replies":[{"embeddable":true,"href":"https:\/\/dimensionturistica.com\/es\/wp-json\/wp\/v2\/comments?post=465572"}],"version-history":[{"count":0,"href":"https:\/\/dimensionturistica.com\/es\/wp-json\/wp\/v2\/posts\/465572\/revisions"}],"wp:attachment":[{"href":"https:\/\/dimensionturistica.com\/es\/wp-json\/wp\/v2\/media?parent=465572"}],"wp:term":[{"taxonomy":"category","embeddable":true,"href":"https:\/\/dimensionturistica.com\/es\/wp-json\/wp\/v2\/categories?post=465572"},{"taxonomy":"post_tag","embeddable":true,"href":"https:\/\/dimensionturistica.com\/es\/wp-json\/wp\/v2\/tags?post=465572"}],"curies":[{"name":"wp","href":"https:\/\/api.w.org\/{rel}","templated":true}]}}