{"id":465211,"date":"2023-01-13T14:23:57","date_gmt":"2023-01-13T14:23:57","guid":{"rendered":"https:\/\/dimensionturistica.com\/es\/?p=465211"},"modified":"2023-01-13T14:23:58","modified_gmt":"2023-01-13T14:23:58","slug":"asi-es-la-apuesta-de-madrid-para-fitur-2023","status":"publish","type":"post","link":"https:\/\/dimensionturistica.com\/es\/asi-es-la-apuesta-de-madrid-para-fitur-2023\/","title":{"rendered":"as\u00ed es la apuesta de Madrid para FITUR 2023"},"content":{"rendered":"<p> <br \/>\n<\/p>\n<div id=\"\">\n<p>M\u00e1s de 11 millones de turistas visitaron la <strong>Comunidad de Madrid<\/strong> en 2022, de los cuales, la mitad eran extranjeros. \u201cCreo que es el momento de Madrid. La Comunidad vive un momento \u00fanico de expansi\u00f3n, en el que se ha entendido que la colaboraci\u00f3n p\u00fablico-privada es esencial para un turismo de calidad y sostenible\u201d. As\u00ed lo ha expresado hoy la <a rel=\"nofollow noopener\" target=\"_blank\" href=\"https:\/\/www.larazon.es\/madrid\/20221203\/wr3k2ev5kra45pxhjsyaqhvrvy.html\">consejera de Cultura, Turismo y Deporte de la Comunidad de Madrid, Marta Rivera de la Cruz,<\/a> durante la presentaci\u00f3n a los medios de los planes de la Consejer\u00eda para <a rel=\"nofollow noopener\" target=\"_blank\" href=\"https:\/\/www.larazon.es\/madrid\/20230112\/w5lla4ottvcfvksbqr6hjgde4e.html\">FITUR2023<\/a>, feria que reunir\u00e1 en Madrid a m\u00e1s de 8.500 empresas del sector tur\u00edstico del 18 al 22 de enero.<\/p>\n<aside class=\"morenews\">\n<h3>Noticias relacionadas<\/h3>\n<\/aside>\n<p>\u201cFITUR es una semana en la que, aparte de ofrecer datos, se empiezan a tejer operaciones comerciales de cara a 2023, ya que supone un encuentro entre touroperadores, empresas y la administraci\u00f3n para ir avanzando en proyectos de cara a los pr\u00f3ximos meses\u201d, ha explicado Rivera, quien ha recordado, adem\u00e1s, que se trata de <strong>\u201cla primera feria tur\u00edstica del mundo<\/strong>, y fue la \u00fanica que no cerr\u00f3 durante la pandemia: se celebr\u00f3, con todas las medidas de seguridad, pero sigui\u00f3 celebr\u00e1ndose, lo cual ha sido muy bien valorado por el mercado internacional\u201d. <\/p>\n<aside style=\"max-width:615px;min-width:300px;width:100%;height:462px\" class=\"ad all sunmedia1 bg-placeholder \"\/>\n<p>Aprovechando la celebraci\u00f3n de FITUR2023 se dar\u00e1n a conocer las primeras acciones de Madrid Turismo by Ifema, un despliegue en el que la Comunidad de Madrid va a invertir 30 millones en tres a\u00f1os, el Ayuntamiento capitalino 6 millones en ese mismo periodo e Ifema 2.4 millones m\u00e1s. Madrid Turismo by Ifema se sit\u00faa, ha subrayado la consejera, como <strong>\u201cherramienta fundamental para conquistar los mercados lejanos<\/strong> y estar preparados para, por ejemplo, el nuevo escenario chino\u201d. Adem\u00e1s de las campa\u00f1as espec\u00edficas en Asia a trav\u00e9s de Madrid Turismo by Ifema, la Comunidad de Madrid sumar\u00e1 un presupuesto de 1,3 millones para la puesta en marcha de campa\u00f1as digitales de publicidad program\u00e1tica con agencias de viaje de venta on-line, una herramienta \u201cmuy din\u00e1mica y flexible\u201d que permite poner en marcha acciones r\u00e1pidas para seguir ganando viajeros.<\/p>\n<aside style=\"max-width:300px;min-width:300px;width:100%;height:600px\" class=\"ad all right1 bg-placeholder \"\/>\n<p>Al mismo tiempo, la Comunidad dar\u00e1 a conocer las conclusiones del primer informe de tendencias de turismo cultural elaborado junto a la <strong>Organizaci\u00f3n Mundial del Turismo (OMT)<\/strong>, y dar\u00e1 a conocer un Protocolo de colaboraci\u00f3n con Patrimonio Nacional para dise\u00f1ar estrategias conjuntas que permitan promocionar y dar a conocer el futuro centro muse\u00edstico de las Colecciones Reales, que a partir del verano aspira a convertirse en una referencia indiscutible de la propuesta cultural madrile\u00f1a. <\/p>\n<p>Por otro lado, \u201cse presentar\u00e1n nuevos productos dise\u00f1ados con el sector, como la marca Nightlife in Greater Madrid, creada en el marco de un convenio con la Asociaci\u00f3n de Empresarios de Ocio y Espect\u00e1culos Noche Madrid para promocionar la regi\u00f3n como <strong>destino tur\u00edstico destacando como factor diferencial su animada vida nocturna\u201d<\/strong>, ha explicado Rivera. \u201cSe trata\u201d, ha subrayado \u201cno solo de difundir la oferta recreativa, cultural y gastron\u00f3mica madrile\u00f1a sino de utilizarla como aliciente para la elecci\u00f3n de la Comunidad de Madrid como destino de congresos, convenciones y eventos corporativos y de incentivos\u201d.<\/p>\n<aside style=\"max-width:300px;min-width:300px;width:100%;height:600px\" class=\"ad all right2 bg-placeholder \"\/>\n<p>Adem\u00e1s, la Comunidad de Madrid se promocionar\u00e1 en FITUR 2023, bajo la marca Golf in Larger Madrid, como destino tur\u00edstico de golf a nivel nacional e internacional y, para ello, presentar\u00e1 una estrategia de colaboraci\u00f3n con la Asociaci\u00f3n de Campos de Golf de Madrid para potenciar este producto de alto valor a\u00f1adido, dirigido a un nicho de <strong>mercado caracterizado por un gasto medio un 55%<\/strong> superior al del resto de visitantes.<\/p>\n<p>\u201cLo que buscamos con todo ello es que Madrid siga escalando posiciones amparada en lo mejor que tiene, que es su estilo de vida y c\u00f3mo este se ofrece a sus visitantes\u201d, ha asegurado la consejera. \u201cQueremos que siga creciendo, que se siga consolidando y que siga ofreciendo oportunidades a los madrile\u00f1os y, por supuesto,<strong> a todos aquellos que cuando vienen saben que pueden sentirse en su casa<\/strong>\u201d, ha a\u00f1adido.<\/p>\n<\/div>\n\n<p><em> &#8221; Fuentes news.google.com &#8221; <\/em><\/p>\n","protected":false},"excerpt":{"rendered":"<p>M\u00e1s de 11 millones de turistas visitaron la Comunidad de Madrid en 2022, de los cuales, la mitad eran extranjeros. \u201cCreo que es el momento de Madrid. La Comunidad vive un momento \u00fanico de expansi\u00f3n, en el que se ha entendido que la colaboraci\u00f3n p\u00fablico-privada es esencial para un turismo de calidad y sostenible\u201d. As\u00ed [&hellip;]<\/p>\n","protected":false},"author":4,"featured_media":465212,"comment_status":"open","ping_status":"closed","sticky":false,"template":"","format":"standard","meta":{"om_disable_all_campaigns":false,"jnews-multi-image_gallery":[],"jnews_single_post":[],"jnews_primary_category":[],"jnews_social_meta":[],"footnotes":""},"categories":[40],"tags":[662,700,544],"class_list":["post-465211","post","type-post","status-publish","format-standard","has-post-thumbnail","hentry","category-industria","tag-cultura","tag-madrid","tag-turismo"],"_links":{"self":[{"href":"https:\/\/dimensionturistica.com\/es\/wp-json\/wp\/v2\/posts\/465211","targetHints":{"allow":["GET"]}}],"collection":[{"href":"https:\/\/dimensionturistica.com\/es\/wp-json\/wp\/v2\/posts"}],"about":[{"href":"https:\/\/dimensionturistica.com\/es\/wp-json\/wp\/v2\/types\/post"}],"author":[{"embeddable":true,"href":"https:\/\/dimensionturistica.com\/es\/wp-json\/wp\/v2\/users\/4"}],"replies":[{"embeddable":true,"href":"https:\/\/dimensionturistica.com\/es\/wp-json\/wp\/v2\/comments?post=465211"}],"version-history":[{"count":0,"href":"https:\/\/dimensionturistica.com\/es\/wp-json\/wp\/v2\/posts\/465211\/revisions"}],"wp:featuredmedia":[{"embeddable":true,"href":"https:\/\/dimensionturistica.com\/es\/wp-json\/wp\/v2\/media\/465212"}],"wp:attachment":[{"href":"https:\/\/dimensionturistica.com\/es\/wp-json\/wp\/v2\/media?parent=465211"}],"wp:term":[{"taxonomy":"category","embeddable":true,"href":"https:\/\/dimensionturistica.com\/es\/wp-json\/wp\/v2\/categories?post=465211"},{"taxonomy":"post_tag","embeddable":true,"href":"https:\/\/dimensionturistica.com\/es\/wp-json\/wp\/v2\/tags?post=465211"}],"curies":[{"name":"wp","href":"https:\/\/api.w.org\/{rel}","templated":true}]}}