{"id":464608,"date":"2023-01-12T18:27:46","date_gmt":"2023-01-12T18:27:46","guid":{"rendered":"https:\/\/dimensionturistica.com\/es\/?p=464608"},"modified":"2023-01-12T18:27:46","modified_gmt":"2023-01-12T18:27:46","slug":"los-cambios-en-los-viajes-del-imserso-de-cara-a-2023-y-2024","status":"publish","type":"post","link":"https:\/\/dimensionturistica.com\/es\/los-cambios-en-los-viajes-del-imserso-de-cara-a-2023-y-2024\/","title":{"rendered":"Los cambios en los viajes del IMSERSO de cara a 2023 y 2024"},"content":{"rendered":"<p> <br \/>\n<\/p>\n<div id=\"entry-body\"><span id=\"percent-trigger\"\/><\/p>\n<section class=\"entry__content-list js-entry-content js-cet-subunit\">\n<div class=\"primary-cli cli cli-text \">\n<p>Este 9 de enero ha culminado el plazo de solicitud de los <a rel=\"nofollow noopener\" target=\"_blank\" href=\"https:\/\/www.huffingtonpost.es\/entry\/vuelven-los-viajes-del-imserso-las-ofertas-llegan-a-las-agencias-el-proximo-14-de-diciembre_es_618e1fb8e4b0ab5f2847e95e\" role=\"link\" class=\" js-entry-link cet-internal-link\" data-vars-item-name=\"viajes del Instituto de Mayores y Servicios Sociales (IMSERSO)\" data-vars-item-type=\"text\" data-vars-unit-name=\"63c03969e4b0b2e1506f283d\" data-vars-unit-type=\"buzz_body\" data-vars-target-content-id=\"https:\/\/www.huffingtonpost.es\/entry\/vuelven-los-viajes-del-imserso-las-ofertas-llegan-a-las-agencias-el-proximo-14-de-diciembre_es_618e1fb8e4b0ab5f2847e95e\" data-vars-target-content-type=\"buzz\" data-vars-type=\"web_internal_link\" data-vars-subunit-name=\"article_body\" data-vars-subunit-type=\"component\" data-vars-position-in-subunit=\"0\">viajes del Instituto de Mayores y Servicios Sociales (IMSERSO)<\/a> para el turno que va desde el mes de febrero hasta el de agosto. Por ello, el organismo ya trabaja en los cambios que efectuar\u00e1 de cara a la temporada 2023-2024.<\/p>\n<\/div>\n<div class=\"primary-cli cli cli-text \">\n<p>La principal modificaci\u00f3n es relativa a la cantidad de plazas ofertadas, que se ver\u00e1 reducida en 3.000 en comparaci\u00f3n con la temporada anterior. En consecuencia, el n\u00famero complete de plazas ser\u00e1 de 813.000.<\/p>\n<\/div>\n<div class=\"primary-cli cli cli-text \">\n<p>Adem\u00e1s, se prev\u00e9 que la demanda disminuya, un hecho que har\u00e1 que solo se ocupen un 90% de las plazas ofertadas, es decir, aproximadamente 732.000.<\/p>\n<\/div>\n<p><h3>Eliminaci\u00f3n de los viajes de 15 d\u00edas<\/h3>\n<\/p>\n<div class=\"primary-cli cli cli-text \">\n<p>Otra de las novedades es que los <a rel=\"nofollow noopener\" target=\"_blank\" href=\"https:\/\/www.huffingtonpost.es\/entry\/el-futuro-del-turismo-low-cost-en-temporada-baja-y-buscando-grandes-ofertas_es_6399c80ae4b015bb57410297\" role=\"link\" class=\" js-entry-link cet-internal-link\" data-vars-item-name=\"viajes\" data-vars-item-type=\"text\" data-vars-unit-name=\"63c03969e4b0b2e1506f283d\" data-vars-unit-type=\"buzz_body\" data-vars-target-content-id=\"https:\/\/www.huffingtonpost.es\/entry\/el-futuro-del-turismo-low-cost-en-temporada-baja-y-buscando-grandes-ofertas_es_6399c80ae4b015bb57410297\" data-vars-target-content-type=\"buzz\" data-vars-type=\"web_internal_link\" data-vars-subunit-name=\"article_body\" data-vars-subunit-type=\"component\" data-vars-position-in-subunit=\"1\">viajes<\/a> con una duraci\u00f3n de 15 d\u00edas no se ofertar\u00e1n en la temporada 2023-2024. No obstante, la estancia media se incrementar\u00e1 ligeramente, pasando de 7,5 d\u00edas a 8 d\u00edas.<\/p>\n<\/div>\n<div class=\"primary-cli cli cli-text \">\n<p>Este \u00faltimo cambio ser\u00e1 posible gracias al incremento del presupuesto del Instituto de Mayores y Servicios Sociales, que alcanzar\u00e1 los 6.672 millones de euros, un 14% m\u00e1s que en 2022.<\/p>\n<\/div>\n<p><h3>Los requisitos para acceder a los viajes del IMSERSO<\/h3>\n<\/p>\n<div class=\"primary-cli cli cli-text \">\n<p>Tal y como <a rel=\"nofollow noopener\" target=\"_blank\" href=\"https:\/\/imserso.es\/espacio-mayores\/envejecimiento-activo\/programa-turismo-imserso\/requisitos-acceder-programa-turismo-imserso\" role=\"link\" class=\" js-entry-link cet-external-link\" data-vars-item-name=\"detalla el IMSERSO en su p\u00e1gina web\" data-vars-item-type=\"text\" data-vars-unit-name=\"63c03969e4b0b2e1506f283d\" data-vars-unit-type=\"buzz_body\" data-vars-target-content-id=\"https:\/\/imserso.es\/espacio-mayores\/envejecimiento-activo\/programa-turismo-imserso\/requisitos-acceder-programa-turismo-imserso\" data-vars-target-content-type=\"url\" data-vars-type=\"web_external_link\" data-vars-subunit-name=\"article_body\" data-vars-subunit-type=\"component\" data-vars-position-in-subunit=\"2\">detalla el IMSERSO en su p\u00e1gina web<\/a>, los residentes en Espa\u00f1a deben cumplir alguno de estos requisitos para poder acceder al Programa de Turismo del organismo:<\/p>\n<\/div>\n<div class=\"primary-cli cli cli-text \">\n<ul>\n<li>Ser pensionista de jubilaci\u00f3n del sistema de Seguridad Social espa\u00f1ol.<\/li>\n<li>Ser pensionista de viudedad con cincuenta y cinco o m\u00e1s a\u00f1os de edad del sistema de Seguridad Social espa\u00f1ol.<\/li>\n<li>Ser pensionista por otros conceptos del sistema de Seguridad Social espa\u00f1ol o perceptor de prestaciones o subsidios de desempleo, con 60 a\u00f1os cumplidos o m\u00e1s a\u00f1os de edad.<\/li>\n<li>Ser asegurado o beneficiario del Sistema de la Seguridad Social espa\u00f1ol, con sesenta y cinco a\u00f1os cumplidos o m\u00e1s a\u00f1os de edad.<\/li>\n<\/ul>\n<\/div>\n<div class=\"primary-cli cli cli-text \">\n<p>Asimismo, tambi\u00e9n pueden participar en los viajes del IMSERSO los espa\u00f1oles residentes en el extranjero y los espa\u00f1oles de origen emigrantes que hayan retornado a Espa\u00f1a, siempre y cuando cumplan alguna de las condiciones enumeradas anteriormente.<\/p>\n<\/div>\n<aside class=\"cli manual hidden cli-related-articles js-cet-subunit\"\/><\/section>\n<div class=\"back-to-home-article-bottom js-cet-subunit\">\n<div class=\"back-to-home__container back-to-home__container--entry-bottom js-entry-link cet-internal-link\"><a rel=\"nofollow noopener\" target=\"_blank\" class=\"back-to-home__button\" aria-label=\"Go to HuffPost Homepage\" role=\"button\" href=\"https:\/\/www.huffingtonpost.es\" data-vars-item-name=\"Go To Homepage\" data-vars-item-type=\"button\" data-vars-unit-name=\"63c03969e4b0b2e1506f283d\" data-vars-unit-type=\"buzz_body\" data-vars-target-content-id=\"https:\/\/www.huffingtonpost.es\" data-vars-target-content-type=\"feed\" data-vars-type=\"web_internal_link\" data-vars-subunit-name=\"article_body\" data-vars-subunit-type=\"component\" data-vars-position-in-subunit=\"3\"><span class=\"arrow-left\"\/> Ir a la p\u00e1gina principal<\/a><\/div>\n<\/div>\n<\/div>\n<p><script src=\"https:\/\/connect.facebook.net\/es_ES\/sdk.js#xfbml=1&amp;version=v3.3&amp;appId=321736354530341&amp;autoLogAppEvents=1\" async=\"async\" defer=\"defer\" crossorigin=\"anonymous\"><\/script><br \/>\n<br \/><\/p>\n<p><em> &#8221; Fuentes news.google.com &#8221; <\/em><\/p>\n","protected":false},"excerpt":{"rendered":"<p>Este 9 de enero ha culminado el plazo de solicitud de los viajes del Instituto de Mayores y Servicios Sociales (IMSERSO) para el turno que va desde el mes de febrero hasta el de agosto. Por ello, el organismo ya trabaja en los cambios que efectuar\u00e1 de cara a la temporada 2023-2024. La principal modificaci\u00f3n [&hellip;]<\/p>\n","protected":false},"author":4,"featured_media":464609,"comment_status":"open","ping_status":"closed","sticky":false,"template":"","format":"standard","meta":{"om_disable_all_campaigns":false,"jnews-multi-image_gallery":[],"jnews_single_post":[],"jnews_primary_category":[],"jnews_social_meta":[],"footnotes":""},"categories":[39],"tags":[813,544,545],"class_list":["post-464608","post","type-post","status-publish","format-standard","has-post-thumbnail","hentry","category-viajes","tag-imserso","tag-turismo","tag-viajes"],"_links":{"self":[{"href":"https:\/\/dimensionturistica.com\/es\/wp-json\/wp\/v2\/posts\/464608","targetHints":{"allow":["GET"]}}],"collection":[{"href":"https:\/\/dimensionturistica.com\/es\/wp-json\/wp\/v2\/posts"}],"about":[{"href":"https:\/\/dimensionturistica.com\/es\/wp-json\/wp\/v2\/types\/post"}],"author":[{"embeddable":true,"href":"https:\/\/dimensionturistica.com\/es\/wp-json\/wp\/v2\/users\/4"}],"replies":[{"embeddable":true,"href":"https:\/\/dimensionturistica.com\/es\/wp-json\/wp\/v2\/comments?post=464608"}],"version-history":[{"count":0,"href":"https:\/\/dimensionturistica.com\/es\/wp-json\/wp\/v2\/posts\/464608\/revisions"}],"wp:featuredmedia":[{"embeddable":true,"href":"https:\/\/dimensionturistica.com\/es\/wp-json\/wp\/v2\/media\/464609"}],"wp:attachment":[{"href":"https:\/\/dimensionturistica.com\/es\/wp-json\/wp\/v2\/media?parent=464608"}],"wp:term":[{"taxonomy":"category","embeddable":true,"href":"https:\/\/dimensionturistica.com\/es\/wp-json\/wp\/v2\/categories?post=464608"},{"taxonomy":"post_tag","embeddable":true,"href":"https:\/\/dimensionturistica.com\/es\/wp-json\/wp\/v2\/tags?post=464608"}],"curies":[{"name":"wp","href":"https:\/\/api.w.org\/{rel}","templated":true}]}}