{"id":464369,"date":"2023-01-12T11:59:46","date_gmt":"2023-01-12T11:59:46","guid":{"rendered":"https:\/\/dimensionturistica.com\/es\/?p=464369"},"modified":"2023-01-12T11:59:47","modified_gmt":"2023-01-12T11:59:47","slug":"iryo-oferta-viajes-de-cordoba-a-madrid-en-semana-santa-por-18-euros","status":"publish","type":"post","link":"https:\/\/dimensionturistica.com\/es\/iryo-oferta-viajes-de-cordoba-a-madrid-en-semana-santa-por-18-euros\/","title":{"rendered":"Iryo oferta viajes de C\u00f3rdoba a Madrid en Semana Santa por 18 euros"},"content":{"rendered":"<p> <br \/>\n<\/p>\n<div>\n<div class=\"second-col\">\n<p class=\"article-text\">\n        Iryo ha lanzado una promoci\u00f3n con un mill\u00f3n de billetes flexibles a 18 euros desde el 11 al 29 de enero para viajar a todos sus destinos durante todo el a\u00f1o, seg\u00fan ha informado el operador de alta velocidad participado por Air Nostrum, Globalvia y Trenitalia. Durante este 2023 ampliar\u00e1 su crimson llegando el 31 de marzo a Andaluc\u00eda, a las ciudades de Sevilla, M\u00e1laga, C\u00f3rdoba y Antequera, y el 2 de junio a Albacete y Alicante.\n    <\/p>\n<p class=\"article-text\">\n        La compa\u00f1\u00eda inici\u00f3 sus operaciones comerciales el pasado 25 de noviembre entre las ciudades de Madrid, Zaragoza y Barcelona y el 16 de diciembre con Cuenca y Valencia.\n    <\/p>\n<p class=\"article-text\">\n        Adem\u00e1s, recientemente, la Comisi\u00f3n Nacional de los Mercados y la Competencia (CNMC) le ha autorizado a operar dos nuevos recorridos para este verano entre Albacete y Cuenca y entre Barcelona y Camp de Tarragona.\n    <\/p>\n<p class=\"article-text\">\n        \u201cEn Iryo tenemos el objetivo de ser la opci\u00f3n de movilidad preferida de los viajeros y para nosotros es muy importante, en el contexto de lanzamiento e inicio de operaciones comerciales que estamos, poner a su disposici\u00f3n billetes accesibles que eleven su experiencia de viaje en el sector ferroviario al m\u00e1ximo nivel a trav\u00e9s de nuestra propuesta comercial diferencial y premium\u201d, ha se\u00f1alado el director de ventas de la empresa, Guillermo Turner.\n    <\/p>\n<\/p><\/div><\/div>\n\n<p><em> &#8221; Fuentes news.google.com &#8221; <\/em><\/p>\n","protected":false},"excerpt":{"rendered":"<p>Iryo ha lanzado una promoci\u00f3n con un mill\u00f3n de billetes flexibles a 18 euros desde el 11 al 29 de enero para viajar a todos sus destinos durante todo el a\u00f1o, seg\u00fan ha informado el operador de alta velocidad participado por Air Nostrum, Globalvia y Trenitalia. Durante este 2023 ampliar\u00e1 su crimson llegando el 31 [&hellip;]<\/p>\n","protected":false},"author":4,"featured_media":464370,"comment_status":"open","ping_status":"closed","sticky":false,"template":"","format":"standard","meta":{"om_disable_all_campaigns":false,"jnews-multi-image_gallery":[],"jnews_single_post":[],"jnews_primary_category":[],"jnews_social_meta":[],"footnotes":""},"categories":[39],"tags":[6657,558,1646,48096,700,3584,3813,2849,545],"class_list":["post-464369","post","type-post","status-publish","format-standard","has-post-thumbnail","hentry","category-viajes","tag-6657","tag-cordoba","tag-euros","tag-iryo","tag-madrid","tag-oferta","tag-santa","tag-semana","tag-viajes"],"_links":{"self":[{"href":"https:\/\/dimensionturistica.com\/es\/wp-json\/wp\/v2\/posts\/464369","targetHints":{"allow":["GET"]}}],"collection":[{"href":"https:\/\/dimensionturistica.com\/es\/wp-json\/wp\/v2\/posts"}],"about":[{"href":"https:\/\/dimensionturistica.com\/es\/wp-json\/wp\/v2\/types\/post"}],"author":[{"embeddable":true,"href":"https:\/\/dimensionturistica.com\/es\/wp-json\/wp\/v2\/users\/4"}],"replies":[{"embeddable":true,"href":"https:\/\/dimensionturistica.com\/es\/wp-json\/wp\/v2\/comments?post=464369"}],"version-history":[{"count":0,"href":"https:\/\/dimensionturistica.com\/es\/wp-json\/wp\/v2\/posts\/464369\/revisions"}],"wp:featuredmedia":[{"embeddable":true,"href":"https:\/\/dimensionturistica.com\/es\/wp-json\/wp\/v2\/media\/464370"}],"wp:attachment":[{"href":"https:\/\/dimensionturistica.com\/es\/wp-json\/wp\/v2\/media?parent=464369"}],"wp:term":[{"taxonomy":"category","embeddable":true,"href":"https:\/\/dimensionturistica.com\/es\/wp-json\/wp\/v2\/categories?post=464369"},{"taxonomy":"post_tag","embeddable":true,"href":"https:\/\/dimensionturistica.com\/es\/wp-json\/wp\/v2\/tags?post=464369"}],"curies":[{"name":"wp","href":"https:\/\/api.w.org\/{rel}","templated":true}]}}