{"id":463782,"date":"2023-01-11T16:24:11","date_gmt":"2023-01-11T16:24:11","guid":{"rendered":"https:\/\/dimensionturistica.com\/es\/?p=463782"},"modified":"2023-01-11T16:24:11","modified_gmt":"2023-01-11T16:24:11","slug":"falta-de-vuelos-en-campeche-obliga-a-viajeros-a-trasladarse-a-merida","status":"publish","type":"post","link":"https:\/\/dimensionturistica.com\/es\/falta-de-vuelos-en-campeche-obliga-a-viajeros-a-trasladarse-a-merida\/","title":{"rendered":"Falta de vuelos en Campeche obliga a viajeros a trasladarse a M\u00e9rida"},"content":{"rendered":"<p> <br \/>\n<\/p>\n<div id=\"cuerpo-nota\">\n<p>Ante la reducida oferta de vuelos en <strong>Campeche<\/strong>, tanto los viajeros campechanos como los for\u00e1neos, han tenido que recurrir a las opciones de transporte que se ofrecen en <strong>M\u00e9rida Yucat\u00e1n<\/strong>, informaron la presidenta de la Asociaci\u00f3n Mexicana de Agencias de Viaje (AMAV), Aurea del Rosario Ortiz Carrillo y el Director de<strong> Proeventos Campeche<\/strong>, Luis Emilio Ortiz de la Pe\u00f1a Rosado.<\/p>\n<p>En entrevista, la empresaria expuso que esta situaci\u00f3n afecta a las agencias de viajes, ya que deben ofrecer en sus paquetes el traslado v\u00eda <strong>M\u00e9rida<\/strong>, sin embargo, agreg\u00f3 que el vecino <strong>Estado <\/strong>maneja buenos precios y esto conviene m\u00e1s a los vacacionistas que viajan en familia porque buscan lo m\u00e1s econ\u00f3mico.<\/p>\n<aside class=\"htmlinline\"\/>\n<aside class=\"relacionadas con-foto\">\n<h5>Noticias Relacionadas<\/h5>\n<\/aside>\n<p>Por su parte la presidenta de la<strong> Asociaci\u00f3n de Hoteles y Moteles<\/strong>, Daniela Lavalle Miled tambi\u00e9n reconoci\u00f3 la afectaci\u00f3n que tiene para este sector la disminuci\u00f3n de frecuencias a\u00e9reas con destino al Aeropuerto Internacional de <strong>Campeche <\/strong>\u201cIng. Alberto Acu\u00f1a Ongay\u201d, sin embargo, revel\u00f3 que en marzo debe ingresar a la Entidad otra compa\u00f1\u00eda que ofrecer\u00e1 el servicio.<\/p>\n<p>En tanto que el Director de <strong>Proeventos Campeche<\/strong>, Luis Emilio Ortiz de la Pe\u00f1a Rosado, inform\u00f3 que a fin de que los asistentes a congresos y convenciones puedan arribar al Estado, se contempla siempre el hacerlo mediante vuelos a <strong>Ciudad del Carmen<\/strong>, <strong>M\u00e9rida<\/strong> y <strong>Campeche<\/strong>.<\/p>\n<aside class=\"htmlinline\"\/>\n<aside class=\"relacionadas con-foto\">\n<h5>Noticias Relacionadas<\/h5>\n<\/aside>\n<p>S\u00edguenos en<a rel=\"nofollow noopener\" target=\"_blank\" href=\"https:\/\/news.google.com\/publications\/CAAqBwgKMMLDmwswhs6zAw?oc=3&amp;ceid=MX:es-419&amp;hl=es-419&amp;gl=MX\"> Google News<\/a> y recibe la mejor informaci\u00f3n<\/p>\n<p>CC<\/p>\n<\/div>\n<p><script>\n      window.fbAsyncInit = function() {\n        FB.init({\n          appId      : '{292213061927134}',\n          status     : true,\n\t\t  version:  'v2.7',\n          xfbml      : true\n        });\nFB.Event.subscribe('comment.create', function (response) {grabacom_compa(366837)});\t\nFB.Event.subscribe('comment.remove',  function (response) {grabacom_compa(366837)});\t\nFB.Event.subscribe('edge.create',  function (response) {grabacom_compa(366837)});\nFB.Event.subscribe('edge.remove',  function (response) {grabacom_compa(366837)});\n      };\n(function(d, s, id) {\n  var js, fjs = d.getElementsByTagName(s)[0];\n  if (d.getElementById(id)) return;\n  js = d.createElement(s); js.id = id;\n  js.src = \"\/\/connect.facebook.net\/es_LA\/sdk.js#xfbml=1&version=v2.7&appId=292213061927134\";\n  fjs.parentNode.insertBefore(js, fjs);\n}(document, 'script', 'facebook-jssdk'));\n    <\/script><br \/>\n<br \/><\/p>\n<p><em> &#8221; Fuentes news.google.com &#8221; <\/em><\/p>\n","protected":false},"excerpt":{"rendered":"<p>Ante la reducida oferta de vuelos en Campeche, tanto los viajeros campechanos como los for\u00e1neos, han tenido que recurrir a las opciones de transporte que se ofrecen en M\u00e9rida Yucat\u00e1n, informaron la presidenta de la Asociaci\u00f3n Mexicana de Agencias de Viaje (AMAV), Aurea del Rosario Ortiz Carrillo y el Director de Proeventos Campeche, Luis Emilio [&hellip;]<\/p>\n","protected":false},"author":4,"featured_media":463783,"comment_status":"open","ping_status":"closed","sticky":false,"template":"","format":"standard","meta":{"om_disable_all_campaigns":false,"jnews-multi-image_gallery":[],"jnews_single_post":[],"jnews_primary_category":[],"jnews_social_meta":[],"footnotes":""},"categories":[40],"tags":[1925,1202,6548],"class_list":["post-463782","post","type-post","status-publish","format-standard","has-post-thumbnail","hentry","category-industria","tag-aeropuerto","tag-campeche","tag-merida"],"_links":{"self":[{"href":"https:\/\/dimensionturistica.com\/es\/wp-json\/wp\/v2\/posts\/463782","targetHints":{"allow":["GET"]}}],"collection":[{"href":"https:\/\/dimensionturistica.com\/es\/wp-json\/wp\/v2\/posts"}],"about":[{"href":"https:\/\/dimensionturistica.com\/es\/wp-json\/wp\/v2\/types\/post"}],"author":[{"embeddable":true,"href":"https:\/\/dimensionturistica.com\/es\/wp-json\/wp\/v2\/users\/4"}],"replies":[{"embeddable":true,"href":"https:\/\/dimensionturistica.com\/es\/wp-json\/wp\/v2\/comments?post=463782"}],"version-history":[{"count":0,"href":"https:\/\/dimensionturistica.com\/es\/wp-json\/wp\/v2\/posts\/463782\/revisions"}],"wp:featuredmedia":[{"embeddable":true,"href":"https:\/\/dimensionturistica.com\/es\/wp-json\/wp\/v2\/media\/463783"}],"wp:attachment":[{"href":"https:\/\/dimensionturistica.com\/es\/wp-json\/wp\/v2\/media?parent=463782"}],"wp:term":[{"taxonomy":"category","embeddable":true,"href":"https:\/\/dimensionturistica.com\/es\/wp-json\/wp\/v2\/categories?post=463782"},{"taxonomy":"post_tag","embeddable":true,"href":"https:\/\/dimensionturistica.com\/es\/wp-json\/wp\/v2\/tags?post=463782"}],"curies":[{"name":"wp","href":"https:\/\/api.w.org\/{rel}","templated":true}]}}