{"id":463598,"date":"2023-01-11T12:06:40","date_gmt":"2023-01-11T12:06:40","guid":{"rendered":"https:\/\/dimensionturistica.com\/es\/?p=463598"},"modified":"2023-01-11T12:06:40","modified_gmt":"2023-01-11T12:06:40","slug":"trajes-vestidos-peluqueria-viajes-todo-lo-necesario-para-tu-boda-en-talavera","status":"publish","type":"post","link":"https:\/\/dimensionturistica.com\/es\/trajes-vestidos-peluqueria-viajes-todo-lo-necesario-para-tu-boda-en-talavera\/","title":{"rendered":"Trajes, vestidos, peluquer\u00eda, viajes&#8230; todo lo necesario para tu boda en Talavera"},"content":{"rendered":"<p> <br \/>\n<\/p>\n<div data-voc-component=\"voc-d\">\n<section class=\"voc-author\">\n<div class=\"voc-author__item voc-author__item--2\">\n<div class=\"voc-author__container\">\n<div class=\"voc-author__subitem voc-author__subitem--2\">\n<div class=\"voc-author__social\">\n<div class=\"voc-author__social-container voc-author__social-container--2\">\n<!-- BUTTON SAVE NEWS DESKTOP --><br \/>\n<button class=\"voc-social__icon voc-social__icon--save voc-modal-dropdown-open hidden-xs nibara-element\" data-id=\"8b4a733c-91a4-11ed-af04-4c6b36f022c9\" data-target=\"open-save-news-body\" data-nibara-module=\"save-article\" data-voc-component=\"modal-open-dropdown\"><br \/>\n<svg viewbox=\"0 0 16 25\">\n<path d=\"M.5.5v24l7.672-4.986L15.5 24.44V.5H.5Z\" stroke=\"#000\" fill=\"none\" fill-rule=\"evenodd\"\/>\n<\/svg><br \/>\n<\/button><br \/>\n<!-- BUTTON SAVE NEWS MOBILE --><br \/>\n<button class=\"voc-social__icon voc-social__icon--save voc-modal-open visible-xs nibara-element\" data-id=\"8b4a733c-91a4-11ed-af04-4c6b36f022c9\" data-target=\"open-save-news-body\" data-nibara-module=\"save-article\" data-voc-component=\"modal-open\"><br \/>\n<svg viewbox=\"0 0 16 25\">\n<path d=\"M.5.5v24l7.672-4.986L15.5 24.44V.5H.5Z\" stroke=\"#000\" fill=\"none\" fill-rule=\"evenodd\"\/>\n<\/svg><br \/>\n<\/button>      <a rel=\"nofollow noopener\" target=\"_blank\" href=\"https:\/\/news.google.com\/__i\/rss\/rd\/articles\/javascript:void(0)\" data-voc-component=\"modal-open\" data-target=\"open-comments\" class=\"voc-social__icon voc-social__icon--comments nibara-element\"><br \/>\n<span class=\"voc-author-comments-number\" data-voc-comments-count=\"8b4a733c-91a4-11ed-af04-4c6b36f022c9\"\/><br \/>\n<svg viewbox=\"0 0 30 30\">\n<path d=\"M25.714 0H4.286A4.664 4.664 0 0 0 0 4.286v12.857c0 4.286 4.286 4.286 4.286 4.286h2.143V30L15 21.429h10.714A4.781 4.781 0 0 0 30 17.143V4.286A4.664 4.664 0 0 0 25.714 0Z\"\/>\n<\/svg><br \/>\n<\/a><br \/>\n<!-- MODAL OPEN SAVE --><\/p>\n<p><!-- MODAL OPEN COMMENTS NO SUSCRIPTOR --><\/p>\n<div id=\"open-comments-news-body-start\" class=\"voc-modal-dropdown voc-modal-dropdown--negative voc-save-news voc-see-comments\">\n<div class=\"voc-modal-dropdown__wrapper\">\n<div class=\"voc-modal-dropdown__container\">\n<p class=\"voc-save-news__paragraph\">Esta funcionalidad es s\u00f3lo para suscriptores<\/p>\n<p><a rel=\"nofollow noopener\" target=\"_blank\" href=\"https:\/\/tienda.abc.es\/#vca={SKU}&amp;vso=abc&amp;vmc=on&amp;vli=cabecera-a\" data-voc-vtm-id=\"comienzoSuscripcionON\" data-voc-vtm-info=\"btncomentar\" class=\"voc-btn voc-btn--w voc-btn--xs voc-save-news__btn\"><br \/>\nSuscribete<br \/>\n<\/a>\n<\/div>\n<\/div>\n<\/div>\n<\/div>\n<\/div>\n<\/div>\n<\/div>\n<\/div>\n<\/section>\n<p class=\"voc-p\">Si est\u00e1s pensando en pasar por el altar este a\u00f1o, en el <strong>Talavera Ferial<\/strong> encontrar\u00e1s todo lo necesario para organizar tu d\u00eda B. Desde trajes, maquillaje, peluquer\u00eda, restaurantes, invitaciones, fotograf\u00edas y v\u00eddeos o complementos hasta viajes.<\/p>\n<p class=\"voc-p\">El concejal de Promoci\u00f3n de Talavera Ferial, Roberto Gallegos, ha informado de que la<strong> Feria de la Boda<\/strong> regresa a la ciudad los d\u00edas 14 y 15 de enero duplicando el n\u00famero de expositores locales y con un aumento del 10% en whole respecto a 2022.<\/p>\n<p><span class=\"paywall\"><\/p>\n<p class=\"voc-p\">La Feria de la Boda es una \u00abimportante iniciativa dirigida a novios, novias, familiares y empresas vinculadas al sector\u00bb donde se podr\u00e1 disfrutar de grandes oportunidades para celebrar no solo bodas, tambi\u00e9n bautizos, comuniones y cualquier evento de estas caracter\u00edsticas.<\/p>\n<p class=\"voc-p\">As\u00ed lo ha destacado durante la presentaci\u00f3n de la VI edici\u00f3n de la Feria de la Boda, en la  que ha estado acompa\u00f1ado por Manuel Maya, el responsable de estrategia y expansi\u00f3n de Boda Eventos.<\/p>\n<p class=\"voc-p\">Igualmente, Gallegos ha indicado que este evento contar\u00e1 con expositores de referencia tanto en Castilla-La Mancha como en comunidades aut\u00f3nomas vecinas para dar a conocer las novedades de este a\u00f1o as\u00ed como ofrecer su experiencia, seguridad y consejos para que ese d\u00eda tan importante salga a la perfecci\u00f3n.<\/p>\n<p class=\"voc-p\">As\u00ed, los interesados podr\u00e1n disfrutar de esta Feria de la Boda en horario ininterrumpido de 11:00 a 21:00 horas el s\u00e1bado 14 y de 11:00 a 19:30 horas el domingo 15. El precio de la entrada ser\u00e1 de 3 euros.<\/p>\n<p><\/span><\/p>\n<section class=\"voc-topics voc-accordion\" data-voc-component=\"accordion\">\n<\/section>\n<section class=\"voc-btn__container voc-btn__container--s-between\">\n<button data-voc-component=\"modal-open\" data-target=\"open-comments\" id=\"disqus_thread\" class=\"voc-btn voc-btn--bdr voc-btn--has-icon voc-btn--has-icon--right nibara-element\" data-id=\"8b4a733c-91a4-11ed-af04-4c6b36f022c9\"><\/p>\n<p class=\"voc-btn__text\">\nVer comentarios<br \/>\n<span class=\"voc-btn__number\" data-voc-comments-count=\"8b4a733c-91a4-11ed-af04-4c6b36f022c9\">(0)<\/span>\n<\/p>\n<p><span class=\"voc-btn__icon\"><br \/>\n<svg viewbox=\"0 0 7.2 19.4\" xml:space=\"preserve\">\n<path style=\"fill:none;stroke:#000;stroke-linecap:round;stroke-linejoin:round\" d=\"m.6 18.8 6-9-6-9\"\/>\n<\/svg><br \/>\n<\/span><br \/>\n<\/button><br \/>\n<button data-target=\"open-report-error\" data-voc-component=\"modal-open\" class=\"voc-btn voc-btn--g report-error__btn\" data-voc-open-report-error=\"\"><br \/>\nReportar un error<br \/>\n<\/button><br \/>\n<!-- MODAL OPEN COMMENTS NO SUSCRIPTOR --><\/p>\n<div id=\"open-comments-news-body-end\" class=\"voc-modal-dropdown voc-modal-dropdown--negative voc-save-news voc-see-comments\">\n<div class=\"voc-modal-dropdown__wrapper\">\n<div class=\"voc-modal-dropdown__container\">\n<p class=\"voc-save-news__paragraph\">Esta funcionalidad es s\u00f3lo para suscriptores<\/p>\n<p><a rel=\"nofollow noopener\" target=\"_blank\" href=\"https:\/\/tienda.abc.es\/#vca={SKU}&amp;vso=abc&amp;vmc=on&amp;vli=cabecera-a\" data-voc-vtm-id=\"comienzoSuscripcionON\" data-voc-vtm-info=\"btncomentar\" class=\"voc-btn voc-btn--w voc-btn--xs voc-save-news__btn\"><br \/>\nSuscribete<br \/>\n<\/a>\n<\/div>\n<\/div>\n<\/div>\n<\/section>\n<\/div>\n\n<p><em> &#8221; Fuentes news.google.com &#8221; <\/em><\/p>\n","protected":false},"excerpt":{"rendered":"<p>Esta funcionalidad es s\u00f3lo para suscriptores Suscribete Si est\u00e1s pensando en pasar por el altar este a\u00f1o, en el Talavera Ferial encontrar\u00e1s todo lo necesario para organizar tu d\u00eda B. Desde trajes, maquillaje, peluquer\u00eda, restaurantes, invitaciones, fotograf\u00edas y v\u00eddeos o complementos hasta viajes. El concejal de Promoci\u00f3n de Talavera Ferial, Roberto Gallegos, ha informado de [&hellip;]<\/p>\n","protected":false},"author":4,"featured_media":463599,"comment_status":"open","ping_status":"closed","sticky":false,"template":"","format":"standard","meta":{"om_disable_all_campaigns":false,"jnews-multi-image_gallery":[],"jnews_single_post":[],"jnews_primary_category":[],"jnews_social_meta":[],"footnotes":""},"categories":[39],"tags":[46244,19121,3379,11998,61018,47135,545],"class_list":["post-463598","post","type-post","status-publish","format-standard","has-post-thumbnail","hentry","category-viajes","tag-boda","tag-necesario","tag-peluqueria","tag-talavera","tag-trajes","tag-vestidos","tag-viajes"],"_links":{"self":[{"href":"https:\/\/dimensionturistica.com\/es\/wp-json\/wp\/v2\/posts\/463598","targetHints":{"allow":["GET"]}}],"collection":[{"href":"https:\/\/dimensionturistica.com\/es\/wp-json\/wp\/v2\/posts"}],"about":[{"href":"https:\/\/dimensionturistica.com\/es\/wp-json\/wp\/v2\/types\/post"}],"author":[{"embeddable":true,"href":"https:\/\/dimensionturistica.com\/es\/wp-json\/wp\/v2\/users\/4"}],"replies":[{"embeddable":true,"href":"https:\/\/dimensionturistica.com\/es\/wp-json\/wp\/v2\/comments?post=463598"}],"version-history":[{"count":0,"href":"https:\/\/dimensionturistica.com\/es\/wp-json\/wp\/v2\/posts\/463598\/revisions"}],"wp:featuredmedia":[{"embeddable":true,"href":"https:\/\/dimensionturistica.com\/es\/wp-json\/wp\/v2\/media\/463599"}],"wp:attachment":[{"href":"https:\/\/dimensionturistica.com\/es\/wp-json\/wp\/v2\/media?parent=463598"}],"wp:term":[{"taxonomy":"category","embeddable":true,"href":"https:\/\/dimensionturistica.com\/es\/wp-json\/wp\/v2\/categories?post=463598"},{"taxonomy":"post_tag","embeddable":true,"href":"https:\/\/dimensionturistica.com\/es\/wp-json\/wp\/v2\/tags?post=463598"}],"curies":[{"name":"wp","href":"https:\/\/api.w.org\/{rel}","templated":true}]}}