{"id":463426,"date":"2023-01-11T05:22:24","date_gmt":"2023-01-11T05:22:24","guid":{"rendered":"https:\/\/dimensionturistica.com\/es\/?p=463426"},"modified":"2023-01-11T05:22:25","modified_gmt":"2023-01-11T05:22:25","slug":"el-2023-llega-con-viajes","status":"publish","type":"post","link":"https:\/\/dimensionturistica.com\/es\/el-2023-llega-con-viajes\/","title":{"rendered":"El 2023 llega con viajes"},"content":{"rendered":"<p> <br \/>\n<\/p>\n<div id=\"textoNoticia\">\n<p class=\"Default\" style=\"margin-bottom: 6.0pt; text-align: justify;\"><span style=\"font-family: 'Arial','sans-serif';\">Seg\u00fan datos de la agencia on-line <strong>Rumbo.es<\/strong>, parece que los viajeros espa\u00f1oles cada vez prefieren m\u00e1s los destinos de playa. Comparando los datos de 2022 con los del \u00faltimo a\u00f1o de referencia, 2019, las reservas de <strong>destinos de sol y playa <\/strong>han crecido un <strong>54%, <\/strong>mientras que las reservas de los <strong>destinos urbanos han disminuido un 15%.<\/strong><\/span><\/p>\n<p class=\"Default\" style=\"margin-bottom: 6.0pt; text-align: justify;\"><span style=\"font-family: 'Arial','sans-serif';\">En 2022, esta predilecci\u00f3n por el mar y el calor se ha extendido especialmente a los meses de invierno-primavera. El <strong>83% de los viajes <\/strong>a destinos de sol y playa se realizaron en los meses de <strong>enero a abril<\/strong>, frente al <strong>17%<\/strong>, que correspondi\u00f3 a los meses de <strong>junio a septiembre<\/strong>.<\/span><\/p>\n<h2 class=\"Default\" style=\"margin-bottom: 6.0pt; text-align: justify;\"><strong><span style=\"font-family: 'Arial','sans-serif';\">Inviernos al Sol <\/span><\/strong><\/h2>\n<p class=\"Default\" style=\"margin-bottom: 6.0pt; text-align: justify;\"><span style=\"font-family: 'Arial','sans-serif';\">Seg\u00fan los datos de Rumbo.es, el <strong>high 3 <\/strong>de los viajeros para disfrutar del verano en los meses m\u00e1s fr\u00edos del a\u00f1o (enero-abril 23) son tres destinos tan ex\u00f3ticos y apetecibles: <strong>Rep\u00fablica Dominicana, M\u00e9xico y Maldivas. <\/strong><\/span><\/p>\n<h2 class=\"Default\" style=\"margin-bottom: 6.0pt; text-align: justify;\"><strong><span style=\"font-family: 'Arial','sans-serif';\">La Semana Santa, en la ciudad <\/span><\/strong><\/h2>\n<p class=\"Default\" style=\"margin-bottom: 6.0pt; text-align: justify;\"><span style=\"font-family: 'Arial','sans-serif';\">La Semana Santa, que este a\u00f1o tendr\u00e1 lugar a primeros de abril: el <strong>70% de las reservas realizadas para esta \u00e9poca del a\u00f1o son para escapadas de ciudad<\/strong>. En este caso, tres capitales europeas, Londres, Roma y Par\u00eds, integran el <strong>high 3 <\/strong>de los viajeros espa\u00f1oles. <\/span><\/p>\n<h2 class=\"Default\" style=\"margin-bottom: 6.0pt; text-align: justify;\"><strong><span style=\"font-family: 'Arial','sans-serif';\">Reserva anticipada<\/span><\/strong><\/h2>\n<p class=\"Default\" style=\"margin-bottom: 6.0pt; text-align: justify;\"><span style=\"font-family: 'Arial','sans-serif';\">La planificaci\u00f3n y b\u00fasqueda de destinos son en s\u00ed mismas uno de los grandes placeres de viajar. A estas alturas del a\u00f1o, y conforme a los datos de Rumbo.es, los viajeros espa\u00f1oles repiten sus preferencias para el est\u00edo, con un <strong>high 3 <\/strong>copado por destinos insulares de sol y playa dom\u00e9sticos: <strong>Tenerife, Mallorca y Menorca<\/strong>.<\/span><\/p>\n<\/div>\n\n<p><em> &#8221; Fuentes news.google.com &#8221; <\/em><\/p>\n","protected":false},"excerpt":{"rendered":"<p>Seg\u00fan datos de la agencia on-line Rumbo.es, parece que los viajeros espa\u00f1oles cada vez prefieren m\u00e1s los destinos de playa. Comparando los datos de 2022 con los del \u00faltimo a\u00f1o de referencia, 2019, las reservas de destinos de sol y playa han crecido un 54%, mientras que las reservas de los destinos urbanos han disminuido [&hellip;]<\/p>\n","protected":false},"author":4,"featured_media":463427,"comment_status":"open","ping_status":"closed","sticky":false,"template":"","format":"standard","meta":{"om_disable_all_campaigns":false,"jnews-multi-image_gallery":[],"jnews_single_post":[],"jnews_primary_category":[],"jnews_social_meta":[],"footnotes":""},"categories":[39],"tags":[13282,8469,545],"class_list":["post-463426","post","type-post","status-publish","format-standard","has-post-thumbnail","hentry","category-viajes","tag-13282","tag-llega","tag-viajes"],"_links":{"self":[{"href":"https:\/\/dimensionturistica.com\/es\/wp-json\/wp\/v2\/posts\/463426","targetHints":{"allow":["GET"]}}],"collection":[{"href":"https:\/\/dimensionturistica.com\/es\/wp-json\/wp\/v2\/posts"}],"about":[{"href":"https:\/\/dimensionturistica.com\/es\/wp-json\/wp\/v2\/types\/post"}],"author":[{"embeddable":true,"href":"https:\/\/dimensionturistica.com\/es\/wp-json\/wp\/v2\/users\/4"}],"replies":[{"embeddable":true,"href":"https:\/\/dimensionturistica.com\/es\/wp-json\/wp\/v2\/comments?post=463426"}],"version-history":[{"count":0,"href":"https:\/\/dimensionturistica.com\/es\/wp-json\/wp\/v2\/posts\/463426\/revisions"}],"wp:featuredmedia":[{"embeddable":true,"href":"https:\/\/dimensionturistica.com\/es\/wp-json\/wp\/v2\/media\/463427"}],"wp:attachment":[{"href":"https:\/\/dimensionturistica.com\/es\/wp-json\/wp\/v2\/media?parent=463426"}],"wp:term":[{"taxonomy":"category","embeddable":true,"href":"https:\/\/dimensionturistica.com\/es\/wp-json\/wp\/v2\/categories?post=463426"},{"taxonomy":"post_tag","embeddable":true,"href":"https:\/\/dimensionturistica.com\/es\/wp-json\/wp\/v2\/tags?post=463426"}],"curies":[{"name":"wp","href":"https:\/\/api.w.org\/{rel}","templated":true}]}}