{"id":462743,"date":"2023-01-10T11:02:01","date_gmt":"2023-01-10T11:02:01","guid":{"rendered":"https:\/\/dimensionturistica.com\/es\/?p=462743"},"modified":"2023-01-10T11:02:03","modified_gmt":"2023-01-10T11:02:03","slug":"el-plan-de-sostenibilidad-turistica-de-valdeorras-terras-que-saben-en","status":"publish","type":"post","link":"https:\/\/dimensionturistica.com\/es\/el-plan-de-sostenibilidad-turistica-de-valdeorras-terras-que-saben-en\/","title":{"rendered":"El \u00abPlan de Sostenibilidad Tur\u00edstica de Valdeorras, Terras que Saben\u00bb en&#8230;"},"content":{"rendered":"<p> <br \/>\n<\/p>\n<div>\n<p>El presidente de la Diputaci\u00f3n de Ourense,<strong> Manuel Baltar, presentar\u00e1, en la Feria Internacional de Turismo en Madrid, \u201cOurense provincia MICE, Coge Velocidad\u201d con el objetivo de acercar a las empresas y profesionales tur\u00edsticos,<\/strong> as\u00ed como a la prensa especializada, la capacidad que tiene Ourense como sede de eventos, congresos y reuniones en esta edici\u00f3n de Fitur que refuerza la secci\u00f3n dedicada, precisamente, al turismo MICE.<\/p>\n<p>A trav\u00e9s de<strong> esta presentaci\u00f3n, que tendr\u00e1 lugar el jueves, 19 de enero, a las 11:00 horas, <\/strong>el gobierno provincial pretende mostrar en este foro profesional, uno de los principales segmentos tur\u00edsticos que mayor potencial de crecimiento e impacto econ\u00f3mico puede tener en la provincia, sobre todo, asociado a la conectividad ferroviaria que tiene Ourense al ser la puerta de entrada a Galicia de la Alta Velocidad.<\/p>\n<p>Adem\u00e1s del acto central de la provincia, <strong>el Inorde organiza tambi\u00e9n en el marco de Fitur 2023, la presentaci\u00f3n de los dos geodestinos que gestiona este organismo. <\/strong>Por ello, <strong>el mi\u00e9rcoles, 18 de enero, a las 13:00 horas, ser\u00e1n presentados los objetivos del \u201cPlan de Sostenibilidad Tur\u00edstica de Valdeorras\u201d<\/strong> y el viernes 20 de enero, las 15:30 horas, se presentar\u00e1 \u201cTerras de Celanova-Serra do Xur\u00e9s, inmersi\u00f3n natural\u201d. Todos ellos se celebrar\u00e1n en el stand de Galicia, en el pabell\u00f3n 9: parcelas 9C07\/9C09.<\/p>\n<p>Los interesados en asistir a alguna de estas presentaciones deber\u00e1n confirmar su asistencia, dado que el aforo a las mismas est\u00e1 limitado, a trav\u00e9s del correo electr\u00f3nico <a rel=\"nofollow noopener\" target=\"_blank\" href=\"https:\/\/news.google.com\/cdn-cgi\/l\/email-protection\" class=\"__cf_email__\" data-cfemail=\"64070b09110a0d0705070d0b0a240d0a0b1600014a070b094a\">[email\u00a0protected]<\/a><\/p>\n<p><strong>Fitur 2023<\/strong><\/p>\n<p>La Feria Internacional de Turismo <strong>se celebrar\u00e1 del 18 al 22 de enero en IFEMA Madrid, con una estimaci\u00f3n de crecimiento del 15% <\/strong>en todos sus par\u00e1metros y que se situar\u00e1 en cifras de participaci\u00f3n muy cercanas a su r\u00e9cord hist\u00f3rico. La Feria tambi\u00e9n est\u00e1 pensada para fortalecer las relaciones de negocio, por lo que dedica sus tres primeros d\u00edas exclusivamente al B2B (del 18 al 20 de enero), focalizando tambi\u00e9n su propuesta B2C durante el fin de semana.<\/p>\n<p>FITUR, la \u00fanica gran feria internacional de turismo que se ha celebrado ininterrumpidamente, s<strong>e centrar\u00e1 en cuatro grandes ejes: la sostenibilidad, la especializaci\u00f3n, la innovaci\u00f3n y las tendencias de vanguardia<\/strong>, alineados con el objetivo de la feria de contribuir a la dinamizaci\u00f3n y el crecimiento de la actividad tur\u00edstica.<\/p>\n<p>En esta edici\u00f3n, junto a la participaci\u00f3n de las empresas, pa\u00edses y destinos,<strong> FITUR ofrecer\u00e1 un recorrido por diez grandes secciones, entre ellas, y como novedad,\u00a0se\u00a0estrena\u00a0FITUR Sports activities, que en colaboraci\u00f3n con la Asociaci\u00f3n Espa\u00f1ola de Fabricantes y Distribuidores de Art\u00edculos Deportivos<\/strong> AFYDAD, destacar\u00e1 el potencial del turismo deportivo como impulsor del desarrollo tur\u00edstico sostenible. Adem\u00e1s, refuerza la secci\u00f3n\u00a0FITUR Cruises\u00a0dedicada al \u201cturismo azul\u201d, con un gran abanico de propuestas B2B y B2C para el\u00a0encuentro de la industria de cruceros con los puertos, los destinos tur\u00edsticos, y el p\u00fablico, y\u00a0FITUR Mice, con su agenda de encuentros profesionales para el turismo de reuniones, que ampl\u00eda su campo de acci\u00f3n para acoger tanto al comprador corporativo como al asociativo.\u00a0<\/p>\n<\/p><\/div>\n<p><script data-onm-type=\"text\/javascript\" type=\"onmlazyloadscript\"  async defer crossorigin=\"anonymous\" src=\"https:\/\/connect.facebook.net\/es_ES\/sdk.js#xfbml=1&#038;version=v11.0\" nonce=\"wrkevqrp\"><\/script><br \/>\n<br \/><\/p>\n<p><em> &#8221; Fuentes news.google.com &#8221; <\/em><\/p>\n","protected":false},"excerpt":{"rendered":"<p>El presidente de la Diputaci\u00f3n de Ourense, Manuel Baltar, presentar\u00e1, en la Feria Internacional de Turismo en Madrid, \u201cOurense provincia MICE, Coge Velocidad\u201d con el objetivo de acercar a las empresas y profesionales tur\u00edsticos, as\u00ed como a la prensa especializada, la capacidad que tiene Ourense como sede de eventos, congresos y reuniones en esta edici\u00f3n [&hellip;]<\/p>\n","protected":false},"author":4,"featured_media":462744,"comment_status":"open","ping_status":"closed","sticky":false,"template":"","format":"standard","meta":{"om_disable_all_campaigns":false,"jnews-multi-image_gallery":[],"jnews_single_post":[],"jnews_primary_category":[],"jnews_social_meta":[],"footnotes":""},"categories":[40],"tags":[707,544,60922],"class_list":["post-462743","post","type-post","status-publish","format-standard","has-post-thumbnail","hentry","category-industria","tag-actualidad","tag-turismo","tag-xeodestino"],"_links":{"self":[{"href":"https:\/\/dimensionturistica.com\/es\/wp-json\/wp\/v2\/posts\/462743","targetHints":{"allow":["GET"]}}],"collection":[{"href":"https:\/\/dimensionturistica.com\/es\/wp-json\/wp\/v2\/posts"}],"about":[{"href":"https:\/\/dimensionturistica.com\/es\/wp-json\/wp\/v2\/types\/post"}],"author":[{"embeddable":true,"href":"https:\/\/dimensionturistica.com\/es\/wp-json\/wp\/v2\/users\/4"}],"replies":[{"embeddable":true,"href":"https:\/\/dimensionturistica.com\/es\/wp-json\/wp\/v2\/comments?post=462743"}],"version-history":[{"count":0,"href":"https:\/\/dimensionturistica.com\/es\/wp-json\/wp\/v2\/posts\/462743\/revisions"}],"wp:featuredmedia":[{"embeddable":true,"href":"https:\/\/dimensionturistica.com\/es\/wp-json\/wp\/v2\/media\/462744"}],"wp:attachment":[{"href":"https:\/\/dimensionturistica.com\/es\/wp-json\/wp\/v2\/media?parent=462743"}],"wp:term":[{"taxonomy":"category","embeddable":true,"href":"https:\/\/dimensionturistica.com\/es\/wp-json\/wp\/v2\/categories?post=462743"},{"taxonomy":"post_tag","embeddable":true,"href":"https:\/\/dimensionturistica.com\/es\/wp-json\/wp\/v2\/tags?post=462743"}],"curies":[{"name":"wp","href":"https:\/\/api.w.org\/{rel}","templated":true}]}}