{"id":462497,"date":"2023-01-10T00:57:36","date_gmt":"2023-01-10T00:57:36","guid":{"rendered":"https:\/\/dimensionturistica.com\/es\/?p=462497"},"modified":"2023-01-10T00:57:37","modified_gmt":"2023-01-10T00:57:37","slug":"confirman-navieras-llegada-de-cruceros-para-este-martes-a-mazatlan","status":"publish","type":"post","link":"https:\/\/dimensionturistica.com\/es\/confirman-navieras-llegada-de-cruceros-para-este-martes-a-mazatlan\/","title":{"rendered":"Confirman navieras llegada de cruceros para este martes a Mazatl\u00e1n"},"content":{"rendered":"<p> <br \/>\n<\/p>\n<div>\n<div class=\"paragraph\" mlnid=\"idcon=3264252;order=6.0\">\n<p>MAZATL\u00c1N._ Los hechos violentos que se presentaron en Sinaloa durante la semana pasada, sobre todo el jueves, no afectar\u00e1n la llegada de cruceros en Mazatl\u00e1n, donde el mi\u00e9rcoles arribar\u00e1n tres, inform\u00f3 la Secretar\u00eda de Turismo estatal.<\/p>\n<p>El primer crucero que llegar\u00e1 ser\u00e1 el Carnival Panorama con 4 mil 366 pasajeros y mil 440 tripulantes; se prev\u00e9 que ancle en el puerto a las 6:45 horas y salga rumbo a Puerto Vallarta a las 17:00 horas.<\/p>\n<p>El segundo crucero ser\u00e1 el Koningsdam, el cual llegar\u00e1 a las 7:45 horas y zarpar\u00e1 a Puerto Vallarta a las 17:00 horas. Este nav\u00edo traslada a 2 mil 499 pasajeros y 957 tripulantes.<\/p>\n<p>El tercer crucero es el Insignia, el cual contar\u00e1 con 584 pasajeros y 401 tripulantes y arribar\u00e1 a las 8:00 horas a Mazatl\u00e1n, para partir a Cabo San Lucas a las 17:00 horas.<\/p>\n<p>En complete son 10 mil 247 personas las que estar\u00e1n visitando Mazatl\u00e1n, entre tripulantes y pasajeros, y es la segunda vez en el a\u00f1o donde se tiene la llegada de tres cruceros en un solo d\u00eda.<\/p>\n<p>\u00c9dgar Augusto Gonz\u00e1lez Zatar\u00e1in, Alcalde de Mazatl\u00e1n, se\u00f1al\u00f3 este lunes que de momento la comunicaci\u00f3n con las empresas navieras ha sido positivas y no se prev\u00e9 que los cruceros dejen de llegar al puerto.<\/p>\n<\/p><\/div><\/div>\n\n<p><em> &#8221; Fuentes news.google.com &#8221; <\/em><\/p>\n","protected":false},"excerpt":{"rendered":"<p>MAZATL\u00c1N._ Los hechos violentos que se presentaron en Sinaloa durante la semana pasada, sobre todo el jueves, no afectar\u00e1n la llegada de cruceros en Mazatl\u00e1n, donde el mi\u00e9rcoles arribar\u00e1n tres, inform\u00f3 la Secretar\u00eda de Turismo estatal. El primer crucero que llegar\u00e1 ser\u00e1 el Carnival Panorama con 4 mil 366 pasajeros y mil 440 tripulantes; se [&hellip;]<\/p>\n","protected":false},"author":4,"featured_media":462498,"comment_status":"open","ping_status":"closed","sticky":false,"template":"","format":"standard","meta":{"om_disable_all_campaigns":false,"jnews-multi-image_gallery":[],"jnews_single_post":[],"jnews_primary_category":[],"jnews_social_meta":[],"footnotes":""},"categories":[41],"tags":[18734],"class_list":["post-462497","post","type-post","status-publish","format-standard","has-post-thumbnail","hentry","category-cruceros","tag-antonio-olazabal"],"_links":{"self":[{"href":"https:\/\/dimensionturistica.com\/es\/wp-json\/wp\/v2\/posts\/462497","targetHints":{"allow":["GET"]}}],"collection":[{"href":"https:\/\/dimensionturistica.com\/es\/wp-json\/wp\/v2\/posts"}],"about":[{"href":"https:\/\/dimensionturistica.com\/es\/wp-json\/wp\/v2\/types\/post"}],"author":[{"embeddable":true,"href":"https:\/\/dimensionturistica.com\/es\/wp-json\/wp\/v2\/users\/4"}],"replies":[{"embeddable":true,"href":"https:\/\/dimensionturistica.com\/es\/wp-json\/wp\/v2\/comments?post=462497"}],"version-history":[{"count":0,"href":"https:\/\/dimensionturistica.com\/es\/wp-json\/wp\/v2\/posts\/462497\/revisions"}],"wp:featuredmedia":[{"embeddable":true,"href":"https:\/\/dimensionturistica.com\/es\/wp-json\/wp\/v2\/media\/462498"}],"wp:attachment":[{"href":"https:\/\/dimensionturistica.com\/es\/wp-json\/wp\/v2\/media?parent=462497"}],"wp:term":[{"taxonomy":"category","embeddable":true,"href":"https:\/\/dimensionturistica.com\/es\/wp-json\/wp\/v2\/categories?post=462497"},{"taxonomy":"post_tag","embeddable":true,"href":"https:\/\/dimensionturistica.com\/es\/wp-json\/wp\/v2\/tags?post=462497"}],"curies":[{"name":"wp","href":"https:\/\/api.w.org\/{rel}","templated":true}]}}