{"id":461958,"date":"2023-01-09T12:46:00","date_gmt":"2023-01-09T12:46:00","guid":{"rendered":"https:\/\/dimensionturistica.com\/es\/?p=461958"},"modified":"2023-01-09T12:46:01","modified_gmt":"2023-01-09T12:46:01","slug":"ernesto-coppel-kelly-el-tiburon-que-piensa-y-hace-negocios-como-napoleon-bonaparte","status":"publish","type":"post","link":"https:\/\/dimensionturistica.com\/es\/ernesto-coppel-kelly-el-tiburon-que-piensa-y-hace-negocios-como-napoleon-bonaparte\/","title":{"rendered":"Ernesto Coppel Kelly, el \u201ctibur\u00f3n\u201d que piensa y hace negocios como Napole\u00f3n Bonaparte"},"content":{"rendered":"<p> <br \/>\n<\/p>\n<div>\n<p><em>\u201cM\u00e1s vale arrear que acarrear, que no se te olvide<\/em>\u201d, cube Enrique Coppel Kelly mientras gui\u00f1a su ojo derecho. Es un consejo de negocios desde un \u201c<strong>Tibur\u00f3n<\/strong>\u201d que amas\u00f3 su fortuna en la hoteler\u00eda, cuando decidi\u00f3 \u201c<em>dejar de ser un vago<\/em>\u201d a los 30 a\u00f1os de edad y una d\u00e9cada despu\u00e9s fundar el emporio tur\u00edstico m\u00e1s importante de Sinaloa: <strong>Pueblo Bonito<\/strong>.<\/p>\n<p>Este hombre renta una habitaci\u00f3n, luego vende el tiempo compartido, luego da cr\u00e9dito para m\u00e1s tiempo compartido, despu\u00e9s ofrece tiempo fraccionado y por \u00faltimo propone la venta de casas completas.<\/p>\n<p><em>\u201cEse es mi negocio, esa es mi t\u00e9cnica y hasta ahorita me ha cuajado\u201d<\/em>, cube el hombre que a los 30 a\u00f1os comenz\u00f3 su carrera en el ramo tur\u00edstico tras cansarse de estar en la fiesta y saberse sin un futuro estable.<\/p>\n<p><em>\u201cDec\u00eda Napole\u00f3n, \u2018<strong>yo pelee m\u00e1s de 65 batallas y en ninguna aprend\u00ed nada que no supiera desde la primera\u2019, y yo te puedo decir lo mismo<\/strong>: he tenido muchos proyectos y desde el primero sab\u00eda lo que s\u00e9 ahorita, todo ha sido pulimiento y adaptaci\u00f3n de mucho trabajo\u201d.<\/em><\/p>\n<p><strong>Su t\u00e9cnica es al m\u00e1s puro estilo de Napole\u00f3n Bonaparte<\/strong>, aquel normal franc\u00e9s que logr\u00f3 hacerse, con disciplina, de una gran parte del territorio europeo con uno de los ej\u00e9rcitos m\u00e1s imponentes de toda la historia mundial.<\/p>\n<p>Para llegar a esto, tuvo que aprender de un genio llamado <strong>Mark Perkins<\/strong>, un estadounidense nacido en Las Vegas, Nevada, que lleg\u00f3 a Mazatl\u00e1n para capacitar a quienes quisieran hacer ventas en los temas tur\u00edsticos.<\/p>\n<p>Hace 45 a\u00f1os, cuenta Coppel Kelly, todo period presencial, tocando puertas y haciendo relaciones directas. Period estar en restaurantes, salones de fiesta y en lobbys de otros hoteles.<\/p>\n<p>Pero no solo period estar sentado y ver pasar a las personas, sino acercarse, entablar conversaciones y hacer que estas dieran dep\u00f3sitos retornables a cambio de tiempos compartidos.<\/p>\n<p>En 10 a\u00f1os, Coppel Kelly ya period un profesional en este tema y decidi\u00f3 emprender la compa\u00f1\u00eda que hoy es un ya es un emporio: <a rel=\"nofollow noopener\" target=\"_blank\" href=\"https:\/\/www.pueblobonito.com.mx\/\">Pueblo Bonito<\/a>.<\/p>\n<blockquote class=\"wp-block-quote\">\n<p><em>\u201cInaugur\u00e9 Pueblo Bonito y vino el presidente Miguel de la Madrid a inaugurarlo\u201d,<\/em> cuenta el hombre, quien dentro de su sala de juntas cuenta con una amplia galer\u00eda de fotos con presidentes de M\u00e9xico.<\/p>\n<\/blockquote>\n<div class=\"wp-block-image\">\n<figure class=\"alignright size-large is-resized\"><img decoding=\"async\" src=\"https:\/\/revistaespejo.com\/wp-content\/uploads\/2022\/12\/fotografia-coppel-kelly-epn-pena-nieto-1200x673.webp\" alt=\"\" class=\"wp-image-220491\" width=\"475\" height=\"266\" srcset=\"https:\/\/revistaespejo.com\/wp-content\/uploads\/2022\/12\/fotografia-coppel-kelly-epn-pena-nieto-1200x673.webp 1200w, https:\/\/revistaespejo.com\/wp-content\/uploads\/2022\/12\/fotografia-coppel-kelly-epn-pena-nieto-300x168.webp 300w, https:\/\/revistaespejo.com\/wp-content\/uploads\/2022\/12\/fotografia-coppel-kelly-epn-pena-nieto-768x431.webp 768w, https:\/\/revistaespejo.com\/wp-content\/uploads\/2022\/12\/fotografia-coppel-kelly-epn-pena-nieto-1536x862.webp 1536w, https:\/\/revistaespejo.com\/wp-content\/uploads\/2022\/12\/fotografia-coppel-kelly-epn-pena-nieto-2048x1149.webp 2048w\" sizes=\"(max-width: 475px) 100vw, 475px\"\/><\/figure>\n<\/div>\n<p>Ese lodge ahora es un emporio que ha alcanzado, al m\u00e1s puro estilo napole\u00f3nico, su expansi\u00f3n a otros horizontes.<\/p>\n<p>Primero fue Mazatl\u00e1n, luego Los Cabos y ahora Coppel Kelly construye en San Miguel de Allende y un lodge tipo Boutique en el Centro Hist\u00f3rico de Mazatl\u00e1n. Su siguiente destino confirmado es Canc\u00fan.<\/p>\n<p><em>\u201cNo dejamos de construir nunca, siempre estamos haciendo m\u00e1s habitaciones\u201d,<\/em> menciona mientras enumera sus proyectos hoteleros en M\u00e9xico con el grupo Pueblo Bonito, incluyendo la adquisici\u00f3n de franquicias como <a rel=\"nofollow noopener\" target=\"_blank\" href=\"https:\/\/st-regis.marriott.com\/es-XM\/\">St.Regis<\/a>, una de las marcas m\u00e1s exclusivas de hoteles en el mundo.<\/p>\n<blockquote class=\"wp-block-quote\">\n<p>\u201cSon palabras mayores\u2026 ahora ya puedo decir que estoy al t\u00fa por t\u00fa con cualquiera. Nosotros somos calidad, calidad, calidad, no cantidad\u2026 ya tendremos cantidad\u201d.<\/p>\n<\/blockquote>\n<p><strong>La habilidad de Coppel Kelly no solo est\u00e1 en construir hoteles, sino en dise\u00f1ar ecosistemas de negocios enfocados en el turismo,<\/strong> de ah\u00ed que est\u00e9 a cargo del patronato que lleva consigo el <a rel=\"nofollow noopener\" target=\"_blank\" href=\"https:\/\/www.escapadah.com\/destinos\/2022\/4\/23\/acuario-mar-de-cortes-el-mas-grande-en-al-abrira-sus-puertas-en-2022-te-contamos-los-detalles-1694.html\">Acuario Mar de Cort\u00e9s en Mazatl\u00e1n<\/a>, con una inversi\u00f3n multimillonaria que inici\u00f3 con el gobierno de Quirino Ordaz Coppel.<\/p>\n<p class=\"has-background\" style=\"background-color:#ffecde\"><strong>El impulsor de Central Park en Mazatl\u00e1n<\/strong>: Adem\u00e1s de su emporio hotelero, Ernesto Coppel Kelly tambi\u00e9n ha emprendido la misi\u00f3n de dotar a Mazatl\u00e1n con un Parque Central, proyecto que ha venido impulsando desde el a\u00f1o 2013 y que, a casi 10 a\u00f1os de imaginarlo, poco a poco se materializa en una realidad. <\/p>\n<p>Del sue\u00f1o inicial para darle a Mazatl\u00e1n el Museo\u00a0de la Ciudad, evolucion\u00f3 a una concept m\u00e1s ambiciosa:\u00a0con una inversi\u00f3n estimada en 2,340 millones\u00a0de pesos, el ya conocido como Central Park\u00a0incluir\u00eda tambi\u00e9n un museo y el nuevo Acuario de Mazatl\u00e1n. <\/p>\n<p>\u00a0\u201c<em>Que conozcan, reconozcan y se\u00a0enorgullezcan de la gente que aqu\u00ed ha vivido y se\u00a0ha partido la madre para que hoy Mazatl\u00e1n sea lo\u00a0que es. Y vean hasta d\u00f3nde se puede llegar. Para\u00a0eso es el Museo\u201d<\/em>, dijo Coppel Kelly al respecto <a rel=\"nofollow noopener\" target=\"_blank\" href=\"https:\/\/revistaespejo.com\/2015\/06\/16\/reto-a-la-imaginacion-el-parque-central-mazatlan-visto-por-su-impulsor-ernesto-coppel-kelly\/\">en una entrevista para ESPEJO del a\u00f1o 2015<\/a>. <\/p>\n<div class=\"wp-block-image\">\n<figure class=\"aligncenter size-large\"><img decoding=\"async\" loading=\"lazy\" width=\"1024\" height=\"683\" src=\"https:\/\/revistaespejo.com\/wp-content\/uploads\/2018\/02\/parque-central-mazatlan-1024x683.jpg\" alt=\"\" class=\"wp-image-62793\" srcset=\"https:\/\/revistaespejo.com\/wp-content\/uploads\/2018\/02\/parque-central-mazatlan-1024x683.jpg 1024w, https:\/\/revistaespejo.com\/wp-content\/uploads\/2018\/02\/parque-central-mazatlan-300x200.jpg 300w, https:\/\/revistaespejo.com\/wp-content\/uploads\/2018\/02\/parque-central-mazatlan-768x512.jpg 768w, https:\/\/revistaespejo.com\/wp-content\/uploads\/2018\/02\/parque-central-mazatlan-1320x880.jpg 1320w, https:\/\/revistaespejo.com\/wp-content\/uploads\/2018\/02\/parque-central-mazatlan.jpg 1404w\" sizes=\"auto, (max-width: 1024px) 100vw, 1024px\"\/><\/figure>\n<\/div>\n<p>Pero dise\u00f1ar ese tipo de ecosistemas de negocios, explica, requiere de una comunidad integrada por personas visionarias, con intenciones y conocimiento en negocios para el desarrollo en \u00e1reas potenciales comerciales.<\/p>\n<p><strong>LEE M\u00c1S:<\/strong> <a rel=\"nofollow noopener\" target=\"_blank\" href=\"https:\/\/revistaespejo.com\/2015\/06\/16\/reto-a-la-imaginacion-el-parque-central-mazatlan-visto-por-su-impulsor-ernesto-coppel-kelly\/\">RETO A LA IMAGINACI\u00d3N | El Parque Central Mazatl\u00e1n, visto por su impulsor, Ernesto Coppel Kelly<\/a><\/p>\n<p>Es hacerse de personas profesionales en sus ramos, como Napole\u00f3n supo hacerlo con sus mariscales, como Louis Alexandre Berthier, Joaqu\u00edn Murat, Bon Adrien Jeannot de Moncey, Jean-Baptiste Jourdan, Andr\u00e9 Mass\u00e9na, Pierre Fran\u00e7ois Charles Augereau, Jean Baptiste Jules Bernadotte, entre otros que lo acompa\u00f1aron en sus batallas y comandaron en el imperio.<\/p>\n<blockquote class=\"wp-block-quote\">\n<p>\u201cYo estoy seguro que las cosas pueden mejorar, hay gente muy valiosa, no hay que perder el \u00e1nimo, hay que seguir invirtiendo. Lo que siempre les digo yo es construyan calidad, porque el Pa\u00eds es fuerte, muy grande como para perder en un problema que no podamos resolver\u201d, expresa.<\/p>\n<\/blockquote>\n<p>Coppel Kelly se cube admirador de Napole\u00f3n Bonaparte y lo demuestra. Comenta su bagaje private de la historia mundial y hace \u00e9nfasis en el franc\u00e9s. Cuando habla de sus negocios lo cita, para hablar de su vida privada lo emula.<\/p>\n<p>La diferencia es que este hombre nacido en Mazatl\u00e1n quiere dejar de trabajar en alg\u00fan momento y dedicarse \u00fanicamente a descansar, viajar y disfrutar de su imperio. No hacer guerras y no perder batallas, como aquella el 18 de junio de 1815 en Waterloo, cuando Napole\u00f3n perdi\u00f3 y se dio por finalizado el imperio franc\u00e9s.<\/p>\n<blockquote class=\"wp-block-quote\">\n<p>\u201cPor lo que yo he le\u00eddo, van a pasar miles de a\u00f1os para que llegue otro igual\u2026\u201d, asegura.<\/p>\n<\/blockquote>\n<h3><strong>\u00bfCu\u00e1l es su Waterloo?<\/strong><\/h3>\n<p><em>\u201cNinguno, porque no estoy en guerra con nadie. Yo estoy en paz con el mundo, yo hago lo m\u00edo, dejo ser, pago mis impuestos, a todo mundo trato bien. No doy motivo para que me pueda pasar un Waterloo. <strong>Y si tengo que dar una pelea, pues a ver de a c\u00f3mo nos toca, no creas que le saco<\/strong>\u201d, <\/em>cube este empresario mientras vuelve a gui\u00f1ar su ojo derecho y se acomoda pl\u00e1cidamente en una de las sillas a las afueras de su sala de juntas en Mazatl\u00e1n.<\/p>\n<div class=\"is-layout-constrained wp-block-group has-background\" style=\"background-color:#fff1c5\">\n<div class=\"wp-block-group__inner-container\">\n<h2>PUEBLO BONITO: El Lugar perfecto bajo el sol<\/h2>\n<p>En 1987, los fundadores Ernesto Coppel y Mark Kronemeyer abrieron el primer resort de Pueblo Bonito, que r\u00e1pidamente se convirti\u00f3 en uno de los hoteles m\u00e1s deseables en Mazatl\u00e1n debido a su combinaci\u00f3n de modernidad y lujo con el encanto del viejo mundo.<\/p>\n<p>Actualmente, Pueblo Bonito Resorts &amp; Spas cuenta con ocho resorts de playa, 5 en Cabo San Lucas y 3 m\u00e1s en Mazatl\u00e1n. Todos estos han recibido reconocimientos y premios como las Listas de Oro y de Readers\u2019 Selection de Cond\u00e9 Nast Traveler, y las de Journey + Leisure que reconocen lo Mejor del Mundo.<\/p>\n<p>El objetivo precise de la compa\u00f1\u00eda es establecer un nuevo est\u00e1ndar en hospitalidad world a trav\u00e9s de una nueva colecci\u00f3n de propiedades extremely lujosas ubicadas en destinos cuidadosamente seleccionados. Entre estos destinos se encuentran Los Cabos, San Miguel Allende y el Centro Hist\u00f3rico de Mazatl\u00e1n.<\/p>\n<div class=\"wp-block-image\">\n<figure class=\"aligncenter size-large is-resized\"><img decoding=\"async\" loading=\"lazy\" src=\"https:\/\/revistaespejo.com\/wp-content\/uploads\/2022\/12\/hoteles-pueblo-bonito-1200x900.webp\" alt=\"\" class=\"wp-image-220522\" width=\"600\" height=\"450\" srcset=\"https:\/\/revistaespejo.com\/wp-content\/uploads\/2022\/12\/hoteles-pueblo-bonito.webp 1200w, https:\/\/revistaespejo.com\/wp-content\/uploads\/2022\/12\/hoteles-pueblo-bonito-300x225.webp 300w, https:\/\/revistaespejo.com\/wp-content\/uploads\/2022\/12\/hoteles-pueblo-bonito-768x576.webp 768w\" sizes=\"auto, (max-width: 600px) 100vw, 600px\"\/><\/figure>\n<\/div>\n<p>Adem\u00e1s de restaurantes de primer nivel, Pueblo Bonito ofrece servicios y amenidades como campo de Golf, Spa, servicio de reuniones y bodas. Sus hoteles tambi\u00e9n han sido reconocidos como los que ofrecen las vistas m\u00e1s hermosas del mundo por TripAdvisor, han recibido el reconocimiento a los \u201c100 Mejores campos del mundo\u201d de la revista Golf Digest, por el campo Quivira Golf Membership, campo dise\u00f1ado por Jack Nicklaus Signature en Pueblo Bonito Pacifica Golf &amp; Spa Resort en Los Cabos.<\/p>\n<ul>\n<li>Ocho propiedades frente al mar<\/li>\n<li>Imponentes vistas del Oc\u00e9ano Pac\u00edfico<\/li>\n<li>Spas galardonados a nivel internacional<\/li>\n<li>Docenas de bares y eating places<\/li>\n<li>Transporte de cortes\u00eda entre nuestros resorts<\/li>\n<\/ul>\n<\/div>\n<\/div>\n<div class=\"wp-block-image\">\n<figure class=\"aligncenter size-full is-resized\"><img decoding=\"async\" loading=\"lazy\" src=\"https:\/\/revistaespejo.com\/wp-content\/uploads\/2021\/10\/campana-listas-difusion-espejo-whatsapp-telegram-celular-2-768x768-1.webp\" alt=\"\" class=\"wp-image-167235\" width=\"384\" height=\"384\" srcset=\"https:\/\/revistaespejo.com\/wp-content\/uploads\/2021\/10\/campana-listas-difusion-espejo-whatsapp-telegram-celular-2-768x768-1.webp 768w, https:\/\/revistaespejo.com\/wp-content\/uploads\/2021\/10\/campana-listas-difusion-espejo-whatsapp-telegram-celular-2-768x768-1-300x300.webp 300w, https:\/\/revistaespejo.com\/wp-content\/uploads\/2021\/10\/campana-listas-difusion-espejo-whatsapp-telegram-celular-2-768x768-1-150x150.webp 150w\" sizes=\"auto, (max-width: 384px) 100vw, 384px\"\/><figcaption class=\"wp-element-caption\">Telegram: http:\/\/t.me\/RevistaESPEJO<\/figcaption><\/figure>\n<\/div><\/div>\n<p><script>\n\t\t!function(f,b,e,v,n,t,s)\n\t\t{if(f.fbq)return;n=f.fbq=function(){n.callMethod?\n\t\tn.callMethod.apply(n,arguments):n.queue.push(arguments)};\n\t\tif(!f._fbq)f._fbq=n;n.push=n;n.loaded=!0;n.version='2.0';\n\t\tn.queue=[];t=b.createElement(e);t.async=!0;\n\t\tt.src=v;s=b.getElementsByTagName(e)[0];\n\t\ts.parentNode.insertBefore(t,s)}(window, document,'script',\n\t\t'https:\/\/connect.facebook.net\/en_US\/fbevents.js');\n\t\tfbq('init', '193227271041159');\n\t\tfbq('track', 'PageView');\n\t<\/script><script>(function(d, s, id) {\n\t\t\t\t\tvar js, fjs = d.getElementsByTagName(s)[0];\n\t\t\t\t\tif (d.getElementById(id)) return;\n\t\t\t\t\tjs = d.createElement(s); js.id = id;\n\t\t\t\t\tjs.src=\"https:\/\/connect.facebook.net\/es_LA\/sdk.js#xfbml=1&version=v3.1&appId=551549251971069&autoLogAppEvents=1\";\n\t\t\t\t\tfjs.parentNode.insertBefore(js, fjs);\n\t\t\t\t}\n\t\t\t\t(document, 'script', 'facebook-jssdk'));<\/script><br \/>\n<br \/><\/p>\n<p><em> &#8221; Fuentes news.google.com &#8221; <\/em><\/p>\n","protected":false},"excerpt":{"rendered":"<p>\u201cM\u00e1s vale arrear que acarrear, que no se te olvide\u201d, cube Enrique Coppel Kelly mientras gui\u00f1a su ojo derecho. Es un consejo de negocios desde un \u201cTibur\u00f3n\u201d que amas\u00f3 su fortuna en la hoteler\u00eda, cuando decidi\u00f3 \u201cdejar de ser un vago\u201d a los 30 a\u00f1os de edad y una d\u00e9cada despu\u00e9s fundar el emporio tur\u00edstico [&hellip;]<\/p>\n","protected":false},"author":4,"featured_media":461959,"comment_status":"open","ping_status":"closed","sticky":false,"template":"","format":"standard","meta":{"om_disable_all_campaigns":false,"jnews-multi-image_gallery":[],"jnews_single_post":[],"jnews_primary_category":[],"jnews_social_meta":[],"footnotes":""},"categories":[39],"tags":[56883,60824,1935],"class_list":["post-461958","post","type-post","status-publish","format-standard","has-post-thumbnail","hentry","category-viajes","tag-ernesto-coppel-kelly","tag-napoleon-bonaparte","tag-negocios"],"_links":{"self":[{"href":"https:\/\/dimensionturistica.com\/es\/wp-json\/wp\/v2\/posts\/461958","targetHints":{"allow":["GET"]}}],"collection":[{"href":"https:\/\/dimensionturistica.com\/es\/wp-json\/wp\/v2\/posts"}],"about":[{"href":"https:\/\/dimensionturistica.com\/es\/wp-json\/wp\/v2\/types\/post"}],"author":[{"embeddable":true,"href":"https:\/\/dimensionturistica.com\/es\/wp-json\/wp\/v2\/users\/4"}],"replies":[{"embeddable":true,"href":"https:\/\/dimensionturistica.com\/es\/wp-json\/wp\/v2\/comments?post=461958"}],"version-history":[{"count":0,"href":"https:\/\/dimensionturistica.com\/es\/wp-json\/wp\/v2\/posts\/461958\/revisions"}],"wp:featuredmedia":[{"embeddable":true,"href":"https:\/\/dimensionturistica.com\/es\/wp-json\/wp\/v2\/media\/461959"}],"wp:attachment":[{"href":"https:\/\/dimensionturistica.com\/es\/wp-json\/wp\/v2\/media?parent=461958"}],"wp:term":[{"taxonomy":"category","embeddable":true,"href":"https:\/\/dimensionturistica.com\/es\/wp-json\/wp\/v2\/categories?post=461958"},{"taxonomy":"post_tag","embeddable":true,"href":"https:\/\/dimensionturistica.com\/es\/wp-json\/wp\/v2\/tags?post=461958"}],"curies":[{"name":"wp","href":"https:\/\/api.w.org\/{rel}","templated":true}]}}