{"id":461652,"date":"2023-01-08T21:27:16","date_gmt":"2023-01-08T21:27:16","guid":{"rendered":"https:\/\/dimensionturistica.com\/es\/?p=461652"},"modified":"2023-01-08T21:27:16","modified_gmt":"2023-01-08T21:27:16","slug":"seguidores-de-bolsonaro-intentan-derrocar-al-presidente-brasileno-lula-da-silva","status":"publish","type":"post","link":"https:\/\/dimensionturistica.com\/es\/seguidores-de-bolsonaro-intentan-derrocar-al-presidente-brasileno-lula-da-silva\/","title":{"rendered":"Seguidores de Bolsonaro intentan derrocar al presidente brasile\u00f1o Lula da Silva"},"content":{"rendered":"<p> <br \/>\n<\/p>\n<div>\n<p class=\"p_1\">Centenares de seguidores del expresidente brasile\u00f1o Jair Bolsonaro invadieron hoy la sede del Congreso Nacional en una manifestaci\u00f3n que pide una intervenci\u00f3n militar para derrocar al presidente Luiz In\u00e1cio Lula da Silva.<\/p>\n<p class=\"p_2\">El grupo, que defiende tesis golpistas, super\u00f3 una barrera policial y subi\u00f3 la rampa que da acceso al tejado de los edificios de la C\u00e1mara de los Diputados y del Senado, y algunos entraron dentro de la sede legislativa.<\/p>\n<p class=\"p_3\">Los extremistas, en su mayor\u00eda con camisetas amarillas y verdes y banderas de Brasil, tambi\u00e9n atacaron algunos veh\u00edculos de la Polic\u00eda Legislativa, que brinda seguridad al Congreso.<\/p>\n<p class=\"p_4\">Tambi\u00e9n destruyeron barreras de protecci\u00f3n y armados con palos se enfrentaron a los agentes que intentaron contener, sin \u00e9xito, la entrada de los manifestantes.<\/p>\n<p class=\"p_5\">Lula, que asumi\u00f3 la Presidencia de Brasil el pasado d\u00eda 1, se encuentra este fin de semana de viaje en la ciudad de Araraquara, en Sao Paulo.<\/p>\n<p class=\"p_6\">Centenares de bolsonaristas radicales est\u00e1n acampados frente al Cuartel Normal del Ej\u00e9rcito, en Brasilia, desde el d\u00eda posterior a las elecciones del pasado 30 de octubre, en las que Lula derrot\u00f3 a Bolsonaro.<\/p>\n<p class=\"p_7\">Los campamentos de los bolsonaristas radicales, que se han multiplicado en ciudades de todo el pa\u00eds, comenzaron a ser desmontados el viernes en Belo Horizonte, capital de Minas Gerais, donde ocurrieron algunos disturbios.<\/p>\n<p class=\"p_8\">El s\u00e1bado, el ministro de Justicia, Fl\u00e1vio Dino, autoriz\u00f3 la actuaci\u00f3n de la Fuerza Nacional de Seguridad, un grupo de \u00e9lite de los cuerpos de Polic\u00eda de todo el pa\u00eds, que se moviliza para misiones especiales.<\/p>\n<p class=\"p_9\">Desde el triunfo de Lula en la segunda vuelta electoral del 30 de octubre, con el 50,9 % de los votos v\u00e1lidos frente al 49,1 % de Bolsonaro, los simpatizantes de este se han concentrado en las afueras de los cuarteles del Ej\u00e9rcito.<\/p>\n<p class=\"p_10\">Antes de la invasi\u00f3n del Congreso, Dino se pronunci\u00f3 en las redes sociales y dijo que los opositores deber\u00e1n esperar hasta 2026, cuando se celebren las pr\u00f3ximas elecciones presidenciales, as\u00ed como el precise Gobierno esper\u00f3 entre 2018 y 2022.<\/p>\n<p class=\"p_11\">En un comunicado, Dino manifest\u00f3 que el Ministerio de Justicia convoc\u00f3 una reuni\u00f3n de emergencia con los organismos de seguridad para hacer frente a las manifestaciones.<\/p>\n<p class=\"p_12\"><b>El Palacio de Planalto<\/b><\/p>\n<p class=\"p_13\">Seguidores del expresidente brasile\u00f1o el ultraderechista Jair Bolsonaro invadieron hoy el Palacio de Planalto, sede del Ejecutivo, y la Corte Suprema, despu\u00e9s de haber irrumpido antes en el Congreso Nacional en actos golpistas contra el presidente Luiz In\u00e1cio Lula da Silva.<\/p>\n<p class=\"p_14\">Los ventanales de la sede del poder Judicial y del Congreso Nacional fueron rotos por los manifestantes, que ya ocupan los edificios de los tres poderes en el pa\u00eds.<\/p>\n<p class=\"p_15\">Lula no se encuentra hoy en Brasilia pues est\u00e1 de visita en el inside del estado de Sao Paulo.<\/p>\n<p class=\"p_16\">Patrullas de la Polic\u00eda Legislativa, que vela por la seguridad en el Congreso, fueron atacadas y las barreras que acordonaban las sedes de los tres poderes fueron destruidas por los manifestantes.<\/p>\n<p class=\"p_17\">Los actos antidemocr\u00e1ticos piden la intervenci\u00f3n militar de las Fuerzas Armadas para derrocar a Lula, quien asumi\u00f3 la Presidencia de Brasil el pasado d\u00eda 1.<\/p>\n<p class=\"p_18\">Los bolsonaristas radicales no reconocen la victoria en las urnas de Lula, quien en la segunda vuelta del 30 de octubre gan\u00f3 con el 50,9 % de los votos v\u00e1lidos frente al 49,1 % de Bolsonaro.<\/p>\n<p class=\"p_19\">Las polic\u00edas del Legislativo y de la Fuerza Nacional de Seguridad, un grupo de \u00e9lite de agentes de los diferentes estados, lanzaron gases lacrim\u00f3genos para dispersar, sin \u00e9xito, a los manifestantes, que portaban banderas brasile\u00f1as y algunos estaban armados con palos.<\/p>\n<p class=\"p_20\">El ministro de Justicia, Fl\u00e1vio Dino, que desde el s\u00e1bado hab\u00eda autorizado la actuaci\u00f3n de la Fuerza Nacional de Seguridad ante la llegada a la capital brasile\u00f1a de decenas de autobuses de bolsonaristas, dijo que la voluntad de los radicales \u00abno prevalecer\u00e1\u00ab.<\/p>\n<p class=\"p_21\">Inmediatamente despu\u00e9s de la derrota en las urnas el pasado 30 de octubre, los bolsonaristas montaron campamentos frente a los cuarteles en varias ciudades brasile\u00f1as y en muchos lugares permanecen concentrados desde hace dos meses.<\/p>\n<p class=\"p_22\">Los actos en Brasilia desencadenaron otros en el pa\u00eds, entre ellos en Sao Paulo, donde la Avenida 23 de Maio, una de las principales de la ciudad, fue bloqueada por bolsonaristas que impiden la circulaci\u00f3n de autom\u00f3viles cerca del aeropuerto de Congonhas.<\/p>\n<\/p><\/div>\n\n<p><em> &#8221; Fuentes news.google.com &#8221; <\/em><\/p>\n","protected":false},"excerpt":{"rendered":"<p>Centenares de seguidores del expresidente brasile\u00f1o Jair Bolsonaro invadieron hoy la sede del Congreso Nacional en una manifestaci\u00f3n que pide una intervenci\u00f3n militar para derrocar al presidente Luiz In\u00e1cio Lula da Silva. El grupo, que defiende tesis golpistas, super\u00f3 una barrera policial y subi\u00f3 la rampa que da acceso al tejado de los edificios de [&hellip;]<\/p>\n","protected":false},"author":4,"featured_media":461653,"comment_status":"open","ping_status":"closed","sticky":false,"template":"","format":"standard","meta":{"om_disable_all_campaigns":false,"jnews-multi-image_gallery":[],"jnews_single_post":[],"jnews_primary_category":[],"jnews_social_meta":[],"footnotes":""},"categories":[40],"tags":[1824],"class_list":["post-461652","post","type-post","status-publish","format-standard","has-post-thumbnail","hentry","category-industria","tag-brasil"],"_links":{"self":[{"href":"https:\/\/dimensionturistica.com\/es\/wp-json\/wp\/v2\/posts\/461652","targetHints":{"allow":["GET"]}}],"collection":[{"href":"https:\/\/dimensionturistica.com\/es\/wp-json\/wp\/v2\/posts"}],"about":[{"href":"https:\/\/dimensionturistica.com\/es\/wp-json\/wp\/v2\/types\/post"}],"author":[{"embeddable":true,"href":"https:\/\/dimensionturistica.com\/es\/wp-json\/wp\/v2\/users\/4"}],"replies":[{"embeddable":true,"href":"https:\/\/dimensionturistica.com\/es\/wp-json\/wp\/v2\/comments?post=461652"}],"version-history":[{"count":0,"href":"https:\/\/dimensionturistica.com\/es\/wp-json\/wp\/v2\/posts\/461652\/revisions"}],"wp:featuredmedia":[{"embeddable":true,"href":"https:\/\/dimensionturistica.com\/es\/wp-json\/wp\/v2\/media\/461653"}],"wp:attachment":[{"href":"https:\/\/dimensionturistica.com\/es\/wp-json\/wp\/v2\/media?parent=461652"}],"wp:term":[{"taxonomy":"category","embeddable":true,"href":"https:\/\/dimensionturistica.com\/es\/wp-json\/wp\/v2\/categories?post=461652"},{"taxonomy":"post_tag","embeddable":true,"href":"https:\/\/dimensionturistica.com\/es\/wp-json\/wp\/v2\/tags?post=461652"}],"curies":[{"name":"wp","href":"https:\/\/api.w.org\/{rel}","templated":true}]}}