{"id":461587,"date":"2023-01-08T19:00:43","date_gmt":"2023-01-08T19:00:43","guid":{"rendered":"https:\/\/dimensionturistica.com\/es\/?p=461587"},"modified":"2023-01-08T19:00:43","modified_gmt":"2023-01-08T19:00:43","slug":"espiaba-usa-chats-de-ovidio-guzman-son-pruebas-en-su-contra","status":"publish","type":"post","link":"https:\/\/dimensionturistica.com\/es\/espiaba-usa-chats-de-ovidio-guzman-son-pruebas-en-su-contra\/","title":{"rendered":"Espiaba USA chats de Ovidio Guzm\u00e1n, son pruebas en su contra"},"content":{"rendered":"<p> <br \/>\n<\/p>\n<div>\n<p>M\u00e9xico.-\u00a0<strong>Entre septiembre de 2013 y febrero de 2014<\/strong>, <strong>Estados Unidos espi\u00f3<\/strong> las comunicaciones privadas de <strong>Ovidio Guzm\u00e1n L\u00f3pez, &#8220;El Rat\u00f3n&#8221;<\/strong>, hijo de Joaqu\u00edn &#8220;El Chapo&#8221; Guzm\u00e1n. Durante la audiencia informativa de la extradici\u00f3n, realizada el viernes, se revel\u00f3 que en esa \u00e9poca &#8220;El Chapo&#8221; delegaba en diversos &#8220;secretarios&#8221; la contestaci\u00f3n de sus tel\u00e9fonos BlackBerry.<\/p>\n<p>La forma en que administraba sus comunicaciones consist\u00eda en<strong> emplear un dispositivo para cada divisi\u00f3n de su empresa felony:<\/strong> uno para escribirse con los pilotos transportistas de droga, otro para sus contactos en Sudam\u00e9rica y otros m\u00e1s para hablar con sus hijos, e incluso sus ex esposas.<\/p>\n<p>Peri\u00f3dicamente, tambi\u00e9n por seguridad, rotaba a sus &#8220;secretarios&#8221; que le cargaban los tel\u00e9fonos y tambi\u00e9n los aparatos.<\/p>\n<p>Toda esa mensajer\u00eda instant\u00e1nea<strong> fue interceptada legalmente por las agencias estadounidenses, <\/strong>guiadas por un testigo protegido allegado al capo.<\/p>\n<p>Las conversaciones interceptadas y el testimonio de este delato<strong>r son parte de las pruebas con las que se pretende juzgar a &#8220;El Rat\u00f3n&#8221; <\/strong>en la Corte Federal del Distrito de Columbia, por el cargo de asociaci\u00f3n delictuosa para distribuir coca\u00edna, metanfetamina y mariguana.<\/p>\n<p>Seg\u00fan la relator\u00eda que el viernes hizo la <a rel=\"nofollow noopener\" target=\"_blank\" href=\"https:\/\/www.debate.com.mx\/seccion\/politica\/\">FGR<\/a> ante el juez de management, en el expediente estadounidense consta que en estos chats los interlocutores<strong> se refer\u00edan a &#8220;El Chapo&#8221; como &#8220;ING&#8221;, &#8220;Inge&#8221; y &#8220;Nana&#8221;.<\/strong><\/p>\n<p>Ovidio usaba como identificador de contacto &#8220;El Rat\u00f3n&#8221; y &#8220;El Rat\u00f3n Nuevo&#8221;, sus alias m\u00e1s conocidos, mientras que su hermano Joaqu\u00edn usaba los de &#8220;G\u00fcero&#8221;, &#8220;Moreno&#8221; y &#8220;G\u00fcero Moreno&#8221; en distintas Blackberry. Griselda L\u00f3pez P\u00e9rez, madre de los j\u00f3venes, period el contacto de nombre &#8220;Roque&#8221;.<\/p>\n<h3>Los paquetes<\/h3>\n<p>Las agencias estadounidenses <strong>relacionan las conversaciones<\/strong> que supuestamente hizo Ovidio con entregas y <strong>aseguramientos de droga en Tucson, Arizona.<\/strong><\/p>\n<p>La primera de ellas information del 24 de septiembre de 2013, cuando el usuario &#8220;Rat\u00f3n&#8221; escribi\u00f3 a un secretario de &#8220;El Chapo&#8221; para preguntarle sobre una carga de &#8220;Nana&#8221; que deb\u00eda entregar.<\/p>\n<p>La respuesta al joven fue que, para que no se confundiera, la carga correcta period una coca\u00edna con una etiqueta que ten\u00eda como leyenda la palabra Whisky.<\/p>\n<p>El 27 del mismo mes, el usuario &#8220;Rat\u00f3n&#8221; escribi\u00f3 al secretario que &#8220;25 eran para el viaje&#8221;, lo que los estadounidenses relacionan con 25 paquetes con 30 kilos de coca\u00edna que fueron asegurados en la misma fecha en Tucson. Eran paquetes con la etiqueta mencionada.<\/p>\n<p>Dos d\u00edas despu\u00e9s, el secretario de &#8220;El Chapo&#8221; mensaje\u00f3 a &#8220;Rat\u00f3n&#8221; que &#8220;los g\u00fceros (los estadounidenses) y la Marina dirig\u00edan operativo contra usted y contra Iv\u00e1n (Archivaldo Guzm\u00e1n &#8220;El Chapito&#8221;, su medio hermano)&#8221;. Ovidio supuestamente respondi\u00f3 que \u00e9l y &#8220;G\u00fcero&#8221; (su hermano Joaqu\u00edn) ya estaban al tanto.<\/p>\n<p>Seg\u00fan el testigo colaborador del Departamento de Justicia, a partir de ese momento, Ovidio habr\u00eda dejado de usar este PIN y migr\u00f3 a otro aparato que tambi\u00e9n ser\u00eda interceptado por los estadounidenses. Primero se dio de alta con el nombre de usuario &#8220;Rat\u00f3n Nuevo&#8221; y luego volvi\u00f3 al tradicional &#8220;Rat\u00f3n&#8221;.<\/p>\n<p>Las autoridades de Estados Unidos tambi\u00e9n atribuyen otro golpe policiaco a los chats que supuestamente sostuvo Ovidio con uno de los ayudantes de su padre.<\/p>\n<p>Es el caso de una transcripci\u00f3n del 8 de octubre de 2013, en la que &#8220;Rat\u00f3n&#8221; aparentemente pidi\u00f3 al secretario el nombre de un receptor de droga en Tucson.<\/p>\n<p>Te recomendamos leer:\u00a0<\/p>\n<p>Poco despu\u00e9s, la DEA intervino el tel\u00e9fono de ese sujeto, dej\u00f3 que recibiera la carga y finalmente lo detuvo con 86.46 kilos de coca\u00edna envuelta en paquetes de papel celof\u00e1n, con las marcas &#8220;Whisky&#8221; y &#8220;Sky&#8221;.<\/p>\n<div class=\"ck-video-player\"> <amp-iframe width=\"640\" height=\"360\" sandbox=\"allow-scripts allow-same-origin allow-presentation\" allowfullscreen=\"\" frameborder=\"0\" layout=\"responsive\" src=\"https:\/\/iframe.debate.com.mx\/ajax\/get_share_video.html?id=\/videos\/video-flash\/2023\/01\/07\/getmyfb_com_1673150207357.mp4\" class=\"i-amphtml-layout-responsive i-amphtml-layout-size-defined\" i-amphtml-layout=\"responsive\"><i-amphtml-sizer style=\"display:block;padding-top:56.25%\"\/><\/amp-iframe><figcaption> \u00a1La conexi\u00f3n perfecta! Perrito y due\u00f1o encienden las redes al viajar en bicicleta (VIDEO) <\/figcaption><\/div>\n<\/div>\n\n<p><em> &#8221; Fuentes news.google.com &#8221; <\/em><\/p>\n","protected":false},"excerpt":{"rendered":"<p>M\u00e9xico.-\u00a0Entre septiembre de 2013 y febrero de 2014, Estados Unidos espi\u00f3 las comunicaciones privadas de Ovidio Guzm\u00e1n L\u00f3pez, &#8220;El Rat\u00f3n&#8221;, hijo de Joaqu\u00edn &#8220;El Chapo&#8221; Guzm\u00e1n. Durante la audiencia informativa de la extradici\u00f3n, realizada el viernes, se revel\u00f3 que en esa \u00e9poca &#8220;El Chapo&#8221; delegaba en diversos &#8220;secretarios&#8221; la contestaci\u00f3n de sus tel\u00e9fonos BlackBerry. La [&hellip;]<\/p>\n","protected":false},"author":4,"featured_media":461588,"comment_status":"open","ping_status":"closed","sticky":false,"template":"","format":"standard","meta":{"om_disable_all_campaigns":false,"jnews-multi-image_gallery":[],"jnews_single_post":[],"jnews_primary_category":[],"jnews_social_meta":[],"footnotes":""},"categories":[40],"tags":[1363,769],"class_list":["post-461587","post","type-post","status-publish","format-standard","has-post-thumbnail","hentry","category-industria","tag-estados-unidos","tag-mexico"],"_links":{"self":[{"href":"https:\/\/dimensionturistica.com\/es\/wp-json\/wp\/v2\/posts\/461587","targetHints":{"allow":["GET"]}}],"collection":[{"href":"https:\/\/dimensionturistica.com\/es\/wp-json\/wp\/v2\/posts"}],"about":[{"href":"https:\/\/dimensionturistica.com\/es\/wp-json\/wp\/v2\/types\/post"}],"author":[{"embeddable":true,"href":"https:\/\/dimensionturistica.com\/es\/wp-json\/wp\/v2\/users\/4"}],"replies":[{"embeddable":true,"href":"https:\/\/dimensionturistica.com\/es\/wp-json\/wp\/v2\/comments?post=461587"}],"version-history":[{"count":0,"href":"https:\/\/dimensionturistica.com\/es\/wp-json\/wp\/v2\/posts\/461587\/revisions"}],"wp:featuredmedia":[{"embeddable":true,"href":"https:\/\/dimensionturistica.com\/es\/wp-json\/wp\/v2\/media\/461588"}],"wp:attachment":[{"href":"https:\/\/dimensionturistica.com\/es\/wp-json\/wp\/v2\/media?parent=461587"}],"wp:term":[{"taxonomy":"category","embeddable":true,"href":"https:\/\/dimensionturistica.com\/es\/wp-json\/wp\/v2\/categories?post=461587"},{"taxonomy":"post_tag","embeddable":true,"href":"https:\/\/dimensionturistica.com\/es\/wp-json\/wp\/v2\/tags?post=461587"}],"curies":[{"name":"wp","href":"https:\/\/api.w.org\/{rel}","templated":true}]}}