{"id":461519,"date":"2023-01-08T16:28:51","date_gmt":"2023-01-08T16:28:51","guid":{"rendered":"https:\/\/dimensionturistica.com\/es\/?p=461519"},"modified":"2023-01-08T16:28:52","modified_gmt":"2023-01-08T16:28:52","slug":"tres-asesinatos-de-mujeres-este-domingo-en-cadiz-almeria-y-ciudad-real","status":"publish","type":"post","link":"https:\/\/dimensionturistica.com\/es\/tres-asesinatos-de-mujeres-este-domingo-en-cadiz-almeria-y-ciudad-real\/","title":{"rendered":"Tres asesinatos de mujeres este domingo en C\u00e1diz, Almer\u00eda y Ciudad Real"},"content":{"rendered":"<p> <br \/>\n<\/p>\n<div>\n<p class=\"p_1\">La Polic\u00eda Nacional ha detenido a un hombre de 40 a\u00f1os que presuntamente esta madrugada ha matado de un disparo a su pareja, una mujer de 46 a\u00f1os, en su domicilio de El Puerto de Santa Mar\u00eda (C\u00e1diz), y tambi\u00e9n ha sido arrestado un amigo del homicida que presenci\u00f3 los hechos.<\/p>\n<p class=\"p_2\">El cad\u00e1ver de la mujer, Eva Mar\u00eda Haza, con la que el presunto asesino manten\u00eda una relaci\u00f3n sentimental desde hac\u00eda m\u00e1s de un a\u00f1o, ha sido hallado sin vida sobre las 7.00 horas de este domingo en el inside de un piso de la urbanizaci\u00f3n Bah\u00eda Sherry, en el n\u00facleo de Valdelagrana, propiedad del hombre.<\/p>\n<p class=\"p_3\">Fue localizado horas despu\u00e9s de que su homicida fuera detenido, sobre las 4:00 horas, en la barriada del R\u00edo San Pedro, en Puerto Actual, con un rev\u00f3lver.<\/p>\n<p class=\"p_4\">Seg\u00fan ha explicado el comisario provincial de la Polic\u00eda Nacional Santos Bernal, el hombre estaba bajo los efectos de alcohol y de otras sustancias estupefacientes en lo que se investiga como una pelea durante un \u00abtrapicheo\u00bb de drogas.<\/p>\n<p class=\"p_5\">Los agentes creen que el homicida se confundi\u00f3 de domicilio y dispar\u00f3 contra otro que no ten\u00eda nada que ver con el que iba buscando.<\/p>\n<p class=\"p_6\">Al escuchar los gritos y disparos, los vecinos alertaron a la Polic\u00eda, que localiz\u00f3 y detuvo al hombre, que llevaba un arma a pesar de no tener licencia para ello.<\/p>\n<p class=\"p_7\">Al verse sorprendido por la Polic\u00eda, el hombre, de nombre Jos\u00e9 Carlos, se enfrent\u00f3 a los agentes y lleg\u00f3 a enca\u00f1onarles, aunque posteriormente pudo ser reducido.<\/p>\n<p class=\"p_8\">Una vez en comisar\u00eda cont\u00f3 a los agentes que hab\u00eda matado a su \u00abamor\u00bb.<\/p>\n<p class=\"p_9\">Fue entonces cuando, sobre las 7.00 horas, los agentes entraron en su piso, ubicado en la urbanizaci\u00f3n con muy pocos residentes, y hallaron a la mujer muerta con una herida de bala.<\/p>\n<p class=\"p_10\">El homicida tambi\u00e9n relat\u00f3 que en el piso estaba un amigo suyo que, tras presenciar el asesinato, se march\u00f3 del lugar sin alertar de lo ocurrido, y que tambi\u00e9n ha sido detenido.<\/p>\n<p class=\"p_11\">Seg\u00fan ha explicado el subdelegado del Gobierno en C\u00e1diz, Jos\u00e9 Pacheco, la fallecida, que hab\u00eda sido limpiadora del hospital Puerto del Mar de C\u00e1diz, ten\u00eda dos hijos de una pareja anterior y viv\u00eda y trabajaba en Chiclana de la Frontera.<\/p>\n<p class=\"p_12\">Cuando a los peque\u00f1os les tocaba estar con su padre, ella se iba a casa del hombre con el que desde hace m\u00e1s de un a\u00f1o manten\u00eda una relaci\u00f3n y que este domingo ha acabado con su vida.<\/p>\n<p class=\"p_13\">La mujer nunca hab\u00eda denunciado por malos tratos a su novio, aunque este, tambi\u00e9n con hijos de una pareja anterior, s\u00ed ten\u00eda antecedentes por violencia machista con otra expareja.<\/p>\n<p class=\"p_14\">Por estos antecedentes estuvo en la c\u00e1rcel y su nombre estaba en el sistema VioGen, aunque con la alerta inactiva porque el caso se hab\u00eda producido hace tiempo.<\/p>\n<p class=\"p_15\">El subdelegado del Gobierno en C\u00e1diz ha se\u00f1alado que este crimen machista, junto a otro homicidio ocurrido tambi\u00e9n esta madrugada en Ciudad Actual y a\u00fan pendiente de confirmaci\u00f3n como violencia machista, se producen despu\u00e9s un \u00abmes negro\u00bb como fue diciembre de 2022, lo que demuestra que \u00abhay que seguir mejorando\u00bb en la lucha contra este tipo de violencia.<\/p>\n<p class=\"p_16\">El alcalde de El Puerto de Santa Mar\u00eda, Germ\u00e1n Beardo, en nombre de toda la corporaci\u00f3n municipal, ha declarado luto oficial este domingo y ha trasladado sus condolencias a la familia y amigos de la v\u00edctima.<\/p>\n<p class=\"p_17\">Adem\u00e1s, ha convocado a los vecinos a una concentraci\u00f3n, con cinco minutos de silencio, este lunes, 9 de enero, a las 12:00 horas, ante el ayuntamiento en memoria de Eva Mar\u00eda Haza.<\/p>\n<p class=\"p_18\">Mientras, la Polic\u00eda contin\u00faa las diligencias antes de poner al homicida y a su amigo a disposici\u00f3n judicial.<\/p>\n<p class=\"p_19\"><b>En Almer\u00eda<\/b><\/p>\n<p class=\"p_20\">La Guardia Civil de Almer\u00eda ha detenido en Roquetas de Mar a un hombre tras haber confesado que ha estrangulado a una mujer despu\u00e9s de haber mantenido relaciones sexuales con ella, han informado a EFE fuentes pr\u00f3ximas a la investigaci\u00f3n este domingo.<\/p>\n<p class=\"p_21\">La fallecida, rumana de 44 a\u00f1os, y el detenido, senegal\u00e9s de 30, no eran pareja sentimental, han a\u00f1adido las mismas fuentes, que han precisado que el hombre ten\u00eda antecedentes en el Sistema de Seguimiento Integral en los casos de Violencia de G\u00e9nero (Viog\u00e9n) en relaci\u00f3n con otra mujer.<\/p>\n<p class=\"p_22\">Agentes de la Comandancia de Almer\u00eda han arrestado en el domicilio de la v\u00edctima al hombre, que ha confesado que la estrangul\u00f3 despu\u00e9s de mantener relaciones sexuales con ella.<\/p>\n<p class=\"p_23\">Fuentes de la Delegaci\u00f3n del Gobierno en Andaluc\u00eda han indicado a EFE que los hechos han tenido lugar de madrugada y han reiterado que la investigaci\u00f3n contin\u00faa abierta, as\u00ed como que por el momento la violencia de g\u00e9nero \u00abno es la principal hip\u00f3tesis\u00bb, algo que podr\u00eda cambiar en funci\u00f3n de las indagaciones.<\/p>\n<p class=\"p_24\">El subdelegado del Gobierno en Almer\u00eda, Jos\u00e9 Mar\u00eda Mart\u00edn, ha lamentado la muerte de \u00abuna manera presuntamente violenta\u00bb de la v\u00edctima, y ha transmitido su p\u00e9same a los familiares de la fallecida.<\/p>\n<p class=\"p_25\"><b>En Ciudad Actual<\/b><\/p>\n<p class=\"p_26\">El hombre detenido este domingo en Piedrabuena (Ciudad Actual) por matar presuntamente con arma blanca a su pareja, una joven de 24 a\u00f1os, ha negado ser el autor de los hechos y ha asegurado que la v\u00edctima se clav\u00f3 accidentalmente el cuchillo.<\/p>\n<p class=\"p_27\">Seg\u00fan estas fuentes, el hombre de 30 a\u00f1os y nacionalidad espa\u00f1ola al igual que la v\u00edctima, ha declarado que se trata de una muerte unintended, ocurrida cuando la mujer jugaba con un cuchillo en la vivienda donde ambos resid\u00edan, en la calle Juan de Austria de Piedrabuena.<\/p>\n<p class=\"p_28\">Los equipos de emergencia se desplazaron al lugar del suceso a las 03:32 horas de esta madrugada, pero no pudieron salvar la vida de la mujer, que presentaba herida de arma blanca en el t\u00f3rax.<\/p>\n<p class=\"p_29\">Los agentes de la Guardia Civil detuvieron all\u00ed mismo al marido de la v\u00edctima como presunto autor de un homicidio. Seg\u00fan fuentes familiares, fue \u00e9l quien avis\u00f3 a los servicios sanitarios y a la Guardia Civil.<\/p>\n<p class=\"p_30\">La pareja tiene una hija de 3 a\u00f1os que no se encontraba en la vivienda acquainted en el momento de los hechos, ya que pasaba la noche en casa de sus abuelos, han indicado a EFE fuentes de la investigaci\u00f3n.<\/p>\n<p class=\"p_31\">El hombre sigue detenido en las dependencias de la Guardia Civil de Piedrabuena. A\u00fan no se ha confirmado si se trata de un caso de violencia machista, seg\u00fan fuentes de la Delegaci\u00f3n del Gobierno en Castilla-La Mancha, que han informado de que ha sido decretado secreto de sumario.<\/p>\n<p class=\"p_32\">Aunque seg\u00fan las primeras investigaciones no exist\u00edan denuncias previas, la Delegaci\u00f3n del Gobierno contra la Violencia de G\u00e9nero investiga este caso como crimen machista, junto con el ocurrido tambi\u00e9n este domingo en el Puerto de Santa Mar\u00eda (C\u00e1diz).<\/p>\n<\/p><\/div>\n\n<p><em> &#8221; Fuentes news.google.com &#8221; <\/em><\/p>\n","protected":false},"excerpt":{"rendered":"<p>La Polic\u00eda Nacional ha detenido a un hombre de 40 a\u00f1os que presuntamente esta madrugada ha matado de un disparo a su pareja, una mujer de 46 a\u00f1os, en su domicilio de El Puerto de Santa Mar\u00eda (C\u00e1diz), y tambi\u00e9n ha sido arrestado un amigo del homicida que presenci\u00f3 los hechos. El cad\u00e1ver de la [&hellip;]<\/p>\n","protected":false},"author":4,"featured_media":461520,"comment_status":"open","ping_status":"closed","sticky":false,"template":"","format":"standard","meta":{"om_disable_all_campaigns":false,"jnews-multi-image_gallery":[],"jnews_single_post":[],"jnews_primary_category":[],"jnews_social_meta":[],"footnotes":""},"categories":[40],"tags":[5734],"class_list":["post-461519","post","type-post","status-publish","format-standard","has-post-thumbnail","hentry","category-industria","tag-cadiz"],"_links":{"self":[{"href":"https:\/\/dimensionturistica.com\/es\/wp-json\/wp\/v2\/posts\/461519","targetHints":{"allow":["GET"]}}],"collection":[{"href":"https:\/\/dimensionturistica.com\/es\/wp-json\/wp\/v2\/posts"}],"about":[{"href":"https:\/\/dimensionturistica.com\/es\/wp-json\/wp\/v2\/types\/post"}],"author":[{"embeddable":true,"href":"https:\/\/dimensionturistica.com\/es\/wp-json\/wp\/v2\/users\/4"}],"replies":[{"embeddable":true,"href":"https:\/\/dimensionturistica.com\/es\/wp-json\/wp\/v2\/comments?post=461519"}],"version-history":[{"count":0,"href":"https:\/\/dimensionturistica.com\/es\/wp-json\/wp\/v2\/posts\/461519\/revisions"}],"wp:featuredmedia":[{"embeddable":true,"href":"https:\/\/dimensionturistica.com\/es\/wp-json\/wp\/v2\/media\/461520"}],"wp:attachment":[{"href":"https:\/\/dimensionturistica.com\/es\/wp-json\/wp\/v2\/media?parent=461519"}],"wp:term":[{"taxonomy":"category","embeddable":true,"href":"https:\/\/dimensionturistica.com\/es\/wp-json\/wp\/v2\/categories?post=461519"},{"taxonomy":"post_tag","embeddable":true,"href":"https:\/\/dimensionturistica.com\/es\/wp-json\/wp\/v2\/tags?post=461519"}],"curies":[{"name":"wp","href":"https:\/\/api.w.org\/{rel}","templated":true}]}}