{"id":460476,"date":"2023-01-06T18:28:42","date_gmt":"2023-01-06T18:28:42","guid":{"rendered":"https:\/\/dimensionturistica.com\/es\/?p=460476"},"modified":"2023-01-06T18:28:42","modified_gmt":"2023-01-06T18:28:42","slug":"arranca-tecnotabla-los-motores-para-participar-en-mem-undustrial-con-su-nueva-edicion-del-makers-for-good-m-ake-a-ton-2023","status":"publish","type":"post","link":"https:\/\/dimensionturistica.com\/es\/arranca-tecnotabla-los-motores-para-participar-en-mem-undustrial-con-su-nueva-edicion-del-makers-for-good-m-ake-a-ton-2023\/","title":{"rendered":"Arranca Tecnotabla los motores para participar en Mem Undustrial con su nueva edici\u00f3n del makers For Good M ake-A-Ton 2023"},"content":{"rendered":"<p><img decoding=\"async\" class=\" wp-image-460497 alignright\" src=\"https:\/\/dimensionturistica.com\/es\/wp-content\/uploads\/2023\/01\/1612739594707-300x300.jpeg\" alt=\"\" width=\"231\" height=\"231\" srcset=\"https:\/\/dimensionturistica.com\/es\/wp-content\/uploads\/2023\/01\/1612739594707-300x300.jpeg 300w, https:\/\/dimensionturistica.com\/es\/wp-content\/uploads\/2023\/01\/1612739594707-150x150.jpeg 150w, https:\/\/dimensionturistica.com\/es\/wp-content\/uploads\/2023\/01\/1612739594707-768x768.jpeg 768w, https:\/\/dimensionturistica.com\/es\/wp-content\/uploads\/2023\/01\/1612739594707-75x75.jpeg 75w, https:\/\/dimensionturistica.com\/es\/wp-content\/uploads\/2023\/01\/1612739594707-350x350.jpeg 350w, https:\/\/dimensionturistica.com\/es\/wp-content\/uploads\/2023\/01\/1612739594707-750x750.jpeg 750w, https:\/\/dimensionturistica.com\/es\/wp-content\/uploads\/2023\/01\/1612739594707.jpeg 800w\" sizes=\"(max-width: 231px) 100vw, 231px\" \/>Tecnotabla, la empresa mexicana fabricante de tableros especializados de buena madera con materia prima 100 % sustentable, anuncia su participaci\u00f3n como patrocinador oficial de MEM Industrial 2023, que se llevar\u00e1 a cabo del 7 al 9 de marzo del presente a\u00f1o, en el Centro Citibanamex de la CDMX. En donde ser\u00e1 la marca encargada de proporcionar los materiales para desarrollar los proyectos de mobiliario de los participantes del programa Makers for Good Make-a-ton MEM Industrial 2023.<br \/>\nMakers for Good Make-a-ton MEM Industrial 2023 es una convocatoria dirigida a dise\u00f1adores, ingenieros y creativos de <img decoding=\"async\" class=\" wp-image-460499 alignright\" src=\"https:\/\/dimensionturistica.com\/es\/wp-content\/uploads\/2023\/01\/descarga-300x300.webp\" alt=\"\" width=\"229\" height=\"229\" srcset=\"https:\/\/dimensionturistica.com\/es\/wp-content\/uploads\/2023\/01\/descarga-300x300.webp 300w, https:\/\/dimensionturistica.com\/es\/wp-content\/uploads\/2023\/01\/descarga-1024x1024.webp 1024w, https:\/\/dimensionturistica.com\/es\/wp-content\/uploads\/2023\/01\/descarga-150x150.webp 150w, https:\/\/dimensionturistica.com\/es\/wp-content\/uploads\/2023\/01\/descarga-768x768.webp 768w, https:\/\/dimensionturistica.com\/es\/wp-content\/uploads\/2023\/01\/descarga-1536x1536.webp 1536w, https:\/\/dimensionturistica.com\/es\/wp-content\/uploads\/2023\/01\/descarga-75x75.webp 75w, https:\/\/dimensionturistica.com\/es\/wp-content\/uploads\/2023\/01\/descarga-350x350.webp 350w, https:\/\/dimensionturistica.com\/es\/wp-content\/uploads\/2023\/01\/descarga-750x750.webp 750w, https:\/\/dimensionturistica.com\/es\/wp-content\/uploads\/2023\/01\/descarga-1140x1140.webp 1140w, https:\/\/dimensionturistica.com\/es\/wp-content\/uploads\/2023\/01\/descarga.webp 1800w\" sizes=\"(max-width: 229px) 100vw, 229px\" \/>diferentes disciplinas que para generar propuestas de mobiliario usando modelado 3D y fabricaci\u00f3n digital, con el objetivo de presentar soluciones innovadoras.<br \/>\nDurante una conferencia de prensa, Azul Ogaz\u00f3n, directora de MEM Industrial, la feria l\u00edder para la industria de la transformaci\u00f3n de la madera y el mueble en M\u00e9xico; \u00d3scar Vel\u00e1zquez, director general de Fablab Impact; y Adriana Guti\u00e9rrez, directora de mercadotecnia de Tecnotabla, dieron a conocer el programa de actividades de MEM Industrial 2023, as\u00ed como del Makers for Good Make-a-ton MEM Industrial 2023.<br \/>\nDurante la conferencia de prensa, Azul Ogaz\u00f3n enfatiz\u00f3 que \u201cen la edici\u00f3n de MEM 2023 nos enfocaremos <img decoding=\"async\" class=\"size-medium wp-image-460500 alignright\" src=\"https:\/\/dimensionturistica.com\/es\/wp-content\/uploads\/2023\/01\/MEM2023_Promocion_ESP-scaled-1-300x172.jpg\" alt=\"\" width=\"300\" height=\"172\" srcset=\"https:\/\/dimensionturistica.com\/es\/wp-content\/uploads\/2023\/01\/MEM2023_Promocion_ESP-scaled-1-300x172.jpg 300w, https:\/\/dimensionturistica.com\/es\/wp-content\/uploads\/2023\/01\/MEM2023_Promocion_ESP-scaled-1-1024x588.jpg 1024w, https:\/\/dimensionturistica.com\/es\/wp-content\/uploads\/2023\/01\/MEM2023_Promocion_ESP-scaled-1-768x441.jpg 768w, https:\/\/dimensionturistica.com\/es\/wp-content\/uploads\/2023\/01\/MEM2023_Promocion_ESP-scaled-1-1536x882.jpg 1536w, https:\/\/dimensionturistica.com\/es\/wp-content\/uploads\/2023\/01\/MEM2023_Promocion_ESP-scaled-1-2048x1176.jpg 2048w, https:\/\/dimensionturistica.com\/es\/wp-content\/uploads\/2023\/01\/MEM2023_Promocion_ESP-scaled-1-750x431.jpg 750w, https:\/\/dimensionturistica.com\/es\/wp-content\/uploads\/2023\/01\/MEM2023_Promocion_ESP-scaled-1-1140x655.jpg 1140w\" sizes=\"(max-width: 300px) 100vw, 300px\" \/>en facilitar la adaptaci\u00f3n tecnol\u00f3gica, los est\u00e1ndares sustentables, el aprovechamiento de la creatividad de la industria y la incorporaci\u00f3n de las nuevas generaciones de arquitectos y dise\u00f1adores, as\u00ed como especialistas de otras industrias, con el objetivo de crear un c\u00edrculo virtuoso, donde la combinaci\u00f3n de nuevos talentos y tecnolog\u00eda nos permita transitar hacia una industria de la transformaci\u00f3n de la madera y el mueble que sea referente a nivel mundial, al tiempo de asegurar nuestros bosques del futuro\u201d.<br \/>\nEn su participaci\u00f3n, Oscar Vel\u00e1zquez se\u00f1al\u00f3 que \u201cla edici\u00f3n 2023 del Makers for Good Make-a-ton MEM Industrial 2023 continuar\u00e1 sus esfuerzos para capacitar y empoderar a emprendedores, artistas, dise\u00f1adores, ingenieros y creativos de diferentes disciplinas que buscan desarrollar nuevos productos para la industria del mueble, y con ello orientar a esta industria hacia un futuro circular, de innovaci\u00f3n y creatividad\u201d.<br \/>\nFinalmente, Adriana Guti\u00e9rrez mencion\u00f3 que \u201cen la MEM Industrial hemos encontrado la mejor plataforma<img decoding=\"async\" class=\"size-medium wp-image-460507 alignright\" src=\"https:\/\/dimensionturistica.com\/es\/wp-content\/uploads\/2023\/01\/TT-escena-1-teka-gris-meteoro-HI-4-1132x509-1-300x135.jpg\" alt=\"\" width=\"300\" height=\"135\" srcset=\"https:\/\/dimensionturistica.com\/es\/wp-content\/uploads\/2023\/01\/TT-escena-1-teka-gris-meteoro-HI-4-1132x509-1-300x135.jpg 300w, https:\/\/dimensionturistica.com\/es\/wp-content\/uploads\/2023\/01\/TT-escena-1-teka-gris-meteoro-HI-4-1132x509-1-1024x460.jpg 1024w, https:\/\/dimensionturistica.com\/es\/wp-content\/uploads\/2023\/01\/TT-escena-1-teka-gris-meteoro-HI-4-1132x509-1-768x345.jpg 768w, https:\/\/dimensionturistica.com\/es\/wp-content\/uploads\/2023\/01\/TT-escena-1-teka-gris-meteoro-HI-4-1132x509-1-750x337.jpg 750w, https:\/\/dimensionturistica.com\/es\/wp-content\/uploads\/2023\/01\/TT-escena-1-teka-gris-meteoro-HI-4-1132x509-1.jpg 1132w\" sizes=\"(max-width: 300px) 100vw, 300px\" \/> para la exhibici\u00f3n de nuestros tableros de mdf y melamina, provenientes de nuestras plantaciones certificadas y sustentables, el impulso a los est\u00e1ndares y certificados de calidad que exige la industria nacional e internacional, as\u00ed como un semillero de talentos j\u00f3venes a trav\u00e9s del Make-a-ton Makers for Good que est\u00e1n impulsando la generaci\u00f3n de nuevas ideas y muebles, as\u00ed como el uso de diversas herramientas digitales que har\u00e1n m\u00e1s competitiva a toda la industria\u201d.<br \/>\nLa edici\u00f3n de MEM Industrial 2023, a celebrarse del 7 al 9 de marzo de 2023 en el Centro Citibanamex de la<img decoding=\"async\" class=\"size-medium wp-image-460498 alignright\" src=\"https:\/\/dimensionturistica.com\/es\/wp-content\/uploads\/2023\/01\/citibanamex-1200x675-1-300x169.jpg\" alt=\"\" width=\"300\" height=\"169\" srcset=\"https:\/\/dimensionturistica.com\/es\/wp-content\/uploads\/2023\/01\/citibanamex-1200x675-1-300x169.jpg 300w, https:\/\/dimensionturistica.com\/es\/wp-content\/uploads\/2023\/01\/citibanamex-1200x675-1-1024x576.jpg 1024w, https:\/\/dimensionturistica.com\/es\/wp-content\/uploads\/2023\/01\/citibanamex-1200x675-1-768x432.jpg 768w, https:\/\/dimensionturistica.com\/es\/wp-content\/uploads\/2023\/01\/citibanamex-1200x675-1-750x422.jpg 750w, https:\/\/dimensionturistica.com\/es\/wp-content\/uploads\/2023\/01\/citibanamex-1200x675-1-1140x641.jpg 1140w, https:\/\/dimensionturistica.com\/es\/wp-content\/uploads\/2023\/01\/citibanamex-1200x675-1.jpg 1200w\" sizes=\"(max-width: 300px) 100vw, 300px\" \/> CDMX, tendr\u00e1 un piso expositor de 8,880 m2 con m\u00e1s de 200 marcas l\u00edderes de toda la cadena de valor de la industria de la transformaci\u00f3n de la madera y el mueble, la asistencia de 4,000 visitantes, y un programa de conferencias enfocado en la Innovaci\u00f3n, Sustentabilidad y Econom\u00eda Circular. El registro para la feria ya est\u00e1 activo en: www.memindustrial.mx.<br \/>\nPor su parte, la cuarta edici\u00f3n del Makers for Good Make-a-ton MEM Industrial 2023 cerr\u00f3 el registro de los proyectos que buscan concursar en el marat\u00f3n creativo el 20 de diciembre de 2023. La publicaci\u00f3n de los 30 proyectos participantes se realizar\u00e1 el 10 de enero de 2023, mientras que los 12 proyectos finalistas exhibir\u00e1n sus creaciones del 7 al 9 de marzo durante MEM Industrial 2023.<\/p>\n<p>&nbsp;<\/p>\n","protected":false},"excerpt":{"rendered":"<p>Tecnotabla, la empresa mexicana fabricante de tableros especializados de buena madera con materia prima 100 % sustentable, anuncia su participaci\u00f3n como patrocinador oficial de MEM Industrial 2023, que se llevar\u00e1 a cabo del 7 al 9 de marzo del presente a\u00f1o, en el Centro Citibanamex de la CDMX. En donde ser\u00e1 la marca encargada de [&hellip;]<\/p>\n","protected":false},"author":1,"featured_media":460508,"comment_status":"open","ping_status":"closed","sticky":false,"template":"","format":"standard","meta":{"om_disable_all_campaigns":false,"jnews-multi-image_gallery":[],"jnews_single_post":{"source_name":"","source_url":"","via_name":"","via_url":"","override_template":"0","override":[{"template":"1","single_blog_custom":"","parallax":"1","fullscreen":"1","layout":"right-sidebar","sidebar":"default-sidebar","second_sidebar":"default-sidebar","sticky_sidebar":"1","share_position":"top","share_float_style":"share-monocrhome","show_share_counter":"1","show_view_counter":"1","show_featured":"1","show_post_meta":"1","show_post_author":"1","show_post_author_image":"1","show_post_date":"1","post_date_format":"default","post_date_format_custom":"Y\/m\/d","show_post_category":"1","show_post_reading_time":"0","post_reading_time_wpm":"300","show_zoom_button":"0","zoom_button_out_step":"2","zoom_button_in_step":"3","show_post_tag":"1","show_prev_next_post":"1","show_popup_post":"1","number_popup_post":"1","show_author_box":"0","show_post_related":"0","show_inline_post_related":"0"}],"override_image_size":"0","image_override":[{"single_post_thumbnail_size":"crop-500","single_post_gallery_size":"crop-500"}],"trending_post":"0","trending_post_position":"meta","trending_post_label":"Trending","sponsored_post":"0","sponsored_post_label":"Sponsored by","sponsored_post_name":"","sponsored_post_url":"","sponsored_post_logo_enable":"0","sponsored_post_logo":"","sponsored_post_desc":"","disable_ad":"0"},"jnews_primary_category":{"id":"","hide":""},"jnews_social_meta":{"fb_title":"","fb_description":"","fb_image":"","twitter_title":"","twitter_description":"","twitter_image":""},"footnotes":""},"categories":[40],"tags":[],"class_list":["post-460476","post","type-post","status-publish","format-standard","has-post-thumbnail","hentry","category-industria"],"_links":{"self":[{"href":"https:\/\/dimensionturistica.com\/es\/wp-json\/wp\/v2\/posts\/460476","targetHints":{"allow":["GET"]}}],"collection":[{"href":"https:\/\/dimensionturistica.com\/es\/wp-json\/wp\/v2\/posts"}],"about":[{"href":"https:\/\/dimensionturistica.com\/es\/wp-json\/wp\/v2\/types\/post"}],"author":[{"embeddable":true,"href":"https:\/\/dimensionturistica.com\/es\/wp-json\/wp\/v2\/users\/1"}],"replies":[{"embeddable":true,"href":"https:\/\/dimensionturistica.com\/es\/wp-json\/wp\/v2\/comments?post=460476"}],"version-history":[{"count":0,"href":"https:\/\/dimensionturistica.com\/es\/wp-json\/wp\/v2\/posts\/460476\/revisions"}],"wp:featuredmedia":[{"embeddable":true,"href":"https:\/\/dimensionturistica.com\/es\/wp-json\/wp\/v2\/media\/460508"}],"wp:attachment":[{"href":"https:\/\/dimensionturistica.com\/es\/wp-json\/wp\/v2\/media?parent=460476"}],"wp:term":[{"taxonomy":"category","embeddable":true,"href":"https:\/\/dimensionturistica.com\/es\/wp-json\/wp\/v2\/categories?post=460476"},{"taxonomy":"post_tag","embeddable":true,"href":"https:\/\/dimensionturistica.com\/es\/wp-json\/wp\/v2\/tags?post=460476"}],"curies":[{"name":"wp","href":"https:\/\/api.w.org\/{rel}","templated":true}]}}