{"id":460400,"date":"2023-01-06T16:47:39","date_gmt":"2023-01-06T16:47:39","guid":{"rendered":"https:\/\/dimensionturistica.com\/es\/?p=460400"},"modified":"2024-02-27T21:30:06","modified_gmt":"2024-02-27T21:30:06","slug":"cancun-sera-sede-de-luchatitlan-una-nueva-forma-de-experimentar-la-lucha-libre-nacional","status":"publish","type":"post","link":"https:\/\/dimensionturistica.com\/es\/cancun-sera-sede-de-luchatitlan-una-nueva-forma-de-experimentar-la-lucha-libre-nacional\/","title":{"rendered":"Canc\u00fan ser\u00e1 sede de Luchatitl\u00e1n: Una nueva forma de experimentar la lucha libre nacional"},"content":{"rendered":"<p><img decoding=\"async\" class=\"size-medium wp-image-460401 alignright\" src=\"https:\/\/dimensionturistica.com\/es\/wp-content\/uploads\/2023\/01\/1-1-300x225.jpeg\" alt=\"\" width=\"300\" height=\"225\" srcset=\"https:\/\/dimensionturistica.com\/es\/wp-content\/uploads\/2023\/01\/1-1-300x225.jpeg 300w, https:\/\/dimensionturistica.com\/es\/wp-content\/uploads\/2023\/01\/1-1-1024x768.jpeg 1024w, https:\/\/dimensionturistica.com\/es\/wp-content\/uploads\/2023\/01\/1-1-768x576.jpeg 768w, https:\/\/dimensionturistica.com\/es\/wp-content\/uploads\/2023\/01\/1-1-750x563.jpeg 750w, https:\/\/dimensionturistica.com\/es\/wp-content\/uploads\/2023\/01\/1-1-1140x855.jpeg 1140w, https:\/\/dimensionturistica.com\/es\/wp-content\/uploads\/2023\/01\/1-1.jpeg 1280w\" sizes=\"(max-width: 300px) 100vw, 300px\" \/> La lucha libre se posiciona en el top 5 dentro de las preferencias deportivas entre los mexicanos a nivel nacional, al igual que el f\u00fatbol soccer, futbol americano, baloncesto y el box, de acuerdo con sondeos de casas encuestadoras. Incluso, desde 2018, por decreto, la lucha libre est\u00e1 considerada como patrimonio cultural intangible de la Ciudad de M\u00e9xico.<br \/>\nLeyendas, personajes y frases han trascendido generaciones desde 1863, en el tambi\u00e9n llamado pancracio mexicano, un t\u00e9rmino que tambi\u00e9n se usa para designar esta pr\u00e1ctica deportiva. A lo largo de los a\u00f1os, se ha reinventado para mantenerse en la preferencia del p\u00fablico como un entretenimiento familiar y con conceptos que recrean lo que se vive dentro del cuadril\u00e1tero.<br \/>\nUno de ellos es \u201cLuchatitl\u00e1n: The official house of Lucha Libre\u201d, una experiencia que abrir\u00e1 sus puertas en la primavera de 2023, en el centro comercial La Isla Canc\u00fan, perteneciente al portafolio del Fideicomiso en bienes ra\u00edces m\u00e1s grande de M\u00e9xico, \u201cFUNO\u201d, dirigido por Andr\u00e9 El-Mann.<br \/>\nDe esta manera, Luchatitl\u00e1n se concibe como un espacio que buscar\u00e1 enaltecer la riqueza cultural de la lucha libre tradicional, haciendo uso del modelo que utilizan los parques de atracciones y espect\u00e1culos m\u00e1s relevantes a nivel mundial, aunado a una experiencia gastron\u00f3mica mexicana. El eje central del proyecto est\u00e1 basado en crear un destino a semejanza de \u201cpueblo m\u00e1gico\u201d, en donde la esencia luch\u00edstica se experimente en cada rinc\u00f3n y que, de esta manera, los visitantes puedan redescubrir su afici\u00f3n y definirse por el bando de \u201clos rudos o los t\u00e9cnicos\u201d.<img decoding=\"async\" class=\"size-medium wp-image-460403 alignright\" src=\"https:\/\/dimensionturistica.com\/es\/wp-content\/uploads\/2023\/01\/1-3-300x170.jpeg\" alt=\"\" width=\"300\" height=\"170\" srcset=\"https:\/\/dimensionturistica.com\/es\/wp-content\/uploads\/2023\/01\/1-3-300x170.jpeg 300w, https:\/\/dimensionturistica.com\/es\/wp-content\/uploads\/2023\/01\/1-3-1024x581.jpeg 1024w, https:\/\/dimensionturistica.com\/es\/wp-content\/uploads\/2023\/01\/1-3-768x436.jpeg 768w, https:\/\/dimensionturistica.com\/es\/wp-content\/uploads\/2023\/01\/1-3-750x425.jpeg 750w, https:\/\/dimensionturistica.com\/es\/wp-content\/uploads\/2023\/01\/1-3-1140x647.jpeg 1140w, https:\/\/dimensionturistica.com\/es\/wp-content\/uploads\/2023\/01\/1-3.jpeg 1280w\" sizes=\"(max-width: 300px) 100vw, 300px\" \/><br \/>\nLa atracci\u00f3n que estar\u00e1 dentro de la plaza comercial citada podr\u00e1 ser visitada por turistas locales e internacionales, ya que el complejo conformado por m\u00e1s de 300 establecimientos recibe una afluencia anual de m\u00e1s de 9 millones de personas.<br \/>\n\u201cEl principal objetivo de este proyecto fue buscar innovaci\u00f3n y generar un hito dentro del entretenimiento, el cual, estamos seguros ser\u00e1 un atractivo sin precedentes para todos nuestros visitantes locales y nacionales, as\u00ed como para los turistas internacionales, a los cuales, podremos transmitir la gran cultura que nuestro pa\u00eds tiene por ofrecer (\u2026) En Fibra UNO reafirmamos nuestro compromiso por seguir creciendo con Quintana Roo y con M\u00e9xico\u201d, indic\u00f3 Dan El-Mann Jafif \u2013 representante del centro comercial La Isla Canc\u00fan.<br \/>\nEn particular, Luchatitl\u00e1n har\u00e1 uso de casi 3 mil metros cuadrados, en los cuales integrar\u00e1 una tienda, un<img decoding=\"async\" class=\"size-medium wp-image-460402 alignright\" src=\"https:\/\/dimensionturistica.com\/es\/wp-content\/uploads\/2023\/01\/1-2-300x225.jpeg\" alt=\"\" width=\"300\" height=\"225\" srcset=\"https:\/\/dimensionturistica.com\/es\/wp-content\/uploads\/2023\/01\/1-2-300x225.jpeg 300w, https:\/\/dimensionturistica.com\/es\/wp-content\/uploads\/2023\/01\/1-2-1024x768.jpeg 1024w, https:\/\/dimensionturistica.com\/es\/wp-content\/uploads\/2023\/01\/1-2-768x576.jpeg 768w, https:\/\/dimensionturistica.com\/es\/wp-content\/uploads\/2023\/01\/1-2-750x563.jpeg 750w, https:\/\/dimensionturistica.com\/es\/wp-content\/uploads\/2023\/01\/1-2-1140x855.jpeg 1140w, https:\/\/dimensionturistica.com\/es\/wp-content\/uploads\/2023\/01\/1-2.jpeg 1280w\" sizes=\"(max-width: 300px) 100vw, 300px\" \/> restaurante con capacidad para 220 comensales, una cantina t\u00edpicamente mexicana y una arena equipada para brindar comodidad a 580 espectadores por funci\u00f3n.<br \/>\nAunado a ello, las nuevas instalaciones impactar\u00e1n de manera positiva en la creaci\u00f3n de empleos locales, as\u00ed como, en la afluencia tur\u00edstica y derrama econ\u00f3mica de Canc\u00fan, destino que de acuerdo con estimaciones de la Secretar\u00eda de Turismo (Sectur), cerrar\u00e1 como la principal entrada para el turismo internacional.<br \/>\nLuchatitl\u00e1n surgi\u00f3 de la integraci\u00f3n y colaboraci\u00f3n entre las empresas: Lucha Libre AAA Worldwide, Cocolab, Ventura Entertainment y Fibra UNO, a la par de la supervisi\u00f3n de la Secretar\u00eda de Turismo y el Gobierno Estatal de Quintana Roo.<\/p>\n","protected":false},"excerpt":{"rendered":"<p>La lucha libre se posiciona en el top 5 dentro de las preferencias deportivas entre los mexicanos a nivel nacional, al igual que el f\u00fatbol soccer, futbol americano, baloncesto y el box, de acuerdo con sondeos de casas encuestadoras. Incluso, desde 2018, por decreto, la lucha libre est\u00e1 considerada como patrimonio cultural intangible de la [&hellip;]<\/p>\n","protected":false},"author":1,"featured_media":460405,"comment_status":"open","ping_status":"closed","sticky":false,"template":"","format":"standard","meta":{"om_disable_all_campaigns":false,"jnews-multi-image_gallery":[],"jnews_single_post":{"source_name":"","source_url":"","via_name":"","via_url":"","override_template":"0","override":[{"template":"1","single_blog_custom":"","parallax":"1","fullscreen":"1","layout":"right-sidebar","sidebar":"default-sidebar","second_sidebar":"default-sidebar","sticky_sidebar":"1","share_position":"top","share_float_style":"share-monocrhome","show_share_counter":"1","show_view_counter":"1","show_featured":"1","show_post_meta":"1","show_post_author":"1","show_post_author_image":"1","show_post_date":"1","post_date_format":"default","post_date_format_custom":"Y\/m\/d","show_post_category":"1","show_post_reading_time":"0","post_reading_time_wpm":"300","show_zoom_button":"0","zoom_button_out_step":"2","zoom_button_in_step":"3","show_post_tag":"1","show_prev_next_post":"1","show_popup_post":"1","number_popup_post":"1","show_author_box":"0","show_post_related":"0","show_inline_post_related":"0"}],"override_image_size":"0","image_override":[{"single_post_thumbnail_size":"crop-500","single_post_gallery_size":"crop-500"}],"trending_post":"0","trending_post_position":"meta","trending_post_label":"Trending","sponsored_post":"0","sponsored_post_label":"Sponsored by","sponsored_post_name":"","sponsored_post_url":"","sponsored_post_logo_enable":"0","sponsored_post_logo":"","sponsored_post_desc":"","disable_ad":"0"},"jnews_primary_category":{"id":"","hide":""},"jnews_social_meta":{"fb_title":"","fb_description":"","fb_image":"","twitter_title":"","twitter_description":"","twitter_image":""},"footnotes":""},"categories":[39],"tags":[],"class_list":["post-460400","post","type-post","status-publish","format-standard","has-post-thumbnail","hentry","category-viajes"],"_links":{"self":[{"href":"https:\/\/dimensionturistica.com\/es\/wp-json\/wp\/v2\/posts\/460400","targetHints":{"allow":["GET"]}}],"collection":[{"href":"https:\/\/dimensionturistica.com\/es\/wp-json\/wp\/v2\/posts"}],"about":[{"href":"https:\/\/dimensionturistica.com\/es\/wp-json\/wp\/v2\/types\/post"}],"author":[{"embeddable":true,"href":"https:\/\/dimensionturistica.com\/es\/wp-json\/wp\/v2\/users\/1"}],"replies":[{"embeddable":true,"href":"https:\/\/dimensionturistica.com\/es\/wp-json\/wp\/v2\/comments?post=460400"}],"version-history":[{"count":0,"href":"https:\/\/dimensionturistica.com\/es\/wp-json\/wp\/v2\/posts\/460400\/revisions"}],"wp:featuredmedia":[{"embeddable":true,"href":"https:\/\/dimensionturistica.com\/es\/wp-json\/wp\/v2\/media\/460405"}],"wp:attachment":[{"href":"https:\/\/dimensionturistica.com\/es\/wp-json\/wp\/v2\/media?parent=460400"}],"wp:term":[{"taxonomy":"category","embeddable":true,"href":"https:\/\/dimensionturistica.com\/es\/wp-json\/wp\/v2\/categories?post=460400"},{"taxonomy":"post_tag","embeddable":true,"href":"https:\/\/dimensionturistica.com\/es\/wp-json\/wp\/v2\/tags?post=460400"}],"curies":[{"name":"wp","href":"https:\/\/api.w.org\/{rel}","templated":true}]}}