{"id":460374,"date":"2023-01-06T15:51:19","date_gmt":"2023-01-06T15:51:19","guid":{"rendered":"https:\/\/dimensionturistica.com\/es\/?p=460374"},"modified":"2023-01-06T15:51:19","modified_gmt":"2023-01-06T15:51:19","slug":"asociacion-de-viajes-acusa-a-artesanos-de-prostituir-la-actividad-turistica-en-chichen-itza","status":"publish","type":"post","link":"https:\/\/dimensionturistica.com\/es\/asociacion-de-viajes-acusa-a-artesanos-de-prostituir-la-actividad-turistica-en-chichen-itza\/","title":{"rendered":"Asociaci\u00f3n de Viajes acusa a artesanos de &#8216;prostituir&#8217; la actividad tur\u00edstica en Chich\u00e9n Itz\u00e1"},"content":{"rendered":"<p> <br \/>\n<\/p>\n<div id=\"cuerpo-nota\">\n<p style=\"text-align: justify;\">Las comunidades de <strong>San Felipe<\/strong>, <strong>Xcalacoop<\/strong> y <strong>Pist\u00e9 <\/strong>contin\u00faan con su movimiento para destituir al director del <strong>Instituto Nacional de Antropolog\u00eda e Historia <\/strong>(INAH) en<strong> Chich\u00e9n Itz\u00e1<\/strong>, lo que ha ocasionado que la zona arqueol\u00f3gica cumpla cuatro d\u00edas cerrada, acci\u00f3n que contin\u00faa siendo un problema para las operaciones de las agencias de viaje.<\/p>\n<p style=\"text-align: justify;\">En consecuencia, la <strong>Asociaci\u00f3n Mexicana de Agencias de Viajes<\/strong> (AMAV) nacional va contra los artesanos de Chich\u00e9n Itz\u00e1, por las p\u00e9rdidas y afectaciones que est\u00e1n generando los bloqueos de las v\u00edas de comunicaci\u00f3n.<\/p>\n<aside class=\"htmlinline\"\/>\n<aside class=\"relacionadas con-foto\">\n<h5>Noticias Relacionadas<\/h5>\n<\/aside>\n<p style=\"text-align: justify;\">De acuerdo con el presidente nacional de la AMAV, Eduardo Paniagua Morales, el conflicto que se vive ahora en Chich\u00e9n Itz\u00e1 es el mismo problema que se viene arrastrando desde a\u00f1os atr\u00e1s, debido a que los artesanos venden sus productos de forma ilegal.<\/p>\n<p style=\"text-align: justify;\">\u201cEn esta ocasi\u00f3n yo creo que la raz\u00f3n la tiene el INAH, con todo respeto; yo admiro a los artesanos, pero lo que est\u00e1 haciendo en Chich\u00e9n Itz\u00e1 es prostituir la actividad tur\u00edstica de una forma que no es la adecuada\u201d, dijo.<\/p>\n<aside class=\"htmlinline\"\/>\n<aside class=\"relacionadas con-foto\">\n<h5>Noticias Relacionadas<\/h5>\n<\/aside>\n<p class=\"image-align-center\"><img decoding=\"async\" alt=\"\" height=\"432\" src=\"https:\/\/news.google.com\/u\/fotografias\/m\/2023\/1\/6\/f768x1-248737_248864_5050.jpg\" width=\"768\"\/><\/p>\n<p style=\"text-align: justify;\">En su postura, se\u00f1al\u00f3 que el trato y la forma c\u00f3mo los artesanos se dirigen al turismo dentro de la zona arqueol\u00f3gica, no es la adecuada y lo \u00fanico que han logrado es dar una mala imagen.<\/p>\n<p style=\"text-align: justify;\">\u201cHemos encontrado que las artesan\u00edas que estas personas ofrecen dentro de la propiedad, ni siquiera son de la pen\u00ednsula. Adicionalmente, la falta de educaci\u00f3n de estos vendedores representa una falta de respeto de parte de los que se dicen que hoy est\u00e1n luchando por los derechos de los artesanos\u201d, se\u00f1al\u00f3.<\/p>\n<p style=\"text-align: justify;\">Agreg\u00f3 que derivado a los m\u00faltiples conflictos que se han suscitado entre los artesanos y los directivos del INAH en los \u00faltimos a\u00f1os, la asociaci\u00f3n se ha prevenido ante estas situaciones y han optado por otros atractivos con precios m\u00e1s justos para los servicios que se ofrecen.\n<\/p>\n<p class=\"image-align-center\"><img decoding=\"async\" alt=\"\" height=\"529\" src=\"https:\/\/news.google.com\/u\/fotografias\/m\/2023\/1\/6\/f768x1-248738_248865_5050.jpg\" width=\"768\"\/>\n<\/p>\n<p style=\"text-align: justify;\">\u201cHemos estado buscando alternativas, ya que el servicio para visitar hoy Chich\u00e9n Itz\u00e1 no es bueno, no tiene la calidad que ten\u00eda hace unos a\u00f1os. Hay que tomar en cuenta que est\u00e1n cobrando unos costos muy altos para poder ingresar y no se sabe a d\u00f3nde va ese dinero\u201d.\n<\/p>\n<p style=\"text-align: justify;\">Ba\u00f1os sucios, excesiva aglomeraci\u00f3n de gente y tarifas excesivas, son algunos de los ejemplos que cit\u00f3 el titular y dijo que ante ello Chich\u00e9n Itz\u00e1 se ha convertido en un atractivo que ya no es factible para promocionar.\n<\/p>\n<p style=\"text-align: justify;\">\u201cNo puedes vender un tour en 150 d\u00f3lares, cuando el servicio es de 30 d\u00f3lares porque as\u00ed est\u00e1 en la actualidad, est\u00e1 horrible\u2026 Si t\u00fa vas a otra parte del mundo, quiz\u00e1s no veas las maravillas que hay en M\u00e9xico, pero vas a encontrar servicios como ba\u00f1os con aire acondicionado; hay que cobrar lo que valemos, pero no vender cosas de p\u00e9sima calidad. Los ejidatarios se encargaron de ganar sin invertir en su producto y por eso la gente no est\u00e1 yendo, porque no est\u00e1n en las condiciones\u201d, finaliz\u00f3 Paniagua Morales.\n<\/p>\n<p style=\"text-align: justify;\">S\u00edguenos en<a rel=\"nofollow noopener\" target=\"_blank\" href=\"https:\/\/news.google.com\/publications\/CAAqBwgKMMLDmwswhs6zAw?oc=3&amp;ceid=MX:es-419&amp;hl=es-419&amp;gl=MX\"> Google News<\/a> y recibe la mejor informaci\u00f3n\n<\/p>\n<p style=\"text-align: justify;\">CC\n<\/p>\n<\/div>\n<p><script>\n      window.fbAsyncInit = function() {\n        FB.init({\n          appId      : '{292213061927134}',\n          status     : true,\n\t\t  version:  'v2.7',\n          xfbml      : true\n        });\nFB.Event.subscribe('comment.create', function (response) {grabacom_compa(366203)});\t\nFB.Event.subscribe('comment.remove',  function (response) {grabacom_compa(366203)});\t\nFB.Event.subscribe('edge.create',  function (response) {grabacom_compa(366203)});\nFB.Event.subscribe('edge.remove',  function (response) {grabacom_compa(366203)});\n      };\n(function(d, s, id) {\n  var js, fjs = d.getElementsByTagName(s)[0];\n  if (d.getElementById(id)) return;\n  js = d.createElement(s); js.id = id;\n  js.src = \"\/\/connect.facebook.net\/es_LA\/sdk.js#xfbml=1&version=v2.7&appId=292213061927134\";\n  fjs.parentNode.insertBefore(js, fjs);\n}(document, 'script', 'facebook-jssdk'));\n    <\/script><br \/>\n<br \/><\/p>\n<p><em> &#8221; Fuentes news.google.com &#8221; <\/em><\/p>\n","protected":false},"excerpt":{"rendered":"<p>Las comunidades de San Felipe, Xcalacoop y Pist\u00e9 contin\u00faan con su movimiento para destituir al director del Instituto Nacional de Antropolog\u00eda e Historia (INAH) en Chich\u00e9n Itz\u00e1, lo que ha ocasionado que la zona arqueol\u00f3gica cumpla cuatro d\u00edas cerrada, acci\u00f3n que contin\u00faa siendo un problema para las operaciones de las agencias de viaje. En consecuencia, [&hellip;]<\/p>\n","protected":false},"author":4,"featured_media":460375,"comment_status":"open","ping_status":"closed","sticky":false,"template":"","format":"standard","meta":{"om_disable_all_campaigns":false,"jnews-multi-image_gallery":[],"jnews_single_post":[],"jnews_primary_category":[],"jnews_social_meta":[],"footnotes":""},"categories":[40],"tags":[60631],"class_list":["post-460374","post","type-post","status-publish","format-standard","has-post-thumbnail","hentry","category-industria","tag-bloqueo-en-chichen-itza"],"_links":{"self":[{"href":"https:\/\/dimensionturistica.com\/es\/wp-json\/wp\/v2\/posts\/460374","targetHints":{"allow":["GET"]}}],"collection":[{"href":"https:\/\/dimensionturistica.com\/es\/wp-json\/wp\/v2\/posts"}],"about":[{"href":"https:\/\/dimensionturistica.com\/es\/wp-json\/wp\/v2\/types\/post"}],"author":[{"embeddable":true,"href":"https:\/\/dimensionturistica.com\/es\/wp-json\/wp\/v2\/users\/4"}],"replies":[{"embeddable":true,"href":"https:\/\/dimensionturistica.com\/es\/wp-json\/wp\/v2\/comments?post=460374"}],"version-history":[{"count":0,"href":"https:\/\/dimensionturistica.com\/es\/wp-json\/wp\/v2\/posts\/460374\/revisions"}],"wp:featuredmedia":[{"embeddable":true,"href":"https:\/\/dimensionturistica.com\/es\/wp-json\/wp\/v2\/media\/460375"}],"wp:attachment":[{"href":"https:\/\/dimensionturistica.com\/es\/wp-json\/wp\/v2\/media?parent=460374"}],"wp:term":[{"taxonomy":"category","embeddable":true,"href":"https:\/\/dimensionturistica.com\/es\/wp-json\/wp\/v2\/categories?post=460374"},{"taxonomy":"post_tag","embeddable":true,"href":"https:\/\/dimensionturistica.com\/es\/wp-json\/wp\/v2\/tags?post=460374"}],"curies":[{"name":"wp","href":"https:\/\/api.w.org\/{rel}","templated":true}]}}