{"id":460271,"date":"2023-01-06T12:14:22","date_gmt":"2023-01-06T12:14:22","guid":{"rendered":"https:\/\/dimensionturistica.com\/es\/?p=460271"},"modified":"2023-01-06T12:14:23","modified_gmt":"2023-01-06T12:14:23","slug":"hagalo-usted-mismo-el-metodo-infalible-para-planificar-las-vacaciones-ideales-sin-gastar-de-mas-y-cuidando-el-bolsillo","status":"publish","type":"post","link":"https:\/\/dimensionturistica.com\/es\/hagalo-usted-mismo-el-metodo-infalible-para-planificar-las-vacaciones-ideales-sin-gastar-de-mas-y-cuidando-el-bolsillo\/","title":{"rendered":"\u201cH\u00e1galo usted mismo\u201d, el m\u00e9todo infalible para planificar las vacaciones ideales sin gastar de m\u00e1s y cuidando el bolsillo"},"content":{"rendered":"<p> <br \/>\n<\/p>\n<div id=\"\">\n<p class=\"articleText\">Sol, playa y mar. Bosque, monta\u00f1a y lago. O largas recorridas por ciudades cargadas de historia. Las combinaciones son infinitas y quedan a gusto de cada viajero que sue\u00f1a con tomarse unos d\u00edas de calm down despu\u00e9s de un a\u00f1o ajetreado.<\/p>\n<p class=\"articleText\">A pesar de las expectativas positivas que se generan en torno a las <b>vacaciones, su organizaci\u00f3n puede convertirse en una verdadera pesadilla para los impacientes o ansiosos<\/b>.<\/p>\n<p class=\"articleText\">A fin de esquivar las frustraciones derivadas de la b\u00fasqueda de precios y lugares, es indispensable comprender la importancia de la <b>inteligencia financiera<\/b> a la hora de diagramar un viaje.<\/p>\n<p class=\"articleText\">M\u00e1s all\u00e1 de pensar en t\u00e9rminos del disfrute, <b>confeccionar un presupuesto equilibrado, reducir los gastos hormiga para incrementar los fondos disponibles y fijar un objetivo claro<\/b> son factores que contribuyen a reducir los niveles de incertidumbre y ansiedad que provoca el planeamiento de una vacaci\u00f3n.<\/p>\n<div class=\"articleStory\">\n<article class=\"articleCard  miraTambienArticle\" data-category=\"\" data-articleid=\"7IR3HF2CZJA4NOT47LOK4MYKTU\" data-spaces=\"false\"><a rel=\"nofollow noopener\" target=\"_blank\" aria-label=\"Article\" class=\"articleWrapper \" href=\"https:\/\/la100.cienradios.com\/sociedad\/previaje-4-como-sera-la-nueva-edicion-del-programa-y-desde-cuando-estaria-vigente\/\"><\/p>\n<div class=\"imgContainerWrapper\">\n<div class=\"imgContainer\"><img decoding=\"async\" class=\"w-100 h-100\" src=\"https:\/\/la100.cienradios.com\/resizer\/L78PXX8tqF_ERgRa9GCYtqLjAsg=\/arc-photo-radiomitre\/arc2-prod\/public\/REEJWYBQBVFMHDT3H64QYMZRDQ.jpg\" width=\"624\" height=\"351\" alt=\"Previaje 4: c\u00f3mo ser\u00e1 la nueva edici\u00f3n del programa y desde cu\u00e1ndo estar\u00eda vigente\" title=\"Previaje 4: c\u00f3mo ser\u00e1 la nueva edici\u00f3n del programa y desde cu\u00e1ndo estar\u00eda vigente\" style=\"visibility:visible;border-color:black\" loading=\"lazy\"\/><\/div>\n<\/div>\n<div class=\"articleHeadline\">\n<p><span class=\"category_separator\">\u00a0<\/span><\/p>\n<h2 class=\"articleHeadline__title__text title\">Previaje 4: c\u00f3mo ser\u00e1 la nueva edici\u00f3n del programa y desde cu\u00e1ndo estar\u00eda vigente<\/h2>\n<\/p>\n<p class=\"subtitle\">Este a\u00f1o habr\u00e1 una nueva oportunidad de recorrer el pa\u00eds con Previaje 4, seg\u00fan anunci\u00f3 el ministro de Turismo de la Naci\u00f3n Mat\u00edas Lammens.<\/p>\n<\/div>\n<p><\/a><\/article>\n<\/div>\n<p class=\"articleText\">Entender con cu\u00e1nto dinero contamos es el primer paso para delimitar un plan de acci\u00f3n. Una vez resuelto, se puede fijar un destino acorde a la cantidad ahorrada espec\u00edficamente con el prop\u00f3sito de ser invertida en el viaje.<\/p>\n<p class=\"articleText\">Con esa hoja de ruta en mano, la etapa de la b\u00fasqueda de precios resulta determinante para cuidar el bolsillo y eliminar gastos superfluos que engrosan la factura last. <b>Investigar, cotizar y comparar costos <\/b>son los tres pilares para resguardar el poder adquisitivo del viajero.<\/p>\n<p class=\"articleText\">En tal sentido, los pasajes y el alojamiento son dos de los \u00edtems m\u00e1s relevantes en la lista de gastos a cubrir. Tanto las agencias de turismo como las plataformas digitales ofrecen un surtido men\u00fa de opciones a evaluar.<\/p>\n<p class=\"articleText\">Muchos de los viajes se venden a trav\u00e9s de paquetes que incluyen los tickets de vuelo o transporte terrestre, el hospedaje y los traslados internos. Pero, <b>\u00bfrealmente convienen este tipo de combos?<\/b><\/p>\n<p class=\"articleText\">Desde la perspectiva del analista econ\u00f3mico <b>Dami\u00e1n Di Tempo<\/b>, el valor agregado de los packs que engloban la experiencia completa \u201c<b>es que uno no tiene que buscar a\u00e9reo, alojamiento, traslados y excursiones<\/b>\u201d.<\/p>\n<p class=\"articleText\">\u201cEso es un servicio que se termina pagando.<b> Si uno hace ese trabajo, quiz\u00e1s efectivamente le pueda costar menos. Pero el costo que tiene es el tiempo a dedicar<\/b> y la evaluaci\u00f3n que hay que hacer del mercado y las opciones disponibles ante destinos que uno desconozca\u201d, indic\u00f3.<\/p>\n<div class=\"articleStory\">\n<article class=\"articleCard  miraTambienArticle\" data-category=\"\" data-articleid=\"2WXGCIW2ZRHHFCHGCYEQ5ETMKI\" data-spaces=\"false\"><a rel=\"nofollow noopener\" target=\"_blank\" aria-label=\"Article\" class=\"articleWrapper \" href=\"https:\/\/la100.cienradios.com\/sociedad\/verano-2023-cual-es-la-documentacion-que-pueden-exigirte-en-un-control-vial\/\"><\/p>\n<div class=\"imgContainerWrapper\">\n<div class=\"imgContainer\"><img decoding=\"async\" class=\"w-100 h-100\" src=\"https:\/\/la100.cienradios.com\/resizer\/cV_Pf7JyDTvCxvGLWJDPpIPUOmo=\/arc-photo-radiomitre\/arc2-prod\/public\/4JMWG34TSNGJ7MDDBQXTAOGLCU.png\" width=\"624\" height=\"351\" alt=\"Verano 2023: cu\u00e1l es la documentaci\u00f3n que pueden exigirte en un control vial\" title=\"Verano 2023: cu\u00e1l es la documentaci\u00f3n que pueden exigirte en un control vial\" style=\"visibility:visible;border-color:black\" loading=\"lazy\"\/><\/div>\n<\/div>\n<div class=\"articleHeadline\">\n<p><span class=\"category_separator\">\u00a0<\/span><\/p>\n<h2 class=\"articleHeadline__title__text title\">Verano 2023: cu\u00e1l es la documentaci\u00f3n que pueden exigirte en un control vial<\/h2>\n<\/p>\n<p class=\"subtitle\">La inminente temporada del Verano 2023 contar\u00e1 con m\u00faltiples controles viales a lo largo de todo el pa\u00eds. Cu\u00e1les son los requisitos que deben cumplir los automovilistas.<\/p>\n<\/div>\n<p><\/a><\/article>\n<\/div>\n<p class=\"articleText\">Por su parte, el director de Estudinero.org, <b>Nicol\u00e1s Litvinoff<\/b>, consider\u00f3 que, en normal, es mejor ajustarse<b> al modelo de \u201ch\u00e1galo usted mismo\u201d. <\/b>Ello implica \u201c<b>comprar por nuestra cuenta averiguando previamente (y por separado) los pasajes y el alojamiento<\/b>\u201d.<\/p>\n<p class=\"articleText\">\u201cDe esa manera, <b>eliminamos la comisi\u00f3n de los intermediarios, que ser\u00edan las agencias de turismo, y nos saldr\u00eda claramente m\u00e1s barato<\/b>\u201d, a\u00f1adi\u00f3 el economista. Si bien admiti\u00f3 que existen ciertas excepciones de ofertas en algunas empresas de turismo, Litvinoff manifest\u00f3 que es preferible \u201chacer el trabajo de averiguar los precios y tratar de contactar directamente a la aerol\u00ednea elegida y, en el exterior, ya sean los hoteles o mediante las plataformas como Booking o Airbnb contratar alojamiento en departamentos particulares\u201d.<\/p>\n<h3 class=\"articleHeader \"><b>Qu\u00e9 hay que tener en cuenta para viajar al exterior<\/b><\/h3>\n<p class=\"articleText\">En cuanto a los ciudadanos que planeen viajar al extranjero, ambos entrevistados hicieron hincapi\u00e9 en la elecci\u00f3n del m\u00e9todo adecuado de pago ya que, <b>medido en d\u00f3lares, el mundo es caro para el argentino promedio<\/b>.<\/p>\n<p class=\"articleText\">En esa l\u00ednea, Di Tempo destac\u00f3 que la conveniencia de utilizar tarjetas o efectivo en moneda extranjera est\u00e1 sujeta a la posibilidad de obtener el reintegro de las percepciones del llamado \u201c<b>d\u00f3lar turista<\/b>\u201d.<\/p>\n<p class=\"articleText\">Se trata de una cotizaci\u00f3n que surge de la suma del d\u00f3lar oficial m\u00e1s el impuesto PAIS de 30%, la percepci\u00f3n a cuenta de Ganancias de 45% y la percepci\u00f3n de 25% a cuenta de Bienes Personales, que no se aplica para consumos inferiores a US$300.<\/p>\n<p class=\"articleText\">Es decir, la Administraci\u00f3n Federal de Ingresos P\u00fablicos (AFIP) retiene la suma correspondiente de acuerdo al gasto complete efectuado fuera del pa\u00eds. El aportante puede pedir el reintegro en caso de que corresponda.<\/p>\n<div class=\"articleStory\">\n<article class=\"articleCard  miraTambienArticle\" data-category=\"\" data-articleid=\"YVOHHFJTHFC2NFLSWU6AYDHK2Y\" data-spaces=\"false\"><a rel=\"nofollow noopener\" target=\"_blank\" aria-label=\"Article\" class=\"articleWrapper \" href=\"https:\/\/la100.cienradios.com\/sociedad\/el-gobierno-pidio-usar-barbijos-en-espacios-cerrados-por-la-suba-de-casos-de-coronavirus-muy-muy-alta\/\"><\/p>\n<div class=\"imgContainerWrapper\">\n<div class=\"imgContainer\"><img decoding=\"async\" class=\"w-100 h-100\" src=\"https:\/\/la100.cienradios.com\/resizer\/OdHKIaystarD9TVXGT_a3pXUKFE=\/arc-photo-radiomitre\/arc2-prod\/public\/OLVXQFJ4QBF5VHOOJLT5OD2NEU.png\" width=\"624\" height=\"351\" alt=\"El Gobierno pidi\u00f3 usar barbijos en espacios cerrados por la suba de casos de coronavirus: \u201cMuy muy alta\u201d\" title=\"El Gobierno pidi\u00f3 usar barbijos en espacios cerrados por la suba de casos de coronavirus: \u201cMuy muy alta\u201d\" style=\"visibility:visible;border-color:black\" loading=\"lazy\"\/><\/div>\n<\/div>\n<div class=\"articleHeadline\">\n<p><span class=\"category_separator\">\u00a0<\/span><\/p>\n<h2 class=\"articleHeadline__title__text title\">El Gobierno pidi\u00f3 usar barbijos en espacios cerrados por la suba de casos de coronavirus: \u201cMuy muy alta\u201d<\/h2>\n<\/p>\n<p class=\"subtitle\">A este pronostico se le suma un aumento en el diagn\u00f3stico de otros virus respiratorios, algo inusual durante la temporada de verano. Los contagios crecieron 17% en una semana.<\/p>\n<\/div>\n<p><\/a><\/article>\n<\/div>\n<p class=\"articleText\">Sobre la devoluci\u00f3n del dinero retenido en concepto de Ganancias, el titular de Focus Market advirti\u00f3 que <b>suele demorar m\u00e1s de un a\u00f1o. Por lo tanto, el monto recibido en pesos se licuar\u00e1 al calor del ritmo inflacionario<\/b>.<\/p>\n<p class=\"articleText\">\u201cEn definitiva, <b>si esa persona no puede tomar el impuesto, conviene llevar efectivo<\/b>. Por el contrario, si puede tomar a percepci\u00f3n, conviene usar tarjeta\u201d, explic\u00f3.<\/p>\n<p class=\"articleText\">Bajo la consideraci\u00f3n de <b>Nicol\u00e1s Litvinoff<\/b>, <b>el cepo cambiario restringe las posibilidades de acci\u00f3n de los turistas emisivos<\/b> de hacerse de divisas internacionales para afrontar los gastos en el exterior.<\/p>\n<p class=\"articleText\"><b>\u201cConviene comprar los 200 d\u00f3lares al tipo de cambio oficial en caso de poder hacerlo.<\/b> A la persona que quiera viajar con efectivo y tenga pesos, no le va a quedar otra que recurrir a comprar el d\u00f3lar bolsa o en una financiera no regulada\u201d, desliz\u00f3.<\/p>\n<p class=\"articleText\">A la vez, el periodista econ\u00f3mico <b>desaconsej\u00f3 abandonar el pa\u00eds con pesos en la billetera debido a que \u201cson muy pocos los lugares donde los toman para adquirir moneda extranjera<\/b>\u201d. En otras palabras, la jugada m\u00e1s provechosa es procurarse de los billetes en territorio nacional.<\/p>\n<div class=\"articleStory\">\n<article class=\"articleCard  miraTambienArticle\" data-category=\"\" data-articleid=\"R5RYIQECLBDMTJLNCABCXIDE5E\" data-spaces=\"false\"><a rel=\"nofollow noopener\" target=\"_blank\" aria-label=\"Article\" class=\"articleWrapper \" href=\"https:\/\/la100.cienradios.com\/salud-y-bienestar\/el-gobierno-aseguro-que-en-2023-llegaran-las-vacunas-bivalentes-contra-el-coronavirus\/\"><\/p>\n<div class=\"imgContainerWrapper\">\n<div class=\"imgContainer\"><img decoding=\"async\" class=\"w-100 h-100\" src=\"https:\/\/la100.cienradios.com\/resizer\/KfYvG_QjeYrkBLutDx0gEqNwiiw=\/arc-photo-radiomitre\/arc2-prod\/public\/45BKE6WJHFH2XMEAIZGFL7ZM7E.jpg\" width=\"624\" height=\"351\" alt=\"El Gobierno asegur\u00f3 que en 2023 llegar\u00e1n las vacunas bivalentes contra el coronavirus\" title=\"El Gobierno asegur\u00f3 que en 2023 llegar\u00e1n las vacunas bivalentes contra el coronavirus\" style=\"visibility:visible;border-color:black\" loading=\"lazy\"\/><\/div>\n<\/div>\n<div class=\"articleHeadline\">\n<p><span class=\"category_separator\">\u00a0<\/span><\/p>\n<h2 class=\"articleHeadline__title__text title\">El Gobierno asegur\u00f3 que en 2023 llegar\u00e1n las vacunas bivalentes contra el coronavirus<\/h2>\n<\/p>\n<p class=\"subtitle\">La ministra de Salud de la Naci\u00f3n, Carla Vizzotti, se refiri\u00f3 a la situaci\u00f3n que atraviesa el pa\u00eds en medio del incremento de casos de coronavirus. <\/p>\n<\/div>\n<p><\/a><\/article>\n<\/div>\n<h3 class=\"articleHeader \"><b>Otros hacks para ahorrar en la planificaci\u00f3n de las vacaciones<\/b><\/h3>\n<ul class=\"articleList \">\n<li><span>Crear un presupuesto acorde al viaje planeado.<\/span><\/li>\n<li><span>Tener flexibilidad con las fechas y horarios de los pasajes para encontrar precios m\u00e1s econ\u00f3micos.<\/span><\/li>\n<li><span>Viajar en temporadas bajas e intermedias al destino elegido permite recortar gastos.<\/span><\/li>\n<li><span>Reservar pasajes y hospedajes anticipadamente propicia el ahorro y despeja la incertidumbre.<\/span><\/li>\n<li><span>Aprovechar descuentos al abonar con tarjetas como puntos de recompensa o millas.<\/span><\/li>\n<li><span>En caso de trasladarse en auto hacia alg\u00fan rinc\u00f3n de la Argentina, prever la compra de alimentos y v\u00edveres con anterioridad para cuidar el bolsillo.<\/span><\/li>\n<\/ul>\n<div class=\"articleStory\">\n<article class=\"articleCard  miraTambienArticle\" data-category=\"\" data-articleid=\"4TE2A2SFHZBHXCTRIQL46HLHFI\" data-spaces=\"false\"><a rel=\"nofollow noopener\" target=\"_blank\" aria-label=\"Article\" class=\"articleWrapper \" href=\"https:\/\/la100.cienradios.com\/economia\/cuenta-dni-anunciaron-descuentos-de-hasta-40-para-las-fiestas-y-el-verano\/\"><\/p>\n<div class=\"imgContainerWrapper\">\n<div class=\"imgContainer\"><img decoding=\"async\" class=\"w-100 h-100\" src=\"https:\/\/la100.cienradios.com\/resizer\/o8-q6rBh11hoRvQ60_lUfLBAfCM=\/arc-photo-radiomitre\/arc2-prod\/public\/HYB76IZW6VD2BO57LRG7EXIFUA.jpg\" width=\"624\" height=\"351\" alt=\"Cuenta DNI: anunciaron descuentos de hasta 40% para las Fiestas y el verano\" title=\"Cuenta DNI: anunciaron descuentos de hasta 40% para las Fiestas y el verano\" style=\"visibility:visible;border-color:black\" loading=\"lazy\"\/><\/div>\n<\/div>\n<div class=\"articleHeadline\">\n<p><span class=\"category_separator\">\u00a0<\/span><\/p>\n<h2 class=\"articleHeadline__title__text title\">Cuenta DNI: anunciaron descuentos de hasta 40% para las Fiestas y el verano<\/h2>\n<\/p>\n<p class=\"subtitle\"> Axel Kicillof anunci\u00f3 nuevos beneficios para los usuarios de Cuenta DNI. Asimismo, present\u00f3 un acuerdo con la empresa Telecentro. <\/p>\n<\/div>\n<p><\/a><\/article>\n<\/div>\n<\/div>\n<p><script rel=\"preload\" as=\"script\" src=\"https:\/\/connect.facebook.net\/es_ES\/sdk.js#xfbml=1&amp;version=v9.0&amp;appId=306516963516395&amp;autoLogAppEvents=1\"><\/script><script type=\"text\/javascript\" src=\"https:\/\/connect.facebook.net\/es_ES\/sdk.js#xfbml=1&amp;version=v9.0&amp;appId=306516963516395&amp;autoLogAppEvents=1\" nonce=\"WaoyowlY\" crossorigin=\"anonymous\" async=\"\"><\/script><br \/>\n<br \/><\/p>\n<p><em> &#8221; Fuentes news.google.com &#8221; <\/em><\/p>\n","protected":false},"excerpt":{"rendered":"<p>Sol, playa y mar. Bosque, monta\u00f1a y lago. O largas recorridas por ciudades cargadas de historia. Las combinaciones son infinitas y quedan a gusto de cada viajero que sue\u00f1a con tomarse unos d\u00edas de calm down despu\u00e9s de un a\u00f1o ajetreado. A pesar de las expectativas positivas que se generan en torno a las vacaciones, [&hellip;]<\/p>\n","protected":false},"author":4,"featured_media":460272,"comment_status":"open","ping_status":"closed","sticky":false,"template":"","format":"standard","meta":{"om_disable_all_campaigns":false,"jnews-multi-image_gallery":[],"jnews_single_post":[],"jnews_primary_category":[],"jnews_social_meta":[],"footnotes":""},"categories":[40],"tags":[1861],"class_list":["post-460271","post","type-post","status-publish","format-standard","has-post-thumbnail","hentry","category-industria","tag-vacaciones"],"_links":{"self":[{"href":"https:\/\/dimensionturistica.com\/es\/wp-json\/wp\/v2\/posts\/460271","targetHints":{"allow":["GET"]}}],"collection":[{"href":"https:\/\/dimensionturistica.com\/es\/wp-json\/wp\/v2\/posts"}],"about":[{"href":"https:\/\/dimensionturistica.com\/es\/wp-json\/wp\/v2\/types\/post"}],"author":[{"embeddable":true,"href":"https:\/\/dimensionturistica.com\/es\/wp-json\/wp\/v2\/users\/4"}],"replies":[{"embeddable":true,"href":"https:\/\/dimensionturistica.com\/es\/wp-json\/wp\/v2\/comments?post=460271"}],"version-history":[{"count":0,"href":"https:\/\/dimensionturistica.com\/es\/wp-json\/wp\/v2\/posts\/460271\/revisions"}],"wp:featuredmedia":[{"embeddable":true,"href":"https:\/\/dimensionturistica.com\/es\/wp-json\/wp\/v2\/media\/460272"}],"wp:attachment":[{"href":"https:\/\/dimensionturistica.com\/es\/wp-json\/wp\/v2\/media?parent=460271"}],"wp:term":[{"taxonomy":"category","embeddable":true,"href":"https:\/\/dimensionturistica.com\/es\/wp-json\/wp\/v2\/categories?post=460271"},{"taxonomy":"post_tag","embeddable":true,"href":"https:\/\/dimensionturistica.com\/es\/wp-json\/wp\/v2\/tags?post=460271"}],"curies":[{"name":"wp","href":"https:\/\/api.w.org\/{rel}","templated":true}]}}