{"id":460143,"date":"2023-01-06T03:31:54","date_gmt":"2023-01-06T03:31:54","guid":{"rendered":"https:\/\/dimensionturistica.com\/es\/?p=460143"},"modified":"2023-01-06T03:31:55","modified_gmt":"2023-01-06T03:31:55","slug":"el-arte-y-los-colores-de-la-ciudad-de-mexico","status":"publish","type":"post","link":"https:\/\/dimensionturistica.com\/es\/el-arte-y-los-colores-de-la-ciudad-de-mexico\/","title":{"rendered":"El arte y los colores de la Ciudad de M\u00e9xico"},"content":{"rendered":"<p> <br \/>\n<\/p>\n<div>\n            <!-- image --><\/p>\n<div class=\"td-post-featured-image\">\n<figure><img decoding=\"async\" width=\"650\" height=\"380\" class=\"entry-thumb\" src=\"https:\/\/revistafortuna.com.mx\/wp-content\/uploads\/2023\/01\/Arte-y-colores-de-la-CDMX.jpg\" srcset=\"https:\/\/revistafortuna.com.mx\/wp-content\/uploads\/2023\/01\/Arte-y-colores-de-la-CDMX.jpg 650w, https:\/\/revistafortuna.com.mx\/wp-content\/uploads\/2023\/01\/Arte-y-colores-de-la-CDMX-300x175.jpg 300w, https:\/\/revistafortuna.com.mx\/wp-content\/uploads\/2023\/01\/Arte-y-colores-de-la-CDMX-150x88.jpg 150w\" sizes=\"(max-width: 650px) 100vw, 650px\" alt=\"\" title=\"Arte y colores de la CDMX\"\/><figcaption class=\"wp-caption-text\">Fotograf\u00eda: Secretar\u00eda de Turismo<\/figcaption><\/figure>\n<\/div>\n<p>            <!-- content --><\/p>\n<div class=\"td-a-rec td-a-rec-id-content_top  tdi_1 td_block_template_14\">\n<p><a target=\"_blank\" href=\"https:\/\/www.hijoletequila.com\/\" rel=\"noopener\"><img decoding=\"async\" src=\"https:\/\/revistafortuna.com.mx\/wp-content\/uploads\/2022\/12\/28-Nov-Estadio-Generales-370x170-1.png\" alt=\"\" width=\"370\" height=\"72\"\/><\/a><\/p>\n<\/div>\n<p class=\"tiempo-estimado\">Tiempo de lectura aprox: 1 minutos, 46 segundos<\/p>\n<p>El secretario de Turismo del <a target=\"_blank\" href=\"https:\/\/revistafortuna.com.mx\/2023\/01\/05\/asegura-sandoval-ovidio-fue-capturado-tras-6-meses-de-trabajo-de-vigilancia\/\" rel=\"noopener\">Gobierno de M\u00e9xico<\/a>, Miguel Torruco Marqu\u00e9s en conjunto con la secretaria de Turismo de la Ciudad de <a target=\"_blank\" href=\"https:\/\/revistafortuna.com.mx\/2023\/01\/05\/subiria-inflacion-diciembre-a-7-90-vs-resultado-7-80-de-noviembre-sondeo\/\" rel=\"noopener\">M\u00e9xico<\/a>, Nathalie Desplas Puel, inauguraron la <em>exposici\u00f3n Arte y Colores de la Ciudad de M\u00e9xico<\/em>. Que exhibe la riqueza artesanal, gastron\u00f3mica y tur\u00edstica de la capital del pa\u00eds durante el mes de enero en el espacio\u00a0Punto\u00a0M\u00e9xico\u00a0de la Secretar\u00eda de Turismo (<a target=\"_blank\" href=\"https:\/\/www.gob.mx\/sectur\" rel=\"noopener\">Sectur<\/a>).<\/p>\n<p>El titular de Sectur destac\u00f3 que, a lo largo de este mes, los visitantes tendr\u00e1n la oportunidad de adquirir productos que muestran la habilidad de los artesanos de la ciudad capital. Como juguetes, textiles, alfarer\u00eda, cer\u00e1mica, joyer\u00eda, dulces y candies, and so on.<\/p>\n<p>Torruco Marqu\u00e9s afirm\u00f3 que la <a target=\"_blank\" href=\"https:\/\/revistafortuna.com.mx\/2023\/01\/05\/propone-gobierno-a-omar-mejia-castelazo-en-banxico\/\" rel=\"noopener\">ciudad de M\u00e9xico<\/a> es uno de los destinos m\u00e1s visitados en Am\u00e9rica Latina por turistas hospedados en lodge y el segundo en visitantes extranjeros.<\/p>\n<p>Agreg\u00f3 que dispone de 52,764 habitaciones en 634 hoteles y casi mil restaurantes de vocaci\u00f3n tur\u00edstica. Donde destac\u00f3 que dos de los 10 mejores a nivel mundial: Pujol y Quintonil, de acuerdo con The World\u2019s Greatest Eating places 2022.<\/p>\n<p>\u201cY qu\u00e9 decir de la amplia oferta tur\u00edstica de la otrora Tenochtitl\u00e1n, que alberga las zonas arqueol\u00f3gicas de Cuicuilco, Tlatelolco, el Templo Mayor, Mixcoac y el Cerro de la Estrella. Adem\u00e1s, la Bas\u00edlica de Guadalupe es uno de los santuarios cat\u00f3licos m\u00e1s visitados\u00a0en el mundo. Tambi\u00e9n hay 173 museos, y los sitios declarados por la UNESCO como Patrimonio Cultural de la Humanidad: el Centro Hist\u00f3rico de la Ciudad de M\u00e9xico, Xochimilco, el campus central de Ciudad Universitaria de la UNAM y la Casa-Taller de Luis Barrag\u00e1n\u201d, afirm\u00f3.<\/p>\n<h5><strong>Recuperaci\u00f3n tur\u00edstica<\/strong><\/h5>\n<p>Por su parte, la secretaria de Turismo de la Ciudad de M\u00e9xico, Nathalie Desplas Puel agreg\u00f3 que la recuperaci\u00f3n tur\u00edstica en la Ciudad de M\u00e9xico es una realidad. Misma que se ve reflejada en la recepci\u00f3n de 11.9 millones de turistas con pernocta en lodge en 2022, 173% m\u00e1s que en 2021. En cuanto a gasto y derrama econ\u00f3mica mencion\u00f3 que la recuperaci\u00f3n es casi complete en relaci\u00f3n con 2019, al registrar 96.6% de las cifras de ese a\u00f1o.<\/p>\n<p>\u201cCon esta exposici\u00f3n iniciamos el primer mes de este gran a\u00f1o, 2023, que viene lleno de proyectos y de grandes eventos que seguir\u00e1n poniendo a la capital del pa\u00eds dentro de los mejores destinos del mundo\u201d agreg\u00f3.<\/p>\n<h6><strong>Punto M\u00e9xico<\/strong><\/h6>\n<p>Posteriormente, la secretaria reconoci\u00f3 a las personas que expondr\u00e1n sus productos en Punto M\u00e9xico, con artesan\u00edas dignas de la <em>capital que lo tiene todo<\/em>, hasta el 28 de enero. Demostrando que el turismo es uno de los sectores m\u00e1s din\u00e1micos de la econom\u00eda, cuyos componentes son tambi\u00e9n las tradiciones, la gastronom\u00eda. As\u00ed como el patrimonio hist\u00f3rico y cultural de la Ciudad de M\u00e9xico, que hoy se ve reflejado en esas manos m\u00e1gicas.<\/p>\n<p>Finalmente, mencionaron que la exposici\u00f3n <em>Arte y Colores de la Ciudad de<\/em> <em>M\u00e9xico<\/em> estar\u00e1 vigente durante el mes de enero en el espacio\u00a0Punto\u00a0M\u00e9xico\u00a0de\u00a0Sectur, en Av. Presidente Masaryk No. 172, esq. con Hegel, col. Bosques de Chapultepec, alcald\u00eda Miguel Hidalgo, Ciudad de\u00a0M\u00e9xico. En un horario de lunes a s\u00e1bado de 9:00 a 19:00 horas, domingos y d\u00edas festivos de 9:00 a 18:00 horas.<\/p>\n<\/p><\/div>\n\n<p><em> \u2018 The preceding article may include information circulated by third parties \u2019 <\/em><\/p>\n<p><em> \u2018 Some details of this article were extracted from the following source news.google.com \u2019 <\/em><\/p>\n","protected":false},"excerpt":{"rendered":"<p>Fotograf\u00eda: Secretar\u00eda de Turismo Tiempo de lectura aprox: 1 minutos, 46 segundos El secretario de Turismo del Gobierno de M\u00e9xico, Miguel Torruco Marqu\u00e9s en conjunto con la secretaria de Turismo de la Ciudad de M\u00e9xico, Nathalie Desplas Puel, inauguraron la exposici\u00f3n Arte y Colores de la Ciudad de M\u00e9xico. Que exhibe la riqueza artesanal, gastron\u00f3mica [&hellip;]<\/p>\n","protected":false},"author":2,"featured_media":460144,"comment_status":"open","ping_status":"closed","sticky":false,"template":"","format":"standard","meta":{"om_disable_all_campaigns":false,"jnews-multi-image_gallery":[],"jnews_single_post":[],"jnews_primary_category":[],"jnews_social_meta":[],"footnotes":""},"categories":[43],"tags":[],"class_list":["post-460143","post","type-post","status-publish","format-standard","has-post-thumbnail","hentry","category-gourmet"],"_links":{"self":[{"href":"https:\/\/dimensionturistica.com\/es\/wp-json\/wp\/v2\/posts\/460143","targetHints":{"allow":["GET"]}}],"collection":[{"href":"https:\/\/dimensionturistica.com\/es\/wp-json\/wp\/v2\/posts"}],"about":[{"href":"https:\/\/dimensionturistica.com\/es\/wp-json\/wp\/v2\/types\/post"}],"author":[{"embeddable":true,"href":"https:\/\/dimensionturistica.com\/es\/wp-json\/wp\/v2\/users\/2"}],"replies":[{"embeddable":true,"href":"https:\/\/dimensionturistica.com\/es\/wp-json\/wp\/v2\/comments?post=460143"}],"version-history":[{"count":0,"href":"https:\/\/dimensionturistica.com\/es\/wp-json\/wp\/v2\/posts\/460143\/revisions"}],"wp:featuredmedia":[{"embeddable":true,"href":"https:\/\/dimensionturistica.com\/es\/wp-json\/wp\/v2\/media\/460144"}],"wp:attachment":[{"href":"https:\/\/dimensionturistica.com\/es\/wp-json\/wp\/v2\/media?parent=460143"}],"wp:term":[{"taxonomy":"category","embeddable":true,"href":"https:\/\/dimensionturistica.com\/es\/wp-json\/wp\/v2\/categories?post=460143"},{"taxonomy":"post_tag","embeddable":true,"href":"https:\/\/dimensionturistica.com\/es\/wp-json\/wp\/v2\/tags?post=460143"}],"curies":[{"name":"wp","href":"https:\/\/api.w.org\/{rel}","templated":true}]}}