{"id":459955,"date":"2023-01-05T23:04:37","date_gmt":"2023-01-05T23:04:37","guid":{"rendered":"https:\/\/dimensionturistica.com\/es\/?p=459955"},"modified":"2023-01-05T23:04:37","modified_gmt":"2023-01-05T23:04:37","slug":"agradables-novedades-del-legendario-mundo-de-belmond-para-el-2023-con-nuestra-seleccion-de-las-historias-de-todo-el-mundo","status":"publish","type":"post","link":"https:\/\/dimensionturistica.com\/es\/agradables-novedades-del-legendario-mundo-de-belmond-para-el-2023-con-nuestra-seleccion-de-las-historias-de-todo-el-mundo\/","title":{"rendered":"Agradables novedades del legendario mundo de Belmond para el 2023, con nuestra selecci\u00f3n de las historias de todo el mundo"},"content":{"rendered":"<p>El Mount Nelson, A Belmond Hotel de Ciudad del Cabo, recibir\u00e1 una exclusiva residencia pop-up del\u00a0<img decoding=\"async\" class=\"size-medium wp-image-460008 alignright\" src=\"https:\/\/dimensionturistica.com\/es\/wp-content\/uploads\/2023\/01\/BELMOND10-1-300x265.jpg\" alt=\"\" width=\"300\" height=\"265\" srcset=\"https:\/\/dimensionturistica.com\/es\/wp-content\/uploads\/2023\/01\/BELMOND10-1-300x265.jpg 300w, https:\/\/dimensionturistica.com\/es\/wp-content\/uploads\/2023\/01\/BELMOND10-1.jpg 600w\" sizes=\"(max-width: 300px) 100vw, 300px\" \/> restaurante EDGE para inaugurar la temporada de verano austral. EDGE quedar\u00e1 a cargo de los 60 cubiertos del Oasis Bistro bajo los mandos del chef ejecutivo Vusi Ndlovu y la gerente general Absie Pantshwa con el objetivo de invitar a los hu\u00e9spedes a explorar \u00c1frica a trav\u00e9s del paladar. Los or\u00edgenes del chef inspiran un men\u00fa en continuo cambio y centrado en la vibrante cocina regional y en los productos africanos menos conocidos.<br \/>\nEl restaurante abrir\u00e1 de mi\u00e9rcoles a domingo para las cenas.belmond.com\/mount-nelson.<br \/>\nEl Copacabana Palace, A Belmond Hotel, R\u00edo de Janeiro<br \/>\nConmemora su centenario en 2023. La celebraci\u00f3n de Copa se inaugurar\u00e1 con una tradicional fiesta White &amp; Gold en Nochevieja, seguida de un ic\u00f3nico baile de gala con motivo del carnaval de R\u00edo en febrero de 2023. La programaci\u00f3n cultural incluye eventos art\u00edsticos, musicales y gastron\u00f3micos cuidadosamente organizados durante todo el a\u00f1o para rendir homenaje a la historia del hotel y a sus tradiciones atemporales.<br \/>\nINFORMACI\u00d3N PR\u00c1CTICA: belmond.com\/copacabana-palace<br \/>\nMitico sale a ver mundo: La serie artistica de Belmond en colaboracion con Galleria, continua viaja al Reino Unido, Espa\u00f1a y Brasil y regresa a Italia<br \/>\nBelmond desea intensificar su v\u00ednculo con la comunidad art\u00edstica en 2023 a trav\u00e9s de la expansi\u00f3n de MITICO, una serie art\u00edstica en colaboraci\u00f3n con Galleria Continua, por todo el mundo. Tras el \u00e9xito de la<img decoding=\"async\" class=\"size-medium wp-image-460003 alignright\" src=\"https:\/\/dimensionturistica.com\/es\/wp-content\/uploads\/2023\/01\/BELMOND6-300x270.jpg\" alt=\"\" width=\"300\" height=\"270\" srcset=\"https:\/\/dimensionturistica.com\/es\/wp-content\/uploads\/2023\/01\/BELMOND6-300x270.jpg 300w, https:\/\/dimensionturistica.com\/es\/wp-content\/uploads\/2023\/01\/BELMOND6.jpg 600w\" sizes=\"(max-width: 300px) 100vw, 300px\" \/> primera edici\u00f3n en Italia en 2022, las nuevas instalaciones recaer\u00e1 en Le Manoir aux Quat\u2019Saisons, A Belmond Hotel, Oxfordshire; La Residencia, A Belmond Hotel, Mallorca; y el Copacabana Palace, A Belmond Hotel, R\u00edo de Janeiro, antes de volver a las propiedades Belmond de la Toscana y Sicilia.<br \/>\nINFORMACI\u00d3N PR\u00c1CTICA: belmond.com<br \/>\nEl Maroma, Riviera Maya volvera a abrir sus puertas en el mes de mayo del 2023: siendo una leyenda renovada para poner de relieve la Cultura Maya, El Dise\u00f1o y La Naturaleza<br \/>\nEn mayo de 2023, M\u00e9xico volver\u00e1 a dar la bienvenida al hist\u00f3rico Maroma, A Belmond Hotel. El legendario alojamiento se encuentra en un enclave privilegiado, <img decoding=\"async\" class=\"size-medium wp-image-460000 alignleft\" src=\"https:\/\/dimensionturistica.com\/es\/wp-content\/uploads\/2023\/01\/BELMOND2-300x257.jpg\" alt=\"\" width=\"300\" height=\"257\" srcset=\"https:\/\/dimensionturistica.com\/es\/wp-content\/uploads\/2023\/01\/BELMOND2-300x257.jpg 300w, https:\/\/dimensionturistica.com\/es\/wp-content\/uploads\/2023\/01\/BELMOND2.jpg 491w\" sizes=\"(max-width: 300px) 100vw, 300px\" \/>rodeado de 80 hect\u00e1reas de exuberante selva tropical junto a las rec\u00f3nditas playas de arena blanca de la costa caribe\u00f1a, y su completa renovaci\u00f3n ha puesto el foco en la cultura maya. El nuevo Maroma ofrece 10 flamantes suites frente al mar, una experiencia de bienestar centrada en la naturaleza en colaboraci\u00f3n con Guerlain, innovadoras iniciativas sostenibles y una nueva era gastron\u00f3mica bajo los mandos del chef ejecutivo mexicano Daniel Camacho.<br \/>\nINFORMACI\u00d3N PR\u00c1CTICA: belmond.com\/maroma<br \/>\nEl splendido, Portofino da inicia a un nuevo capitulo y se embarca en una renovacion de varias faces, que podran descubrirse a partir de junio del 2023<br \/>\nEl ic\u00f3nico Splendido, A Belmond Hotel, Portofino iniciar\u00e1 un nuevo cap\u00edtulo de su historia con una renovaci\u00f3n<img decoding=\"async\" class=\"size-medium wp-image-460002 alignright\" src=\"https:\/\/dimensionturistica.com\/es\/wp-content\/uploads\/2023\/01\/BELMOND5-300x270.jpg\" alt=\"\" width=\"300\" height=\"270\" srcset=\"https:\/\/dimensionturistica.com\/es\/wp-content\/uploads\/2023\/01\/BELMOND5-300x270.jpg 300w, https:\/\/dimensionturistica.com\/es\/wp-content\/uploads\/2023\/01\/BELMOND5.jpg 600w\" sizes=\"(max-width: 300px) 100vw, 300px\" \/> de varias fases. El equipo llevar\u00e1 a cabo una restauraci\u00f3n meticulosa del antiguo monasterio benedictino del siglo XVI que durar\u00e1 varios a\u00f1os y pretende honrar la historia del edificio mientras le aporta un toque de relevancia contempor\u00e1nea. Cada verano, comenzando en junio de 2023, se celebrar\u00e1 una reapertura durante la que el hotel revelar\u00e1 nuevos espacios.<br \/>\nINFORMACI\u00d3N PR\u00c1CTICA: belmond.com\/splendido<br \/>\nEl Venice Simplon &#8211; Orient-Express contara con una nueva y glamurosa categoria Suite a partir de junio 2023<br \/>\nEl Venice Simplon-Orient-Express, A Belmond Train, Europa revelar\u00e1 una nueva categor\u00eda suite a partir de junio de 2023 para ofrecer una visi\u00f3n a\u00fan m\u00e1s lujosa de la leyenda art d\u00e9co ferroviaria. Ocho nuevas suites se unir\u00e1n a las dos categor\u00edas de cabina ya existentes, y a\u00f1adir\u00e1n una nueva expresi\u00f3n de opulencia al hist\u00f3rico tren, que se ha cuidado con el m\u00e1ximo respeto a su artesan\u00eda de los a\u00f1os 1920 y 1930. Las suites se inspiran en el espectacular paisaje que se puede contemplar desde las ventanas del tren, y contar\u00e1n con un ba\u00f1o privado de m\u00e1rmol y una zona de estar por el d\u00eda, que se transformar\u00e1 en una cama doble o en dos camas por la noche.<img decoding=\"async\" class=\"size-medium wp-image-460001 alignright\" src=\"https:\/\/dimensionturistica.com\/es\/wp-content\/uploads\/2023\/01\/BELMOND4-300x279.jpg\" alt=\"\" width=\"300\" height=\"279\" srcset=\"https:\/\/dimensionturistica.com\/es\/wp-content\/uploads\/2023\/01\/BELMOND4-300x279.jpg 300w, https:\/\/dimensionturistica.com\/es\/wp-content\/uploads\/2023\/01\/BELMOND4.jpg 600w\" sizes=\"(max-width: 300px) 100vw, 300px\" \/><br \/>\nINFORMACI\u00d3N PR\u00c1CTICA: desde 5500 \u00a3 por noche. Incluye un conserje personal las 24 horas, ba\u00f1o privado de m\u00e1rmol y servicios personalizados belmond.com\/venice-simplon-orient-express<br \/>\nSu proximo lanzamiento Del Coquelicot, A Belmond Boat, Champa\u00f1a en mayo de 2023<br \/>\nCoquelicot, A Belmond Boat surcar\u00e1 los canales de la regi\u00f3n francesa de Champa\u00f1a en mayo de 2023. Este nuevo y lujoso barco dise\u00f1ado por Humbert &amp; Poyet incluye tres glamurosos camarotes con ba\u00f1os privados, un sal\u00f3n interior con una excepcional selecci\u00f3n de champ\u00e1n y una amplia cubierta exterior. La exclusiva colaboraci\u00f3n con la Maison Ruinart permite ofrecer almuerzos privados con maridaje de champ\u00e1n preparados por la chef de la Maison, Val\u00e9rie Radou, junto con el chef ejecutivo de Coquelicot. Por primera vez, la chef Radou cocinar\u00e1 un almuerzo privado \u201ca cuatro manos\u201d fuera de la Maison Ruinart. Los hu\u00e9spedes tambi\u00e9n podr\u00e1n disfrutar de visitas guiadas al hist\u00f3rico vi\u00f1edo Taissy.<br \/>\nINFORMACI\u00d3N PR\u00c1CTICA: desde 73 021 \u00a3 por una estancia de una semana para seis personas belmond.com\/coquelicot<\/p>\n<p>&nbsp;<\/p>\n","protected":false},"excerpt":{"rendered":"<p>El Mount Nelson, A Belmond Hotel de Ciudad del Cabo, recibir\u00e1 una exclusiva residencia pop-up del\u00a0 restaurante EDGE para inaugurar la temporada de verano austral. EDGE quedar\u00e1 a cargo de los 60 cubiertos del Oasis Bistro bajo los mandos del chef ejecutivo Vusi Ndlovu y la gerente general Absie Pantshwa con el objetivo de invitar [&hellip;]<\/p>\n","protected":false},"author":1,"featured_media":460004,"comment_status":"open","ping_status":"closed","sticky":false,"template":"","format":"standard","meta":{"om_disable_all_campaigns":false,"jnews-multi-image_gallery":[],"jnews_single_post":{"source_name":"","source_url":"","via_name":"","via_url":"","override_template":"0","override":[{"template":"1","single_blog_custom":"","parallax":"1","fullscreen":"1","layout":"right-sidebar","sidebar":"default-sidebar","second_sidebar":"default-sidebar","sticky_sidebar":"1","share_position":"top","share_float_style":"share-monocrhome","show_share_counter":"1","show_view_counter":"1","show_featured":"1","show_post_meta":"1","show_post_author":"1","show_post_author_image":"1","show_post_date":"1","post_date_format":"default","post_date_format_custom":"Y\/m\/d","show_post_category":"1","show_post_reading_time":"0","post_reading_time_wpm":"300","show_zoom_button":"0","zoom_button_out_step":"2","zoom_button_in_step":"3","show_post_tag":"1","show_prev_next_post":"1","show_popup_post":"1","number_popup_post":"1","show_author_box":"0","show_post_related":"0","show_inline_post_related":"0"}],"override_image_size":"0","image_override":[{"single_post_thumbnail_size":"crop-500","single_post_gallery_size":"crop-500"}],"trending_post":"0","trending_post_position":"meta","trending_post_label":"Trending","sponsored_post":"0","sponsored_post_label":"Sponsored by","sponsored_post_name":"","sponsored_post_url":"","sponsored_post_logo_enable":"0","sponsored_post_logo":"","sponsored_post_desc":"","disable_ad":"0"},"jnews_primary_category":{"id":"","hide":""},"jnews_social_meta":{"fb_title":"","fb_description":"","fb_image":"","twitter_title":"","twitter_description":"","twitter_image":""},"footnotes":""},"categories":[43],"tags":[],"class_list":["post-459955","post","type-post","status-publish","format-standard","has-post-thumbnail","hentry","category-gourmet"],"_links":{"self":[{"href":"https:\/\/dimensionturistica.com\/es\/wp-json\/wp\/v2\/posts\/459955","targetHints":{"allow":["GET"]}}],"collection":[{"href":"https:\/\/dimensionturistica.com\/es\/wp-json\/wp\/v2\/posts"}],"about":[{"href":"https:\/\/dimensionturistica.com\/es\/wp-json\/wp\/v2\/types\/post"}],"author":[{"embeddable":true,"href":"https:\/\/dimensionturistica.com\/es\/wp-json\/wp\/v2\/users\/1"}],"replies":[{"embeddable":true,"href":"https:\/\/dimensionturistica.com\/es\/wp-json\/wp\/v2\/comments?post=459955"}],"version-history":[{"count":0,"href":"https:\/\/dimensionturistica.com\/es\/wp-json\/wp\/v2\/posts\/459955\/revisions"}],"wp:featuredmedia":[{"embeddable":true,"href":"https:\/\/dimensionturistica.com\/es\/wp-json\/wp\/v2\/media\/460004"}],"wp:attachment":[{"href":"https:\/\/dimensionturistica.com\/es\/wp-json\/wp\/v2\/media?parent=459955"}],"wp:term":[{"taxonomy":"category","embeddable":true,"href":"https:\/\/dimensionturistica.com\/es\/wp-json\/wp\/v2\/categories?post=459955"},{"taxonomy":"post_tag","embeddable":true,"href":"https:\/\/dimensionturistica.com\/es\/wp-json\/wp\/v2\/tags?post=459955"}],"curies":[{"name":"wp","href":"https:\/\/api.w.org\/{rel}","templated":true}]}}