{"id":459789,"date":"2023-01-05T18:32:04","date_gmt":"2023-01-05T18:32:04","guid":{"rendered":"https:\/\/dimensionturistica.com\/es\/?p=459789"},"modified":"2023-01-05T18:32:04","modified_gmt":"2023-01-05T18:32:04","slug":"ek-balam-la-zona-arqueologica-de-alternativa-tras-las-protestas-en-chichen-itza","status":"publish","type":"post","link":"https:\/\/dimensionturistica.com\/es\/ek-balam-la-zona-arqueologica-de-alternativa-tras-las-protestas-en-chichen-itza\/","title":{"rendered":"Ek Balam, la zona arqueol\u00f3gica de alternativa tras las protestas en Chich\u00e9n Itz\u00e1"},"content":{"rendered":"<p> <br \/>\n<\/p>\n<div id=\"cuerpo-nota\">\n<p style=\"text-align: justify;\">La <strong>Zona Arqueol\u00f3gica de Ek\u00a0Balam<\/strong>, comisar\u00eda de <strong>Temoz\u00f3n <\/strong>y la Zona Arqueol\u00f3gica de <strong>Tulum<\/strong>, en <strong>Quintana Roo<\/strong>, son un importante desfogue para los gu\u00edas y turistas, ante la continuidad de los bloqueos de las v\u00edas hacia la Zona Arqueol\u00f3gica de <strong>Chich\u00e9n Itz\u00e1<\/strong> y comunidades aleda\u00f1as.<\/p>\n<p style=\"text-align: justify;\">La situaci\u00f3n oblig\u00f3 a las agencias de viaje y gu\u00edas de turistas a buscar alternativas para los turistas provenientes del Caribe mexicano, a fin de recompensar la presencia de los visitantes nacionales y extranjeros que han hecho un gran esfuerzo para llegar al Sureste mexicano y conocer especialmente la S\u00e9ptima Maravilla del Mundo Moderno, Chich\u00e9n Itz\u00e1.<\/p>\n<aside class=\"htmlinline\"\/>\n<aside class=\"relacionadas con-foto\">\n<h5>Noticias Relacionadas<\/h5>\n<\/aside>\n<p class=\"image-align-center\"><img decoding=\"async\" alt=\"\" height=\"512\" src=\"https:\/\/news.google.com\/u\/fotografias\/m\/2023\/1\/5\/f768x1-248507_248634_5050.jpg\" width=\"768\"\/><\/p>\n<p style=\"text-align: justify;\">Como consecuencia, otros vestigios mayas, ubicados en la regi\u00f3n, significaron un importante desahogo para los viajeros, principalmente extranjeros; uno de los que recibi\u00f3 un sorprendente incremento de visitantes en el Oriente del Estado es la zona arqueol\u00f3gica de Ek\u2019Balam.<\/p>\n<aside class=\"htmlinline\"\/>\n<aside class=\"relacionadas con-foto\">\n<h5>Noticias Relacionadas<\/h5>\n<\/aside>\n<p style=\"text-align: justify;\">\u201cEk Balam recibi\u00f3 desde el primer d\u00eda de bloqueo, una importante afluencia de paseantes que no pudieron entrar a Chich\u00e9n Itz\u00e1, mientras otros grupos se desviaron a <strong>Yaxunah<\/strong>, en el municipio <strong>Yaxcab\u00e1<\/strong>, y otros se dirigieron a Tulum, en Quintana Roo\u201d, dio a conocer Marco Antonio V\u00e1zquez Peralta, gu\u00eda de turistas.<\/p>\n<p class=\"image-align-center\"><img decoding=\"async\" alt=\"\" height=\"512\" src=\"https:\/\/news.google.com\/u\/fotografias\/m\/2023\/1\/5\/f768x1-248509_248636_15.jpg\" width=\"768\"\/><\/p>\n<p style=\"text-align: justify;\">Dijo que los turistas que llegaron a Ek Balam encontraron un lugar apacible y con atractivos de relevancia, aunque sin la infraestructura adecuada para recibir a cientos de visitantes; por lo que la presencia agolpada de personas satur\u00f3 el proceso para la adquisici\u00f3n de boletos, aunque poco a poco la situaci\u00f3n se relaj\u00f3.<\/p>\n<p style=\"text-align: justify;\">Sin embargo, la econom\u00eda de locatarios y prestadores de servicios en Ek Balam se vio favorecida ampliamente desde el lunes pasado, por los desv\u00edos de autobuses y camionetas, mismo que comenz\u00f3 desde la salida de Valladolid con rumbo a M\u00e9rida. Mientras tanto, elementos de las polic\u00edas locales orientaron a las caravanas de visitantes para evitar que llegaran a la Zona Arqueol\u00f3gica de Chich\u00e9n Itz\u00e1, por el cierre de caminos.\n<\/p>\n<p style=\"text-align: justify;\">S\u00edguenos en <a rel=\"nofollow noopener\" target=\"_blank\" href=\"https:\/\/news.google.com\/publications\/CAAqBwgKMMLDmwswhs6zAw?oc=3&amp;ceid=MX:es-419&amp;hl=es-419&amp;gl=MX\">Google News<\/a> y recibe la mejor informaci\u00f3n\n<\/p>\n<p style=\"text-align: justify;\">CC\n<\/p>\n<\/div>\n<p><script>\n      window.fbAsyncInit = function() {\n        FB.init({\n          appId      : '{292213061927134}',\n          status     : true,\n\t\t  version:  'v2.7',\n          xfbml      : true\n        });\nFB.Event.subscribe('comment.create', function (response) {grabacom_compa(366089)});\t\nFB.Event.subscribe('comment.remove',  function (response) {grabacom_compa(366089)});\t\nFB.Event.subscribe('edge.create',  function (response) {grabacom_compa(366089)});\nFB.Event.subscribe('edge.remove',  function (response) {grabacom_compa(366089)});\n      };\n(function(d, s, id) {\n  var js, fjs = d.getElementsByTagName(s)[0];\n  if (d.getElementById(id)) return;\n  js = d.createElement(s); js.id = id;\n  js.src = \"\/\/connect.facebook.net\/es_LA\/sdk.js#xfbml=1&version=v2.7&appId=292213061927134\";\n  fjs.parentNode.insertBefore(js, fjs);\n}(document, 'script', 'facebook-jssdk'));\n    <\/script><br \/>\n<br \/><\/p>\n<p><em> &#8221; Fuentes news.google.com &#8221; <\/em><\/p>\n","protected":false},"excerpt":{"rendered":"<p>La Zona Arqueol\u00f3gica de Ek\u00a0Balam, comisar\u00eda de Temoz\u00f3n y la Zona Arqueol\u00f3gica de Tulum, en Quintana Roo, son un importante desfogue para los gu\u00edas y turistas, ante la continuidad de los bloqueos de las v\u00edas hacia la Zona Arqueol\u00f3gica de Chich\u00e9n Itz\u00e1 y comunidades aleda\u00f1as. La situaci\u00f3n oblig\u00f3 a las agencias de viaje y gu\u00edas [&hellip;]<\/p>\n","protected":false},"author":4,"featured_media":459790,"comment_status":"open","ping_status":"closed","sticky":false,"template":"","format":"standard","meta":{"om_disable_all_campaigns":false,"jnews-multi-image_gallery":[],"jnews_single_post":[],"jnews_primary_category":[],"jnews_social_meta":[],"footnotes":""},"categories":[40],"tags":[60631,2504,60630],"class_list":["post-459789","post","type-post","status-publish","format-standard","has-post-thumbnail","hentry","category-industria","tag-bloqueo-en-chichen-itza","tag-yucatan","tag-zona-arqueologica-de-ek-balam"],"_links":{"self":[{"href":"https:\/\/dimensionturistica.com\/es\/wp-json\/wp\/v2\/posts\/459789","targetHints":{"allow":["GET"]}}],"collection":[{"href":"https:\/\/dimensionturistica.com\/es\/wp-json\/wp\/v2\/posts"}],"about":[{"href":"https:\/\/dimensionturistica.com\/es\/wp-json\/wp\/v2\/types\/post"}],"author":[{"embeddable":true,"href":"https:\/\/dimensionturistica.com\/es\/wp-json\/wp\/v2\/users\/4"}],"replies":[{"embeddable":true,"href":"https:\/\/dimensionturistica.com\/es\/wp-json\/wp\/v2\/comments?post=459789"}],"version-history":[{"count":0,"href":"https:\/\/dimensionturistica.com\/es\/wp-json\/wp\/v2\/posts\/459789\/revisions"}],"wp:featuredmedia":[{"embeddable":true,"href":"https:\/\/dimensionturistica.com\/es\/wp-json\/wp\/v2\/media\/459790"}],"wp:attachment":[{"href":"https:\/\/dimensionturistica.com\/es\/wp-json\/wp\/v2\/media?parent=459789"}],"wp:term":[{"taxonomy":"category","embeddable":true,"href":"https:\/\/dimensionturistica.com\/es\/wp-json\/wp\/v2\/categories?post=459789"},{"taxonomy":"post_tag","embeddable":true,"href":"https:\/\/dimensionturistica.com\/es\/wp-json\/wp\/v2\/tags?post=459789"}],"curies":[{"name":"wp","href":"https:\/\/api.w.org\/{rel}","templated":true}]}}