{"id":459634,"date":"2023-01-05T15:04:07","date_gmt":"2023-01-05T15:04:07","guid":{"rendered":"https:\/\/dimensionturistica.com\/es\/?p=459634"},"modified":"2023-01-05T15:04:07","modified_gmt":"2023-01-05T15:04:07","slug":"el-restaurante-alcalde-del-chef-francisco-ruano-celebra-diez-anos-de-exitos-este-2023-ademas-de-ser-considerado-el-mejor-restaurante-de-guadalajara","status":"publish","type":"post","link":"https:\/\/dimensionturistica.com\/es\/el-restaurante-alcalde-del-chef-francisco-ruano-celebra-diez-anos-de-exitos-este-2023-ademas-de-ser-considerado-el-mejor-restaurante-de-guadalajara\/","title":{"rendered":"El restaurante Alcalde, del chef Francisco Ruano, celebra diez a\u00f1os de \u00e9xitos este 2023. Adem\u00e1s de ser considerado el mejor restaurante de Guadalajara"},"content":{"rendered":"<p>Este a\u00f1o que comienza significa el inicio de un nuevo ciclo para el restaurante Alcalde, del chef Francisco<img decoding=\"async\" class=\"size-medium wp-image-459646 alignright\" src=\"https:\/\/dimensionturistica.com\/es\/wp-content\/uploads\/2023\/01\/CHEF2-200x300.jpg\" alt=\"\" width=\"200\" height=\"300\" srcset=\"https:\/\/dimensionturistica.com\/es\/wp-content\/uploads\/2023\/01\/CHEF2-200x300.jpg 200w, https:\/\/dimensionturistica.com\/es\/wp-content\/uploads\/2023\/01\/CHEF2.jpg 600w\" sizes=\"(max-width: 200px) 100vw, 200px\" \/> Ruano en la ciudad de Guadalajara, as\u00ed como una oportunidad para celebrar los primeros 10 a\u00f1os del multipremiado restaurante. Para dar inicio a Ciclorama, iniciativa creada por la agencia Paladar para celebrar el d\u00e9cimo aniversario de Alcalde, el chef Virgilio Mart\u00ednez ser\u00e1 el encargado de dar el silbatazo inicial con una comida y una cena a cuatro manos, en colaboraci\u00f3n con Ruano el d\u00eda 6 de enero en Guadalajara.<br \/>\nPedro Reyes, director creativo de Paladar, agencia de marketing gastron\u00f3mico l\u00edder en Latinoam\u00e9rica y responsable de Ciclorama habl\u00f3 sobre la materializaci\u00f3n de esta iniciativa en su primer episodio: &#8220;Estamos muy contentos de que el chef Francisco Ruano haya confiado en Paladar para crear este ciclo de eventos que tiene como objetivo principal celebrar la vida de un restaurante que nos encanta y que demuestra a\u00f1o tras a\u00f1o que es uno de los grandes de M\u00e9xico. La presencia de Virgilio no hace sino confirmar que la relevancia de Alcalde, a los ojos de los mejores chefs del planeta, es indiscutible\u201d. El restaurante Alcalde se ubica este a\u00f1o en la antesala de la lista The World\u2019s 50 Best Restaurants, en el puesto<img decoding=\"async\" class=\"size-medium wp-image-459645 alignright\" src=\"https:\/\/dimensionturistica.com\/es\/wp-content\/uploads\/2023\/01\/CGRF1-200x300.jpg\" alt=\"\" width=\"200\" height=\"300\" srcset=\"https:\/\/dimensionturistica.com\/es\/wp-content\/uploads\/2023\/01\/CGRF1-200x300.jpg 200w, https:\/\/dimensionturistica.com\/es\/wp-content\/uploads\/2023\/01\/CGRF1.jpg 600w\" sizes=\"(max-width: 200px) 100vw, 200px\" \/> n\u00famero 51. \u201cCreemos que este 2023 ser\u00e1 el a\u00f1o que marque el inicio de un nuevo ciclo de \u00e9xitos para Ruano y Alcalde, ya que est\u00e1 a s\u00f3lo un pasito de convertirse en el tercer restaurante mexicano en posicionarse en la lista mundial de The World\u2019s 50 Best Restaurants, lo cual significar\u00eda un orgullo tremendo para Alcalde, para la ciudad de Guadalajara y, desde luego, para M\u00e9xico y su cocina\u201d, concluye Reyes.<br \/>\nPara los turnos de comida y cena, este 6 de enero, Virgilio y Ruano dise\u00f1ar\u00e1n un men\u00fa a cuatro manos que mostrar\u00e1 lo mejor de las cocinas de cada uno, por una parte con elementos tapat\u00edos que expongan la evoluci\u00f3n del restaurante Alcalde estos 10 a\u00f1os y, por el otro, la t\u00e9cnica e investigaci\u00f3n que han llevado al restaurante Central a los puestos m\u00e1s altos del mundo. Sin duda alguna, una experiencia \u00fanica que los comensales tapat\u00edos no dejar\u00e1n pasar.<br \/>\n<img decoding=\"async\" class=\"size-medium wp-image-459638 alignleft\" src=\"https:\/\/dimensionturistica.com\/es\/wp-content\/uploads\/2023\/01\/12992723_10153941876112419_900498840_n-768x513-1-300x200.jpg\" alt=\"\" width=\"300\" height=\"200\" srcset=\"https:\/\/dimensionturistica.com\/es\/wp-content\/uploads\/2023\/01\/12992723_10153941876112419_900498840_n-768x513-1-300x200.jpg 300w, https:\/\/dimensionturistica.com\/es\/wp-content\/uploads\/2023\/01\/12992723_10153941876112419_900498840_n-768x513-1-750x501.jpg 750w, https:\/\/dimensionturistica.com\/es\/wp-content\/uploads\/2023\/01\/12992723_10153941876112419_900498840_n-768x513-1.jpg 768w\" sizes=\"(max-width: 300px) 100vw, 300px\" \/>Para la creaci\u00f3n de Ciclorama, la agencia Paladar cuenta con la presencia de patrocinadores a la altura de la experiencia. Tequila Reserva de la Familia ser\u00e1 el tequila oficial de Ciclorama, un partner natural en la tierra del tequila. Adem\u00e1s de crear cocteler\u00eda a base de tequila para distintos momentos de la experiencia, Tequila Reserva de la Familia ser\u00e1 el encargado de maridar algunos pasos del men\u00fa dise\u00f1ado por Mart\u00ednez y Ruano.<br \/>\nDel mismo modo, la bodega de vinos RG, originaria de Parras, Coahuila, ser\u00e1 el vino oficial de Ciclorama con presencia en distintos momentos. Para la experiencia entre Virgilio y Ruano, el men\u00fa contar\u00e1 con distintas etiquetas para diferentes pasos, tal es el caso del vino naranja RG, el blanco Sauvignon Blanc y el Cabernet Franc en los tintos. Cada vino de la casa Rivero Gonz\u00e1lez ser\u00e1 elegido entre Ruano y el equipo de sommeliers de Alcalde para cada experiencia en espec\u00edfico.<br \/>\nCiclorama se llevar\u00e1 a cabo durante seis ediciones, de enero a junio de 2023. en la ciudad de Guadalajara, Jalisco.<br \/>\nToda la informaci\u00f3n sobre Ciclorama ser\u00e1 actualizada a trav\u00e9s del instagram del restaurante: @restalcalde<\/p>\n<p>&nbsp;<\/p>\n","protected":false},"excerpt":{"rendered":"<p>Este a\u00f1o que comienza significa el inicio de un nuevo ciclo para el restaurante Alcalde, del chef Francisco Ruano en la ciudad de Guadalajara, as\u00ed como una oportunidad para celebrar los primeros 10 a\u00f1os del multipremiado restaurante. Para dar inicio a Ciclorama, iniciativa creada por la agencia Paladar para celebrar el d\u00e9cimo aniversario de Alcalde, [&hellip;]<\/p>\n","protected":false},"author":1,"featured_media":459639,"comment_status":"open","ping_status":"closed","sticky":false,"template":"","format":"standard","meta":{"om_disable_all_campaigns":false,"jnews-multi-image_gallery":[],"jnews_single_post":{"source_name":"","source_url":"","via_name":"","via_url":"","override_template":"0","override":[{"template":"1","single_blog_custom":"","parallax":"1","fullscreen":"1","layout":"right-sidebar","sidebar":"default-sidebar","second_sidebar":"default-sidebar","sticky_sidebar":"1","share_position":"top","share_float_style":"share-monocrhome","show_share_counter":"1","show_view_counter":"1","show_featured":"1","show_post_meta":"1","show_post_author":"1","show_post_author_image":"1","show_post_date":"1","post_date_format":"default","post_date_format_custom":"Y\/m\/d","show_post_category":"1","show_post_reading_time":"0","post_reading_time_wpm":"300","show_zoom_button":"0","zoom_button_out_step":"2","zoom_button_in_step":"3","show_post_tag":"1","show_prev_next_post":"1","show_popup_post":"1","number_popup_post":"1","show_author_box":"0","show_post_related":"0","show_inline_post_related":"0"}],"override_image_size":"0","image_override":[{"single_post_thumbnail_size":"crop-500","single_post_gallery_size":"crop-500"}],"trending_post":"0","trending_post_position":"meta","trending_post_label":"Trending","sponsored_post":"0","sponsored_post_label":"Sponsored by","sponsored_post_name":"","sponsored_post_url":"","sponsored_post_logo_enable":"0","sponsored_post_logo":"","sponsored_post_desc":"","disable_ad":"0"},"jnews_primary_category":{"id":"","hide":""},"jnews_social_meta":{"fb_title":"","fb_description":"","fb_image":"","twitter_title":"","twitter_description":"","twitter_image":""},"footnotes":""},"categories":[43],"tags":[],"class_list":["post-459634","post","type-post","status-publish","format-standard","has-post-thumbnail","hentry","category-gourmet"],"_links":{"self":[{"href":"https:\/\/dimensionturistica.com\/es\/wp-json\/wp\/v2\/posts\/459634","targetHints":{"allow":["GET"]}}],"collection":[{"href":"https:\/\/dimensionturistica.com\/es\/wp-json\/wp\/v2\/posts"}],"about":[{"href":"https:\/\/dimensionturistica.com\/es\/wp-json\/wp\/v2\/types\/post"}],"author":[{"embeddable":true,"href":"https:\/\/dimensionturistica.com\/es\/wp-json\/wp\/v2\/users\/1"}],"replies":[{"embeddable":true,"href":"https:\/\/dimensionturistica.com\/es\/wp-json\/wp\/v2\/comments?post=459634"}],"version-history":[{"count":0,"href":"https:\/\/dimensionturistica.com\/es\/wp-json\/wp\/v2\/posts\/459634\/revisions"}],"wp:featuredmedia":[{"embeddable":true,"href":"https:\/\/dimensionturistica.com\/es\/wp-json\/wp\/v2\/media\/459639"}],"wp:attachment":[{"href":"https:\/\/dimensionturistica.com\/es\/wp-json\/wp\/v2\/media?parent=459634"}],"wp:term":[{"taxonomy":"category","embeddable":true,"href":"https:\/\/dimensionturistica.com\/es\/wp-json\/wp\/v2\/categories?post=459634"},{"taxonomy":"post_tag","embeddable":true,"href":"https:\/\/dimensionturistica.com\/es\/wp-json\/wp\/v2\/tags?post=459634"}],"curies":[{"name":"wp","href":"https:\/\/api.w.org\/{rel}","templated":true}]}}