{"id":459592,"date":"2023-01-05T14:03:26","date_gmt":"2023-01-05T14:03:26","guid":{"rendered":"https:\/\/dimensionturistica.com\/es\/?p=459592"},"modified":"2023-01-05T14:03:26","modified_gmt":"2023-01-05T14:03:26","slug":"el-caribe-mexicano-reafirmara-su-posicionamiento-como-uno-de-los-destinos-preferidos-para-viajar-en-2023","status":"publish","type":"post","link":"https:\/\/dimensionturistica.com\/es\/el-caribe-mexicano-reafirmara-su-posicionamiento-como-uno-de-los-destinos-preferidos-para-viajar-en-2023\/","title":{"rendered":"El Caribe Mexicano reafirmar\u00e1 su posicionamiento como uno de los destinos preferidos para viajar en 2023"},"content":{"rendered":"<p><img decoding=\"async\" class=\"size-medium wp-image-459611 alignright\" src=\"https:\/\/dimensionturistica.com\/es\/wp-content\/uploads\/2023\/01\/AHQR6-225x300.jpg\" alt=\"\" width=\"225\" height=\"300\" srcset=\"https:\/\/dimensionturistica.com\/es\/wp-content\/uploads\/2023\/01\/AHQR6-225x300.jpg 225w, https:\/\/dimensionturistica.com\/es\/wp-content\/uploads\/2023\/01\/AHQR6.jpg 600w\" sizes=\"(max-width: 225px) 100vw, 225px\" \/>\u00a0La Asociaci\u00f3n de Hoteles de la Riviera Maya (AHRM) calific\u00f3 el 2022 como un a\u00f1o muy bueno en materia tur\u00edstica y consider\u00f3 que hay buenos pron\u00f3sticos para que este 2023 el Caribe Mexicano reafirme su posicionamiento como uno de los destinos preferidos para viajar a nivel mundial.<br \/>\nEn el 2022 se tuvo una reactivaci\u00f3n important\u00edsima del sector y seguimos recibiendo reservas a muy largo plazo, incluso para el verano del 2023, algo que no suced\u00eda desde hace mucho tiempo, lo que nos indica la consolidaci\u00f3n del Caribe Mexicano como un destino atractivo para visitar en los pr\u00f3ximos a\u00f1os\u201d, coment\u00f3 Toni Chaves, Presidente de la AHRM.<br \/>\nDe acuerdo con el organismo hotelero, la Riviera Maya cerr\u00f3 el 2022 con un estimado de un 75.8 por ciento de ocupaci\u00f3n, muy por encima del 52.1 por ciento alcanzado en el 2021. El destino registr\u00f3 un buen cierre del a\u00f1o, con un 82.2 por ciento como promedio de demanda de cuartos en el mes de diciembre, pese a algunas cancelaciones de vuelos por motivo de las fuertes nevadas en EU.<br \/>\nLa AHRM se\u00f1al\u00f3 que el crecimiento tur\u00edstico de la Riviera Maya se demuestra tambi\u00e9n con la llegada de nuevas inversiones y la apertura de 90 hoteles desde el 2019 a la fecha, al pasar de 428 hoteles con 48 mil<img decoding=\"async\" class=\"size-medium wp-image-459608 alignright\" src=\"https:\/\/dimensionturistica.com\/es\/wp-content\/uploads\/2023\/01\/AHQR2-225x300.jpg\" alt=\"\" width=\"225\" height=\"300\" srcset=\"https:\/\/dimensionturistica.com\/es\/wp-content\/uploads\/2023\/01\/AHQR2-225x300.jpg 225w, https:\/\/dimensionturistica.com\/es\/wp-content\/uploads\/2023\/01\/AHQR2.jpg 600w\" sizes=\"(max-width: 225px) 100vw, 225px\" \/> 200 habitaciones operando en ese a\u00f1o hasta alcanzar las 518 propiedades hoteleras, con 55 mil 579 cuartos al cierre del 2022, es decir 7 mil 379 nuevas habitaciones en los pasados tres a\u00f1os.<br \/>\nSi bien reconoci\u00f3 que en el 2022 se logr\u00f3 recuperar en casi un 80 por ciento las tarifas, Toni Chaves asegur\u00f3 que el sector hotelero se ha visto afectado por el incremento en el precio de los insumos diarios y el alza de impuestos, especialmente en agravio de los peque\u00f1os centros de alojamiento que no han logrado recuperar por completo el precio de sus habitaciones.<br \/>\nEl l\u00edder hotelero destac\u00f3 que entre las prioridades del Caribe Mexicano para este a\u00f1o estar\u00e1 el fortalecer la promoci\u00f3n tur\u00edstica bajo la nueva direcci\u00f3n del CPTQ, labor de la cu\u00e1l estar\u00e1n muy atentos debido a lo imprescindible que ser\u00e1 mantener la imagen del destino a nivel mundial luego de la apertura de casi todos los destinos tur\u00edsticos luego del cierre que sufrieron por la pandemia.<br \/>\nAnte una posible crisis financiera que se avecina en Estados Unidos, Toni Chaves se\u00f1al\u00f3 de suma importancia la apertura de nuevos mercados y recuperar algunos que se han perdido, como el latinoamericano, especialmente de Colombia, Brasil, Per\u00fa y Argentina; el asi\u00e1tico, con el gran potencial que representan sus millones de habitantes y de pa\u00edses europeos, como Alemania, Noruega, B\u00e9lgica, Holanda,<img decoding=\"async\" class=\"size-medium wp-image-459610 alignright\" src=\"https:\/\/dimensionturistica.com\/es\/wp-content\/uploads\/2023\/01\/AHQR4-300x225.jpg\" alt=\"\" width=\"300\" height=\"225\" srcset=\"https:\/\/dimensionturistica.com\/es\/wp-content\/uploads\/2023\/01\/AHQR4-300x225.jpg 300w, https:\/\/dimensionturistica.com\/es\/wp-content\/uploads\/2023\/01\/AHQR4.jpg 600w\" sizes=\"(max-width: 300px) 100vw, 300px\" \/> Suiza y Austria, adem\u00e1s del ruso, que debido al actual conflicto b\u00e9lico, suspendi\u00f3 sus 8 vuelos semanales hacia el destino.<br \/>\nEn un par de semanas, en FITUR, veremos el pulso de lo que opinan los mercados europeos sobre el destino. Necesitamos estar muy atentos y hacer una promoci\u00f3n concreta y concisa hacia esos importantes emisores de turistas al Caribe Mexicano\u201d, puntualiz\u00f3.\u201c\u201cEn ese sentido, el Presidente de la AHRM se\u00f1al\u00f3 que solicitaron a la Gobernadora Mara Lezama participar en los diferentes fideicomisos que se crear\u00e1n para verificar el uso de los recursos captados por el alza de impuestos, como el Impuesto al Hospedaje del 3 al 5 %, para que no s\u00f3lo sirvan para pagar la deuda millonaria del estado, sino que se utilicen para temas prioritarios como la promoci\u00f3n tur\u00edstica, mejorar la seguridad, atender graves problemas sociales y ambientales, como es el recale masivo de sargazo, en donde esta agrupaci\u00f3n hotelera es la primera en el Caribe que lidera un proyecto que busca atacar esta problem\u00e1tica con ayuda de instituciones internacionales.<br \/>\nQueremos estar en todos los fideicomisos para vigilar que esos recursos se utilicen en lo que nos prometieron, para poder dar nuestras opiniones y propuestas por el bien del destino\u201d, agreg\u00f3.\u201c\u201cOtro de los retos para este 2023, a\u00f1adi\u00f3 Toni Chaves, ser\u00e1 exigir a las autoridades mejorar la infraestructura vial, como es el acceso a Canc\u00fan, concluir la remodelaci\u00f3n de la zona conocida como El Tr\u00e9bol debido a la gran cantidad de pasajeros que llegan v\u00eda a\u00e9rea, que en el 2022 sumaron 30 millones, terminar de arreglar la carretera 307 por los dos socavones que se formaron hace tres a\u00f1os y concluir las obras inconclusas del<img decoding=\"async\" class=\"size-medium wp-image-459613 alignright\" src=\"https:\/\/dimensionturistica.com\/es\/wp-content\/uploads\/2023\/01\/AHQR9-300x225.jpg\" alt=\"\" width=\"300\" height=\"225\" srcset=\"https:\/\/dimensionturistica.com\/es\/wp-content\/uploads\/2023\/01\/AHQR9-300x225.jpg 300w, https:\/\/dimensionturistica.com\/es\/wp-content\/uploads\/2023\/01\/AHQR9.jpg 600w\" sizes=\"(max-width: 300px) 100vw, 300px\" \/> Tren Maya.<br \/>\nTambi\u00e9n ser\u00e1 necesario poner en orden las rentas vacacionales que afectan no s\u00f3lo al sector hotelero, sino la recaudaci\u00f3n de impuestos al gobierno estatal y los ingresos municipales\u201d, coment\u00f3 el dirigente hotelero al mismo tiempo que consider\u00f3 que otro de los retos ser\u00e1 seguir aplicando protocolos de sanidad para evitar la reactivaci\u00f3n del COVID entre turistas y colaboradores.<br \/>\nA pesar de todos estos desaf\u00edos, el dirigente hotelero reiter\u00f3 que se espera que este sea un buen a\u00f1o para la Riviera Maya y a\u00f1adi\u00f3 que \u201cno porque las proyecciones sean buenas nos echemos a dormir, sino por el contrario es cuando m\u00e1s hay que trabajar e invertir, porque es f\u00e1cil subir, lo dif\u00edcil es mantenerse\u201d.<br \/>\nNo son tiempos de individualismo, protagonismos ni de intereses personales. Todas las asociaciones y c\u00e1maras tenemos algo que decir y que aportar. No hay otra forma de salir adelante que trabajar unidos y de la mano del sector gubernamental\u201d, puntualiz\u00f3 Toni Chaves, quien adelant\u00f3 que en este mismo mes esperan tener lista la conformaci\u00f3n legal del Consejo Hotelero del Caribe Mexicano, que estar\u00e1 integrado por todas las asociaciones hoteleras del estado.<\/p>\n","protected":false},"excerpt":{"rendered":"<p>\u00a0La Asociaci\u00f3n de Hoteles de la Riviera Maya (AHRM) calific\u00f3 el 2022 como un a\u00f1o muy bueno en materia tur\u00edstica y consider\u00f3 que hay buenos pron\u00f3sticos para que este 2023 el Caribe Mexicano reafirme su posicionamiento como uno de los destinos preferidos para viajar a nivel mundial. En el 2022 se tuvo una reactivaci\u00f3n important\u00edsima [&hellip;]<\/p>\n","protected":false},"author":1,"featured_media":459609,"comment_status":"open","ping_status":"closed","sticky":false,"template":"","format":"standard","meta":{"om_disable_all_campaigns":false,"jnews-multi-image_gallery":[],"jnews_single_post":{"source_name":"","source_url":"","via_name":"","via_url":"","override_template":"0","override":[{"template":"1","single_blog_custom":"","parallax":"1","fullscreen":"1","layout":"right-sidebar","sidebar":"default-sidebar","second_sidebar":"default-sidebar","sticky_sidebar":"1","share_position":"top","share_float_style":"share-monocrhome","show_share_counter":"1","show_view_counter":"1","show_featured":"1","show_post_meta":"1","show_post_author":"1","show_post_author_image":"1","show_post_date":"1","post_date_format":"default","post_date_format_custom":"Y\/m\/d","show_post_category":"1","show_post_reading_time":"0","post_reading_time_wpm":"300","show_zoom_button":"0","zoom_button_out_step":"2","zoom_button_in_step":"3","show_post_tag":"1","show_prev_next_post":"1","show_popup_post":"1","number_popup_post":"1","show_author_box":"0","show_post_related":"0","show_inline_post_related":"0"}],"override_image_size":"0","image_override":[{"single_post_thumbnail_size":"crop-500","single_post_gallery_size":"crop-500"}],"trending_post":"0","trending_post_position":"meta","trending_post_label":"Trending","sponsored_post":"0","sponsored_post_label":"Sponsored by","sponsored_post_name":"","sponsored_post_url":"","sponsored_post_logo_enable":"0","sponsored_post_logo":"","sponsored_post_desc":"","disable_ad":"0"},"jnews_primary_category":{"id":"","hide":""},"jnews_social_meta":{"fb_title":"","fb_description":"","fb_image":"","twitter_title":"","twitter_description":"","twitter_image":""},"footnotes":""},"categories":[39],"tags":[],"class_list":["post-459592","post","type-post","status-publish","format-standard","has-post-thumbnail","hentry","category-viajes"],"_links":{"self":[{"href":"https:\/\/dimensionturistica.com\/es\/wp-json\/wp\/v2\/posts\/459592","targetHints":{"allow":["GET"]}}],"collection":[{"href":"https:\/\/dimensionturistica.com\/es\/wp-json\/wp\/v2\/posts"}],"about":[{"href":"https:\/\/dimensionturistica.com\/es\/wp-json\/wp\/v2\/types\/post"}],"author":[{"embeddable":true,"href":"https:\/\/dimensionturistica.com\/es\/wp-json\/wp\/v2\/users\/1"}],"replies":[{"embeddable":true,"href":"https:\/\/dimensionturistica.com\/es\/wp-json\/wp\/v2\/comments?post=459592"}],"version-history":[{"count":0,"href":"https:\/\/dimensionturistica.com\/es\/wp-json\/wp\/v2\/posts\/459592\/revisions"}],"wp:featuredmedia":[{"embeddable":true,"href":"https:\/\/dimensionturistica.com\/es\/wp-json\/wp\/v2\/media\/459609"}],"wp:attachment":[{"href":"https:\/\/dimensionturistica.com\/es\/wp-json\/wp\/v2\/media?parent=459592"}],"wp:term":[{"taxonomy":"category","embeddable":true,"href":"https:\/\/dimensionturistica.com\/es\/wp-json\/wp\/v2\/categories?post=459592"},{"taxonomy":"post_tag","embeddable":true,"href":"https:\/\/dimensionturistica.com\/es\/wp-json\/wp\/v2\/tags?post=459592"}],"curies":[{"name":"wp","href":"https:\/\/api.w.org\/{rel}","templated":true}]}}