{"id":459529,"date":"2023-01-05T12:32:41","date_gmt":"2023-01-05T12:32:41","guid":{"rendered":"https:\/\/dimensionturistica.com\/es\/?p=459529"},"modified":"2023-01-05T12:32:42","modified_gmt":"2023-01-05T12:32:42","slug":"santa-marta-recibira-mas-de-4-500-turistas-a-bordo-de-seis-cruceros-otras-ciudades-colombia","status":"publish","type":"post","link":"https:\/\/dimensionturistica.com\/es\/santa-marta-recibira-mas-de-4-500-turistas-a-bordo-de-seis-cruceros-otras-ciudades-colombia\/","title":{"rendered":"Santa Marta recibir\u00e1 m\u00e1s de 4.500 turistas a bordo de seis cruceros &#8211; Otras Ciudades &#8211; Colombia"},"content":{"rendered":"<p> <br \/>\n<\/p>\n<div itemprop=\"articleBody\">\n<!-- inread - article_add_mudules.html.twig --><\/p>\n<p class=\"contenido\" id=\"p731470-m1683-1682-1684\">Santa Marta inicia el 2023 con buenas noticias para el sector turismo con el arribo de seis nuevos cruceros, entre veleros, yates de lujo y embarcaciones que <b>visitan por primera vez la capital del Magdalena.<\/b><\/p>\n<p>A trav\u00e9s de sus redes sociales, la alcaldesa Virna Johnson inform\u00f3 que la ciudad iniciar\u00e1 este a\u00f1o con la visita de <b>m\u00e1s de 4.500 pasajeros a bordo de 6 cruceros provenientes de Europa y Am\u00e9rica.<\/b><\/p>\n<p>(Adem\u00e1s:<a rel=\"nofollow noopener\" target=\"_blank\" href=\"https:\/\/www.eltiempo.com\/colombia\/otras-ciudades\/furgon-se-volco-cerca-a-tasajera-y-fue-saqueado-por-habitantes-731461\">\u00a0Pese a tragedia, habitantes de Tasajera siguen saqueando camiones)<br \/><\/a><br \/>\u201cCon la dinamizaci\u00f3n del turismo, se fortalece la econom\u00eda y el empleo\u201d, dijo la mandataria distrital.<\/p>\n<h3 class=\"articulo-subtitulo\" id=\"p731470-m1727-2-1728\">M\u00e1s de 4.500 pasajeros a bordo de 6 cruceros provenientes de Europa y Am\u00e9rica<\/h3>\n<div class=\"fotografia\" id=\"p731470-m1733-3-1734\">\n<div class=\"imagen-cuerpo-bk\">\n<figure itemscope=\"\" itemtype=\"https:\/\/schema.org\/ImageObject\" itemprop=\"image\" id=\"m1738-1737-1739\" class=\"foto-galeria-articulo\"><img decoding=\"async\" alt=\"\" src=\"https:\/\/news.google.com\/images\/1x1.png\" style=\" display: inline;\" width=\"652px\" height=\"366px\" data-original=\"\/files\/article_content_new\/uploads\/2018\/11\/15\/5bed7fbcf2534.jpeg\"\/><meta itemprop=\"width\" content=\"652\"\/><meta itemprop=\"height\" content=\"366\"\/><meta itemprop=\"url\" content=\"https:\/\/www.eltiempo.com\/files\/article_content_new\/uploads\/2018\/11\/15\/5bed7fbcf2534.jpeg\"\/><\/figure>\n<\/div>\n<div class=\"figcaption-cuerpo-bk credito-image-bk\"><figcaption class=\"foto-info\">\n<div class=\"credito-apertura-strong-bk credito-image-bk\">\n<strong>Foto:<\/strong><\/p>\n<p id=\"m1751-2-1752\" class=\"autor\">Guillermo Rodr\u00edguez<\/p>\n<\/div>\n<\/figcaption><\/div>\n<\/div>\n<p class=\"contenido\" id=\"p731470-m1759-4-1760\">El primer crucero en arribar en este 2023 ser\u00e1 el MS Amadea, y lo har\u00e1 el pr\u00f3ximo viernes 6 de enero a las 8:00 am con 600 pasajeros a bordo, proveniente de Aruba, en un <b>recorrido transatl\u00e1ntico desde las costas francesas y que finalizar\u00e1 en Costa Rica, tras 23 d\u00edas navegando.<br \/><\/b> <br \/>Posteriormente, <b>el 9 de enero llegar\u00e1 a la bah\u00eda samaria el crucero de lujo Evrima<\/b>, que se encuentra en su temporada inaugural. El 12 de enero lo har\u00e1 el Star Legend; el 20 de enero el MSC Poes\u00eda; el 30 de enero el Star Legend y el 31 de enero el Sirena.<\/p>\n<p>En whole, con el arribo de estas embarcaciones, se proyecta gastos de entre 120 a 150 d\u00f3lares por pasajero, lo que significa una importante inyecci\u00f3n de divisas extranjeras a la ciudad, de acuerdo a las expectativas de las autoridades distritales.<\/p>\n<p>(Tambi\u00e9n:\u00a0\u00a0<a rel=\"nofollow noopener\" target=\"_blank\" href=\"https:\/\/www.eltiempo.com\/colombia\/otras-ciudades\/feria-de-manizales-vehiculo-que-atropello-varias-personas-731439\">Grave accidente en Feria de Manizales: veh\u00edculo atropell\u00f3 a varias personas<\/a>)<\/p>\n<p>Los cruceristas, durante su corta permanecia, en Santa Marta acceden a paquetes tur\u00edsticos, souvenirs, transporte, alimentaci\u00f3n, entre otros servicios, que aumentan los ingresos del sector comercial y gastron\u00f3mico.<\/p>\n<p>Por Roger Urieles<br \/>Para EL TIEMPO Santa Marta<br \/>@rogeruv<\/p>\n<\/div>\n\n<p><em> &#8221; Fuentes news.google.com &#8221; <\/em><\/p>\n","protected":false},"excerpt":{"rendered":"<p>Santa Marta inicia el 2023 con buenas noticias para el sector turismo con el arribo de seis nuevos cruceros, entre veleros, yates de lujo y embarcaciones que visitan por primera vez la capital del Magdalena. A trav\u00e9s de sus redes sociales, la alcaldesa Virna Johnson inform\u00f3 que la ciudad iniciar\u00e1 este a\u00f1o con la visita [&hellip;]<\/p>\n","protected":false},"author":4,"featured_media":459530,"comment_status":"open","ping_status":"closed","sticky":false,"template":"","format":"standard","meta":{"om_disable_all_campaigns":false,"jnews-multi-image_gallery":[],"jnews_single_post":[],"jnews_primary_category":[],"jnews_social_meta":[],"footnotes":""},"categories":[41],"tags":[543,1570,5917,544],"class_list":["post-459529","post","type-post","status-publish","format-standard","has-post-thumbnail","hentry","category-cruceros","tag-cruceros","tag-playas","tag-santa-marta","tag-turismo"],"_links":{"self":[{"href":"https:\/\/dimensionturistica.com\/es\/wp-json\/wp\/v2\/posts\/459529","targetHints":{"allow":["GET"]}}],"collection":[{"href":"https:\/\/dimensionturistica.com\/es\/wp-json\/wp\/v2\/posts"}],"about":[{"href":"https:\/\/dimensionturistica.com\/es\/wp-json\/wp\/v2\/types\/post"}],"author":[{"embeddable":true,"href":"https:\/\/dimensionturistica.com\/es\/wp-json\/wp\/v2\/users\/4"}],"replies":[{"embeddable":true,"href":"https:\/\/dimensionturistica.com\/es\/wp-json\/wp\/v2\/comments?post=459529"}],"version-history":[{"count":0,"href":"https:\/\/dimensionturistica.com\/es\/wp-json\/wp\/v2\/posts\/459529\/revisions"}],"wp:featuredmedia":[{"embeddable":true,"href":"https:\/\/dimensionturistica.com\/es\/wp-json\/wp\/v2\/media\/459530"}],"wp:attachment":[{"href":"https:\/\/dimensionturistica.com\/es\/wp-json\/wp\/v2\/media?parent=459529"}],"wp:term":[{"taxonomy":"category","embeddable":true,"href":"https:\/\/dimensionturistica.com\/es\/wp-json\/wp\/v2\/categories?post=459529"},{"taxonomy":"post_tag","embeddable":true,"href":"https:\/\/dimensionturistica.com\/es\/wp-json\/wp\/v2\/tags?post=459529"}],"curies":[{"name":"wp","href":"https:\/\/api.w.org\/{rel}","templated":true}]}}