{"id":459425,"date":"2023-01-05T08:33:29","date_gmt":"2023-01-05T08:33:29","guid":{"rendered":"https:\/\/dimensionturistica.com\/es\/?p=459425"},"modified":"2023-01-05T08:33:30","modified_gmt":"2023-01-05T08:33:30","slug":"la-recuperacion-turistica-no-llegara-al-menos-hasta-2024","status":"publish","type":"post","link":"https:\/\/dimensionturistica.com\/es\/la-recuperacion-turistica-no-llegara-al-menos-hasta-2024\/","title":{"rendered":"La recuperaci\u00f3n tur\u00edstica no llegar\u00e1, al menos, hasta 2024"},"content":{"rendered":"<p> <br \/>\n<\/p>\n<div id=\"\">\n<p>El duro golpe que asest\u00f3 la Covid-19 a la industria tur\u00edstica nacional todav\u00eda deja huella en el sector y las heridas no han logrado curarse del todo. De hecho, tardar\u00e1n en cicatrizar, hasta el punto de que <strong>el sector augura que \u00abla recuperaci\u00f3n actual en cuanto a llegada de viajeros y rentabilidad econ\u00f3mica no llegar\u00e1 hasta bien entrado el a\u00f1o 2024<\/strong>, e incluso habr\u00e1 segmentos, como el de eventos y negocios, que tardar\u00e1n incluso m\u00e1s tiempo en volver a sus cifras prepandemia\u00bb, avanza a LA RAZ\u00d3N <strong>Carlos Abella<\/strong>, secretario common de la Mesa del Turismo.<\/p>\n<p>Ejemplo de ese ralent\u00ed con el que se ha cerrado el a\u00f1o 2022 es que <a rel=\"nofollow noopener\" target=\"_blank\" href=\"https:\/\/www.larazon.es\/economia\/20230104\/6upcxc5oifgznpymjye5eylz6e.html\">entre enero y noviembre Espa\u00f1a recibi\u00f3 m\u00e1s de 67,4 millones de visitantes internacionales, seg\u00fan confirm\u00f3 ayer el Instituto Nacional de Estad\u00edstica (INE<\/a>), una buena cifra si se compara con el mismo periodo del a\u00f1o anterior, cuando se recibieron 28,2 millones de turistas extranjeros. Sin embargo, si se coteja con la misma etapa de 2019, antes de que el coronavirus paralizase el mundo, <strong>el dato resulta amargo, ya que confirma que Espa\u00f1a ha perdido cerca de 12 millones de viajeros por culpa de la pandemia<\/strong>, pues por aquel entonces se rozaron los 79,4 millones de visitantes entre enero y noviembre.<\/p>\n<aside style=\"max-width:615px;min-width:300px;width:100%;height:462px\" class=\"ad all sunmedia1 bg-placeholder \"\/>\n<p>A pesar de ello, para la ministra de Industria, Comercio y Turismo, <strong>Reyes Maroto<\/strong>,<strong> \u00ab2022 ser\u00e1 recordado como el a\u00f1o de la recuperaci\u00f3n del turismo<\/strong> tras el impacto de la pandemia. Seg\u00fan nuestras previsiones, durante 2022 <strong>los turistas internacionales que habr\u00e1n visitado Espa\u00f1a superar\u00e1n los 71,5 millones y el gasto acumulado alcanzar\u00e1 los 87.100 millones de euros<\/strong>\u00bb. Estas cifras, sin embargo, no logran alcanzar el verdadero renacimiento que ans\u00eda el sector, ya que en todo el acumulado de 2019 Espa\u00f1a recibi\u00f3 la friolera de 83,7 millones de turistas internacionales, su m\u00e1ximo valor de toda la historia, lo que se traduce en la p\u00e9rdida de algo m\u00e1s de 12 millones de visitantes extranjeros.<\/p>\n<p>Aunque el sector tur\u00edstico tambi\u00e9n hace un steadiness positivo del a\u00f1o que acaba de terminar, pone sobre la mesa las innumerables piedras en el camino con las que ha tenido que lidiar en 2022, lo que ha mermado la rentabilidad y, por tanto, ha echado por tierra la anhelada recuperaci\u00f3n. <strong>\u00abHa sido un ejercicio de luces y sombras\u00bb<\/strong>, reconoce Abella, quien explica que \u00abentre lo bueno destaca que <strong>se ha conseguido consolidar la demanda internacional de forma muy r\u00e1pida, confirmando que la imagen de Espa\u00f1a como destino tur\u00edstico de primer nivel no se ha visto afectado por la pandemia<\/strong>\u00bb.<\/p>\n<aside style=\"max-width:300px;min-width:300px;width:100%;height:600px\" class=\"ad all right1 bg-placeholder \"\/>\n<h4 class=\"font--primary body-components__header\">Rentabilidad mermada<\/h4>\n<p>Esa s\u00f3lida, pero t\u00edmida, recuperaci\u00f3n de la llegada de visitantes extranjeros \u00abno est\u00e1 sucediendo a la par de los buenos <strong>resultados econ\u00f3micos de las compa\u00f1\u00edas, que se han visto lastrados por la incertidumbre provocada por la guerra, por el brutal incremento de los costes de suministros y por la fuerte inflaci\u00f3n y el encarecimiento de los precios. <\/strong>Es urgente recuperar cuanto antes esos buenos datos econ\u00f3micos porque venimos de dos a\u00f1os en los que las empresas tur\u00edsticas apenas han facturado, pero s\u00ed se han endeudado much\u00edsimo, por lo que <strong>hay que recuperar la rentabilidad cuanto antes<\/strong> y desde luego eso todav\u00eda no se ha alcanzado en 2022\u00bb, lamenta el secretario common de la Mesa del Turismo.<\/p>\n<p>Las perspectivas para 2023 no son del todo halag\u00fce\u00f1as, aunque el sector mira al futuro con un \u00aboptimismo moderado\u00bb, seg\u00fan avanza Abella, quien reconoce que<strong> \u00abesperamos que este nuevo a\u00f1o se mantenga la recuperaci\u00f3n de las llegadas internacionales<\/strong> de los mercados tradicionales, pero somos conscientes de que <strong>no se volver\u00e1 a hablar de cifras r\u00e9cord de turistas extranjeros hasta, al menos, 2024<\/strong>. De hecho, el impacto de la guerra de Rusia y la explosi\u00f3n de contagios de Covid-19 en China volver\u00e1 a mermar este a\u00f1o tambi\u00e9n la llegada de estos mercados, que aunque no son mayoritarios, s\u00ed son importantes para el steadiness world de nuestro pa\u00eds\u00bb.<\/p>\n<aside style=\"max-width:300px;min-width:300px;width:100%;height:600px\" class=\"ad all right2 bg-placeholder \"\/>\n<p>A esa incertidumbre se suma, adem\u00e1s, el <strong>impacto que tiene la amenaza de disaster econ\u00f3mica, algo que ya se deja sentir en el sector<\/strong>: \u00abVemos que las ganas de viajar se mantienen, pero s\u00ed<strong> estamos notando desde diciembre y en estos primeros d\u00edas de enero una ralentizaci\u00f3n en el ritmo de las reservas<\/strong>, lo que nos hace encender todas las alertas, ya que es una consecuencia de la elevada inflaci\u00f3n que se vive en Europa y el elevado coste de la vida, lo que hace que la gente empiece a retraerse a la hora de viajar. <strong>Esto nos puede penalizar mucho durante este 2023<\/strong>\u00bb, vaticina Abella. Una sensaci\u00f3n que contrasta con los augurios oficiales, ya que Maroto asegur\u00f3 ayer que \u00abla contenci\u00f3n de la inflaci\u00f3n en los \u00faltimos meses y el incremento del gasto y estancia media de los viajeros, nos hace ser optimistas de cara al a\u00f1o 2023\u00bb.<\/p>\n<\/div>\n\n<p><em> &#8221; Fuentes news.google.com &#8221; <\/em><\/p>\n","protected":false},"excerpt":{"rendered":"<p>El duro golpe que asest\u00f3 la Covid-19 a la industria tur\u00edstica nacional todav\u00eda deja huella en el sector y las heridas no han logrado curarse del todo. De hecho, tardar\u00e1n en cicatrizar, hasta el punto de que el sector augura que \u00abla recuperaci\u00f3n actual en cuanto a llegada de viajeros y rentabilidad econ\u00f3mica no llegar\u00e1 [&hellip;]<\/p>\n","protected":false},"author":4,"featured_media":459426,"comment_status":"open","ping_status":"closed","sticky":false,"template":"","format":"standard","meta":{"om_disable_all_campaigns":false,"jnews-multi-image_gallery":[],"jnews_single_post":[],"jnews_primary_category":[],"jnews_social_meta":[],"footnotes":""},"categories":[40],"tags":[715,4849,544],"class_list":["post-459425","post","type-post","status-publish","format-standard","has-post-thumbnail","hentry","category-industria","tag-economia","tag-ine","tag-turismo"],"_links":{"self":[{"href":"https:\/\/dimensionturistica.com\/es\/wp-json\/wp\/v2\/posts\/459425","targetHints":{"allow":["GET"]}}],"collection":[{"href":"https:\/\/dimensionturistica.com\/es\/wp-json\/wp\/v2\/posts"}],"about":[{"href":"https:\/\/dimensionturistica.com\/es\/wp-json\/wp\/v2\/types\/post"}],"author":[{"embeddable":true,"href":"https:\/\/dimensionturistica.com\/es\/wp-json\/wp\/v2\/users\/4"}],"replies":[{"embeddable":true,"href":"https:\/\/dimensionturistica.com\/es\/wp-json\/wp\/v2\/comments?post=459425"}],"version-history":[{"count":0,"href":"https:\/\/dimensionturistica.com\/es\/wp-json\/wp\/v2\/posts\/459425\/revisions"}],"wp:featuredmedia":[{"embeddable":true,"href":"https:\/\/dimensionturistica.com\/es\/wp-json\/wp\/v2\/media\/459426"}],"wp:attachment":[{"href":"https:\/\/dimensionturistica.com\/es\/wp-json\/wp\/v2\/media?parent=459425"}],"wp:term":[{"taxonomy":"category","embeddable":true,"href":"https:\/\/dimensionturistica.com\/es\/wp-json\/wp\/v2\/categories?post=459425"},{"taxonomy":"post_tag","embeddable":true,"href":"https:\/\/dimensionturistica.com\/es\/wp-json\/wp\/v2\/tags?post=459425"}],"curies":[{"name":"wp","href":"https:\/\/api.w.org\/{rel}","templated":true}]}}